{"id":43392,"date":"2025-09-17T05:56:09","date_gmt":"2025-09-17T09:56:09","guid":{"rendered":"https:\/\/noticiasveraces.com\/?p=43392"},"modified":"2025-09-17T05:56:09","modified_gmt":"2025-09-17T09:56:09","slug":"principal-sospechoso-del-caso-madeleine-liberado-en-alemania-dw-17-09-2025","status":"publish","type":"post","link":"https:\/\/noticiasveraces.com\/?p=43392","title":{"rendered":"Principal sospechoso del caso Madeleine liberado en Alemania \u2013 DW \u2013 17\/09\/2025"},"content":{"rendered":"<p> \n<\/p>\n<div data-tracking-name=\"rich-text\" data-tracking-skip=\"true\">\n<p>Christian B., de 48 a\u00f1os, ha cumplido una condena de siete a\u00f1os en la prisi\u00f3n de Sehnde, en el norte de Alemania, por violar a una mujer estadounidense de 72 a\u00f1os en 2005 en la regi\u00f3n del Algarve, en Portugal, precisamente donde Maddie\u00a0desapareci\u00f3. Pero, seg\u00fan los fiscales, no ha sido acusado en el caso de la desaparici\u00f3n de Madeleine McCann debido a la falta de pruebas.<\/p>\n<h2>Individuo \u00abintr\u00ednsecamente peligroso\u00bb<\/h2>\n<p>La desaparici\u00f3n de Maddie\u00a0es uno de los casos m\u00e1s medi\u00e1ticos del mundo, pero la\u00a0falta de pruebas contundentes ha impedido a las autoridades alemanas presentar cargos contra Christian B., quien niega las acusaciones. El fiscal alem\u00e1n Christian Wolters expres\u00f3 su preocupaci\u00f3n en una reciente entrevista por la liberaci\u00f3n de un individuo \u00abintr\u00ednsecamente peligroso\u00bb.<\/p>\n<p>El mi\u00e9rcoles\u00a017 de septiembre de 2025, Christian B.\u00a0fue liberado de su encierro. Sali\u00f3 en el veh\u00edculo de su abogado, acompa\u00f1ado por dos autom\u00f3viles de polic\u00eda. Fuera del centro penitenciario se congregaba un gran grupo de medios de comunicaci\u00f3n que aguardaba su salida. <\/p>\n<p>MS (AFP\/Reuters\/AP)<\/p>\n<\/p>\n<\/div>\n\n","protected":false},"excerpt":{"rendered":"<p>Christian B., de 48 a\u00f1os, ha cumplido una condena de siete a\u00f1os en la prisi\u00f3n de Sehnde, en el norte de Alemania, por violar a una mujer estadounidense de 72 a\u00f1os en 2005 en la regi\u00f3n del Algarve, en Portugal, precisamente donde Maddie\u00a0desapareci\u00f3. Pero, seg\u00fan los fiscales, no ha sido acusado en el caso de &hellip;<\/p>\n","protected":false},"author":1,"featured_media":43393,"comment_status":"open","ping_status":"open","sticky":false,"template":"","format":"standard","meta":{"fifu_image_url":"https:\/\/static.dw.com\/image\/70432634_6.jpg","fifu_image_alt":"","footnotes":""},"categories":[13],"tags":[],"class_list":["post-43392","post","type-post","status-publish","format-standard","has-post-thumbnail","","category-mundo"],"_links":{"self":[{"href":"https:\/\/noticiasveraces.com\/index.php?rest_route=\/wp\/v2\/posts\/43392","targetHints":{"allow":["GET"]}}],"collection":[{"href":"https:\/\/noticiasveraces.com\/index.php?rest_route=\/wp\/v2\/posts"}],"about":[{"href":"https:\/\/noticiasveraces.com\/index.php?rest_route=\/wp\/v2\/types\/post"}],"author":[{"embeddable":true,"href":"https:\/\/noticiasveraces.com\/index.php?rest_route=\/wp\/v2\/users\/1"}],"replies":[{"embeddable":true,"href":"https:\/\/noticiasveraces.com\/index.php?rest_route=%2Fwp%2Fv2%2Fcomments&post=43392"}],"version-history":[{"count":0,"href":"https:\/\/noticiasveraces.com\/index.php?rest_route=\/wp\/v2\/posts\/43392\/revisions"}],"wp:featuredmedia":[{"embeddable":true,"href":"https:\/\/noticiasveraces.com\/index.php?rest_route=\/wp\/v2\/media\/43393"}],"wp:attachment":[{"href":"https:\/\/noticiasveraces.com\/index.php?rest_route=%2Fwp%2Fv2%2Fmedia&parent=43392"}],"wp:term":[{"taxonomy":"category","embeddable":true,"href":"https:\/\/noticiasveraces.com\/index.php?rest_route=%2Fwp%2Fv2%2Fcategories&post=43392"},{"taxonomy":"post_tag","embeddable":true,"href":"https:\/\/noticiasveraces.com\/index.php?rest_route=%2Fwp%2Fv2%2Ftags&post=43392"}],"curies":[{"name":"wp","href":"https:\/\/api.w.org\/{rel}","templated":true}]}}