{"id":43372,"date":"2025-09-17T03:47:22","date_gmt":"2025-09-17T07:47:22","guid":{"rendered":"https:\/\/noticiasveraces.com\/?p=43372"},"modified":"2025-09-17T03:47:22","modified_gmt":"2025-09-17T07:47:22","slug":"el-papa-leo-xiv-dice-que-esta-rezando-por-charlie-kirk-despues-de-su-asesinato","status":"publish","type":"post","link":"https:\/\/noticiasveraces.com\/?p=43372","title":{"rendered":"El Papa Leo XIV dice que est\u00e1 rezando por Charlie Kirk despu\u00e9s de su asesinato"},"content":{"rendered":"<p> \n<\/p>\n<div>\n<div id=\"beyondwords-wrapper\" class=\"beyondwords-wrapper\">\n<p><span class=\"label-bg\">NUEVO<\/span>\u00a1Ahora puedes escuchar art\u00edculos de Fox News!\n  <\/p>\n<\/div>\n<p class=\"speakable\">El Papa Leo XIV le dijo al nuevo embajador de los Estados Unidos en la Santa Sede, Brian Burch, que est\u00e1 rezando por el activista conservador Charlie Kirk, as\u00ed como a su esposa e hijos, luego de su asesinato la semana pasada en Utah, dijo el martes el Vaticano.<\/p>\n<p class=\"speakable\">Leo tambi\u00e9n expres\u00f3 su preocupaci\u00f3n por la violencia pol\u00edtica y abord\u00f3 la necesidad de \u00ababstenerse de la ret\u00f3rica y la explotaci\u00f3n que conducen a la polarizaci\u00f3n en lugar del di\u00e1logo\u00bb, dijo el portavoz del Vaticano Matteo Bruni en un comunicado, seg\u00fan las noticias del Vaticano.<\/p>\n<p>Los comentarios del Papa llegaron el s\u00e1bado, cuando recibi\u00f3 al embajador en una audiencia para recibir sus credenciales, marcando la primera reuni\u00f3n entre los dos.<\/p>\n<p><strong>Ted Cruz dice que el discurso de odio es \u00ababsolutamente\u00bb protegido por la Primera Enmienda despu\u00e9s del asesinato de Charlie Kirk<\/strong><\/p>\n<div class=\"image-ct inline\">\n<div class=\"m\"><picture><source media=\"(max-width: 767px)\" srcset=\"https:\/\/a57.foxnews.com\/static.foxnews.com\/foxnews.com\/content\/uploads\/2025\/09\/343\/192\/pope-leo-speaking.jpg?ve=1&amp;tl=1, https:\/\/a57.foxnews.com\/static.foxnews.com\/foxnews.com\/content\/uploads\/2025\/09\/686\/384\/pope-leo-speaking.jpg?ve=1&amp;tl=1 2x\" height=\"192\" width=\"343\"><source media=\"(min-width: 768px) and (max-width: 1023px)\" srcset=\"https:\/\/a57.foxnews.com\/static.foxnews.com\/foxnews.com\/content\/uploads\/2025\/09\/672\/378\/pope-leo-speaking.jpg?ve=1&amp;tl=1, https:\/\/a57.foxnews.com\/static.foxnews.com\/foxnews.com\/content\/uploads\/2025\/09\/1344\/756\/pope-leo-speaking.jpg?ve=1&amp;tl=1 2x\" height=\"378\" width=\"672\"><source media=\"(min-width: 1024px) and (max-width: 1279px)\" srcset=\"https:\/\/a57.foxnews.com\/static.foxnews.com\/foxnews.com\/content\/uploads\/2025\/09\/931\/523\/pope-leo-speaking.jpg?ve=1&amp;tl=1, https:\/\/a57.foxnews.com\/static.foxnews.com\/foxnews.com\/content\/uploads\/2025\/09\/1862\/1046\/pope-leo-speaking.jpg?ve=1&amp;tl=1 2x\" height=\"523\" width=\"931\"><source media=\"(min-width: 1280px)\" srcset=\"https:\/\/a57.foxnews.com\/static.foxnews.com\/foxnews.com\/content\/uploads\/2025\/09\/720\/405\/pope-leo-speaking.jpg?ve=1&amp;tl=1, https:\/\/a57.foxnews.com\/static.foxnews.com\/foxnews.com\/content\/uploads\/2025\/09\/1440\/810\/pope-leo-speaking.jpg?ve=1&amp;tl=1 2x\" height=\"405\" width=\"720\"><img loading=\"lazy\" decoding=\"async\" src=\"https:\/\/a57.foxnews.com\/static.foxnews.com\/foxnews.com\/content\/uploads\/2025\/09\/1200\/675\/pope-leo-speaking.jpg?ve=1&amp;tl=1\" alt=\"Pope-LEO-FLUGA\" width=\"1200\" height=\"675\"\/><\/source><\/source><\/source><\/source><\/picture><\/div>\n<div class=\"info\">\n<div class=\"caption\">\n<p><span>El Papa Leo XIV expres\u00f3 su preocupaci\u00f3n por la violencia pol\u00edtica y abord\u00f3 la necesidad de \u00ababstenerse de la ret\u00f3rica y la explotaci\u00f3n que conducen a la polarizaci\u00f3n en lugar del di\u00e1logo\u00bb.<\/span> <span>(Riccardo de Luca\/Anadolu a trav\u00e9s de Getty Images)<\/span><\/p>\n<\/div>\n<\/div>\n<\/div>\n<p>\u00abEl Papa confirm\u00f3 que est\u00e1 rezando por Charlie Kirk\u00bb, dijo Bruni.<\/p>\n<p>Kirk, cofundador de 31 a\u00f1os de Turning Point USA, fue <u>disparado y asesinado<\/u> Durante un evento en el campus de la Universidad del Valle de Utah en Orem el 10 de septiembre. Fue transportado a un hospital en estado cr\u00edtico antes de ser declarado muerto.<\/p>\n<p>El presunto pistolero fue identificado como Tyler Robinson, de 22 a\u00f1os, cuya familia lo persuadi\u00f3 para que se entregara despu\u00e9s de una cacer\u00eda humana de dos d\u00edas. Robinson ha sido acusado de asesinato agravado en relaci\u00f3n con el asesinato de Kirk.<\/p>\n<p><strong>London Pub dedica espacio a Charlie Kirk despu\u00e9s de la muerte tr\u00e1gica, invita a los clientes a celebrar la libertad de expresi\u00f3n<\/strong><\/p>\n<div class=\"image-ct inline\">\n<div class=\"m\"><picture><source media=\"(max-width: 767px)\" srcset=\"https:\/\/a57.foxnews.com\/static.foxnews.com\/foxnews.com\/content\/uploads\/2025\/09\/343\/192\/pope-leo-prays-charlie-kirk-assassination-fox-news-001.png?ve=1&amp;tl=1, https:\/\/a57.foxnews.com\/static.foxnews.com\/foxnews.com\/content\/uploads\/2025\/09\/686\/384\/pope-leo-prays-charlie-kirk-assassination-fox-news-001.png?ve=1&amp;tl=1 2x\" height=\"192\" width=\"343\"><source media=\"(min-width: 768px) and (max-width: 1023px)\" srcset=\"https:\/\/a57.foxnews.com\/static.foxnews.com\/foxnews.com\/content\/uploads\/2025\/09\/672\/378\/pope-leo-prays-charlie-kirk-assassination-fox-news-001.png?ve=1&amp;tl=1, https:\/\/a57.foxnews.com\/static.foxnews.com\/foxnews.com\/content\/uploads\/2025\/09\/1344\/756\/pope-leo-prays-charlie-kirk-assassination-fox-news-001.png?ve=1&amp;tl=1 2x\" height=\"378\" width=\"672\"><source media=\"(min-width: 1024px) and (max-width: 1279px)\" srcset=\"https:\/\/a57.foxnews.com\/static.foxnews.com\/foxnews.com\/content\/uploads\/2025\/09\/931\/523\/pope-leo-prays-charlie-kirk-assassination-fox-news-001.png?ve=1&amp;tl=1, https:\/\/a57.foxnews.com\/static.foxnews.com\/foxnews.com\/content\/uploads\/2025\/09\/1862\/1046\/pope-leo-prays-charlie-kirk-assassination-fox-news-001.png?ve=1&amp;tl=1 2x\" height=\"523\" width=\"931\"><source media=\"(min-width: 1280px)\" srcset=\"https:\/\/a57.foxnews.com\/static.foxnews.com\/foxnews.com\/content\/uploads\/2025\/09\/720\/405\/pope-leo-prays-charlie-kirk-assassination-fox-news-001.png?ve=1&amp;tl=1, https:\/\/a57.foxnews.com\/static.foxnews.com\/foxnews.com\/content\/uploads\/2025\/09\/1440\/810\/pope-leo-prays-charlie-kirk-assassination-fox-news-001.png?ve=1&amp;tl=1 2x\" height=\"405\" width=\"720\"><img loading=\"lazy\" decoding=\"async\" src=\"https:\/\/a57.foxnews.com\/static.foxnews.com\/foxnews.com\/content\/uploads\/2025\/09\/1200\/675\/pope-leo-prays-charlie-kirk-assassination-fox-news-001.png?ve=1&amp;tl=1\" alt=\"Papa Leo XIV y el nuevo embajador de los Estados Unidos en la Santa Sede, Brian Burch\" width=\"1200\" height=\"675\"\/><\/source><\/source><\/source><\/source><\/picture><\/div>\n<div class=\"info\">\n<div class=\"caption\">\n<p><span>El Papa Leo XIV le dijo al nuevo embajador de los Estados Unidos en la Santa Sede, Brian Burch, que est\u00e1 rezando por el activista conservador Charlie Kirk.<\/span> <span>(Getty Images)<\/span><\/p>\n<\/div>\n<\/div>\n<\/div>\n<p>El pont\u00edfice tambi\u00e9n hab\u00eda enviado un mensaje de telegrama que ofrec\u00eda condolencias el mes pasado despu\u00e9s de un tiroteo en la Iglesia Cat\u00f3lica Annunciaci\u00f3n en Minnesota, dejando a dos hijos muertos y otros 18 heridos, incluidos m\u00e1s de una docena de ni\u00f1os de la escuela.<\/p>\n<p>Sin embargo, el Papa no envi\u00f3 un telegrama sobre el asesinato de Kirk.<\/p>\n<div class=\"image-ct inline\">\n<div class=\"m\"><picture><source media=\"(max-width: 767px)\" srcset=\"https:\/\/a57.foxnews.com\/static.foxnews.com\/foxnews.com\/content\/uploads\/2025\/09\/343\/192\/charlie-kirk-death-vigils-us-fox-news-001.png?ve=1&amp;tl=1, https:\/\/a57.foxnews.com\/static.foxnews.com\/foxnews.com\/content\/uploads\/2025\/09\/686\/384\/charlie-kirk-death-vigils-us-fox-news-001.png?ve=1&amp;tl=1 2x\" height=\"192\" width=\"343\"><source media=\"(min-width: 768px) and (max-width: 1023px)\" srcset=\"https:\/\/a57.foxnews.com\/static.foxnews.com\/foxnews.com\/content\/uploads\/2025\/09\/672\/378\/charlie-kirk-death-vigils-us-fox-news-001.png?ve=1&amp;tl=1, https:\/\/a57.foxnews.com\/static.foxnews.com\/foxnews.com\/content\/uploads\/2025\/09\/1344\/756\/charlie-kirk-death-vigils-us-fox-news-001.png?ve=1&amp;tl=1 2x\" height=\"378\" width=\"672\"><source media=\"(min-width: 1024px) and (max-width: 1279px)\" srcset=\"https:\/\/a57.foxnews.com\/static.foxnews.com\/foxnews.com\/content\/uploads\/2025\/09\/931\/523\/charlie-kirk-death-vigils-us-fox-news-001.png?ve=1&amp;tl=1, https:\/\/a57.foxnews.com\/static.foxnews.com\/foxnews.com\/content\/uploads\/2025\/09\/1862\/1046\/charlie-kirk-death-vigils-us-fox-news-001.png?ve=1&amp;tl=1 2x\" height=\"523\" width=\"931\"><source media=\"(min-width: 1280px)\" srcset=\"https:\/\/a57.foxnews.com\/static.foxnews.com\/foxnews.com\/content\/uploads\/2025\/09\/720\/405\/charlie-kirk-death-vigils-us-fox-news-001.png?ve=1&amp;tl=1, https:\/\/a57.foxnews.com\/static.foxnews.com\/foxnews.com\/content\/uploads\/2025\/09\/1440\/810\/charlie-kirk-death-vigils-us-fox-news-001.png?ve=1&amp;tl=1 2x\" height=\"405\" width=\"720\"><img loading=\"lazy\" decoding=\"async\" src=\"https:\/\/a57.foxnews.com\/static.foxnews.com\/foxnews.com\/content\/uploads\/2025\/09\/1200\/675\/charlie-kirk-death-vigils-us-fox-news-001.png?ve=1&amp;tl=1\" alt=\"Charlie Kirk habla antes de que le disparen\" width=\"1200\" height=\"675\"\/><\/source><\/source><\/source><\/source><\/picture><\/div>\n<div class=\"info\">\n<div class=\"caption\">\n<p><span>Charlie Kirk habla antes de que le disparen durante la visita de Turning Point a la Universidad del Valle de Utah en Orem, Utah.<\/span> <span>(AP)<\/span><\/p>\n<\/div>\n<\/div>\n<\/div>\n<p><strong><u>Haga clic aqu\u00ed para obtener la aplicaci\u00f3n Fox News<\/u><\/strong><\/p>\n<p>Burch organiz\u00f3 una recepci\u00f3n diplom\u00e1tica de bienvenida el lunes, diciendo que era un \u00abmomento notable para estar en Roma\u00bb, con el primer papa estadounidense.<\/p>\n<p>El embajador habl\u00f3 sobre su audiencia papal, se\u00f1alando a los embajadores, cardenales e invitados reunidos que el pont\u00edfice \u00abme record\u00f3 que no es un papa estadounidense. Es un Papa de Am\u00e9rica para el mundo\u00bb.<\/p>\n<p><i>Associated Press contribuy\u00f3 a este informe.<\/i><\/p>\n<p> <!----> <\/div>\n\n","protected":false},"excerpt":{"rendered":"<p>NUEVO\u00a1Ahora puedes escuchar art\u00edculos de Fox News! El Papa Leo XIV le dijo al nuevo embajador de los Estados Unidos en la Santa Sede, Brian Burch, que est\u00e1 rezando por el activista conservador Charlie Kirk, as\u00ed como a su esposa e hijos, luego de su asesinato la semana pasada en Utah, dijo el martes el &hellip;<\/p>\n","protected":false},"author":1,"featured_media":43374,"comment_status":"open","ping_status":"open","sticky":false,"template":"","format":"standard","meta":{"fifu_image_url":"https:\/\/static.foxnews.com\/foxnews.com\/content\/uploads\/2025\/09\/pope-leo-speaking.jpg","fifu_image_alt":"","footnotes":""},"categories":[13],"tags":[],"class_list":["post-43372","post","type-post","status-publish","format-standard","has-post-thumbnail","","category-mundo"],"_links":{"self":[{"href":"https:\/\/noticiasveraces.com\/index.php?rest_route=\/wp\/v2\/posts\/43372","targetHints":{"allow":["GET"]}}],"collection":[{"href":"https:\/\/noticiasveraces.com\/index.php?rest_route=\/wp\/v2\/posts"}],"about":[{"href":"https:\/\/noticiasveraces.com\/index.php?rest_route=\/wp\/v2\/types\/post"}],"author":[{"embeddable":true,"href":"https:\/\/noticiasveraces.com\/index.php?rest_route=\/wp\/v2\/users\/1"}],"replies":[{"embeddable":true,"href":"https:\/\/noticiasveraces.com\/index.php?rest_route=%2Fwp%2Fv2%2Fcomments&post=43372"}],"version-history":[{"count":0,"href":"https:\/\/noticiasveraces.com\/index.php?rest_route=\/wp\/v2\/posts\/43372\/revisions"}],"wp:featuredmedia":[{"embeddable":true,"href":"https:\/\/noticiasveraces.com\/index.php?rest_route=\/wp\/v2\/media\/43374"}],"wp:attachment":[{"href":"https:\/\/noticiasveraces.com\/index.php?rest_route=%2Fwp%2Fv2%2Fmedia&parent=43372"}],"wp:term":[{"taxonomy":"category","embeddable":true,"href":"https:\/\/noticiasveraces.com\/index.php?rest_route=%2Fwp%2Fv2%2Fcategories&post=43372"},{"taxonomy":"post_tag","embeddable":true,"href":"https:\/\/noticiasveraces.com\/index.php?rest_route=%2Fwp%2Fv2%2Ftags&post=43372"}],"curies":[{"name":"wp","href":"https:\/\/api.w.org\/{rel}","templated":true}]}}