{"id":43368,"date":"2025-09-17T01:39:45","date_gmt":"2025-09-17T05:39:45","guid":{"rendered":"https:\/\/noticiasveraces.com\/?p=43368"},"modified":"2025-09-17T01:39:45","modified_gmt":"2025-09-17T05:39:45","slug":"proyectan-fotos-de-trump-y-epstein-en-castillo-de-windsor-dw-17-09-2025","status":"publish","type":"post","link":"https:\/\/noticiasveraces.com\/?p=43368","title":{"rendered":"Proyectan fotos de Trump y Epstein en castillo de Windsor \u2013 DW \u2013 17\/09\/2025"},"content":{"rendered":"<p> \n<\/p>\n<div data-tracking-name=\"rich-text\" data-tracking-skip=\"true\">\n<p>Activistas proyectaron la noche del martes (16.09.2025) im\u00e1genes de Donald Trump y del criminal sexual Jeffrey Epstein sobre una torre del castillo de Windsor, donde el presidente estadounidense ser\u00e1 recibido por los reyes este mi\u00e9rcoles en su visita de Estado a Reino Unido, seg\u00fan im\u00e1genes de AFPTV.<\/p>\n<p>La polic\u00eda local anunci\u00f3 en un comunicado el arresto de cuatro personas sospechosas de \u00abcomunicaciones maliciosas\u00bb tras el incidente.<\/p>\n<p>El grupo brit\u00e1nico \u00abLed by Donkeys\u00bb (\u00abDirigidos por burros\u00bb, en espa\u00f1ol), que exige responsabilidades a los pol\u00edticos con campa\u00f1as a menudo humor\u00edsticas, logr\u00f3 difundir durante varios minutos un montaje de video sobre una de las torres de la residencia real, situada al oeste de Londres.<\/p>\n<p>Entre las im\u00e1genes proyectadas estuvo la foto policial tomada a Trump durante uno de sus procesos judiciales y retratos de Epstein, fallecido en prisi\u00f3n en 2019 antes de su juicio por explotaci\u00f3n sexual. Tambi\u00e9n una imagen de ambos hombres bailando juntos y recortes de peri\u00f3dicos.<\/p>\n<p><span data-slot-id=\"Article_InContent-1\" class=\"rich-text-ad\"\/><\/p>\n<h2>Cuatro arrestados y proyecci\u00f3n interrumpida<\/h2>\n<p>\u00abNos tomamos muy en serio cualquier actividad no autorizada en los alrededores del castillo de Windsor\u00bb, dijo Felicity Parker, responsable de la polic\u00eda del valle del T\u00e1mesis citada en el comunicado.<\/p>\n<p>A\u00f1adi\u00f3 que los agentes \u00abr\u00e1pidamente detuvieron la proyecci\u00f3n\u00bb antes de arrestar a los cuatro sospechosos.<\/p>\n<p>El caso Epstein lleva semanas empa\u00f1ando la presidencia de Trump. El dirigente republicano fue durante mucho tiempo amigo \u00edntimo del financiero, antes de romper con \u00e9l.<\/p>\n<figure class=\"placeholder-image master_landscape big\"><img data-format=\"MASTER_LANDSCAPE\" data-id=\"74021277\" data-url=\"https:\/\/static.dw.com\/image\/74021277_${formatId}.jpg\" data-aspect-ratio=\"16\/9\" alt=\"El presidente de Estados Unidos Donald Trump y la primera dama Melania Trump a su llegada al aeropuerto de Stansted tras descender del Air Force One, el avi\u00f3n presidencial estadounidense. (16.09.2025)\" style=\"padding-bottom: 56.25%; height: 0; max-height: 0;\"\/><figcaption class=\"img-caption\">El presidente de Estados Unidos Donald Trump y la primera dama Melania Trump a su llegada al aeropuerto de Stansted, cerca de Londres. (16.09.2025)<small class=\"copyright\">Imagen: Evan Vucci\/AP Photo\/Picture Alliance<\/small><\/figcaption><\/figure>\n<h2>Protestas y agasajo real<\/h2>\n<p>El tema tambi\u00e9n estuvo presente esta semana en la agenda del primer ministro brit\u00e1nico, Keir Starmer, quien destituy\u00f3 a su embajador en Washington, Peter Mandelson, tras revelarse los estrechos v\u00ednculos que este manten\u00eda con el criminal.<\/p>\n<p> Decenas de manifestantes anti-Trump se congregaron en Windsor la tarde del martes para protestar contra la presencia del presidente estadounidense.<\/p>\n<p>Este mi\u00e9rcoles, Trump y su esposa Melania ser\u00e1n agasajados en Windsor por los pr\u00edncipes de Gales, Guillermo y Catalina, y los reyes, Carlos III<span id=\"ck_editor_caret_marker\" style=\"display:none\"\/> y Camila.<\/p>\n<p>Miles de personas tienen previsto protestar en Londres durante la jornada contra la visita de Estado, la segunda que realiza Trump en Reino Unido.<\/p>\n<p>Trump aterriz\u00f3 la noche del martes, a las 21H07 locales (22:07 CET) en el aeropuerto londinense de Stansted, donde fue recibido por la ministra brit\u00e1nica de Relaciones Exteriores, Yvette Cooper.<\/p>\n<p>JC (AFP, Reuters, AP)<\/p>\n<\/p>\n<\/div>\n\n","protected":false},"excerpt":{"rendered":"<p>Activistas proyectaron la noche del martes (16.09.2025) im\u00e1genes de Donald Trump y del criminal sexual Jeffrey Epstein sobre una torre del castillo de Windsor, donde el presidente estadounidense ser\u00e1 recibido por los reyes este mi\u00e9rcoles en su visita de Estado a Reino Unido, seg\u00fan im\u00e1genes de AFPTV. La polic\u00eda local anunci\u00f3 en un comunicado el &hellip;<\/p>\n","protected":false},"author":1,"featured_media":43369,"comment_status":"open","ping_status":"open","sticky":false,"template":"","format":"standard","meta":{"fifu_image_url":"https:\/\/static.dw.com\/image\/74021317_6.jpg","fifu_image_alt":"","footnotes":""},"categories":[13],"tags":[],"class_list":["post-43368","post","type-post","status-publish","format-standard","has-post-thumbnail","","category-mundo"],"_links":{"self":[{"href":"https:\/\/noticiasveraces.com\/index.php?rest_route=\/wp\/v2\/posts\/43368","targetHints":{"allow":["GET"]}}],"collection":[{"href":"https:\/\/noticiasveraces.com\/index.php?rest_route=\/wp\/v2\/posts"}],"about":[{"href":"https:\/\/noticiasveraces.com\/index.php?rest_route=\/wp\/v2\/types\/post"}],"author":[{"embeddable":true,"href":"https:\/\/noticiasveraces.com\/index.php?rest_route=\/wp\/v2\/users\/1"}],"replies":[{"embeddable":true,"href":"https:\/\/noticiasveraces.com\/index.php?rest_route=%2Fwp%2Fv2%2Fcomments&post=43368"}],"version-history":[{"count":0,"href":"https:\/\/noticiasveraces.com\/index.php?rest_route=\/wp\/v2\/posts\/43368\/revisions"}],"wp:featuredmedia":[{"embeddable":true,"href":"https:\/\/noticiasveraces.com\/index.php?rest_route=\/wp\/v2\/media\/43369"}],"wp:attachment":[{"href":"https:\/\/noticiasveraces.com\/index.php?rest_route=%2Fwp%2Fv2%2Fmedia&parent=43368"}],"wp:term":[{"taxonomy":"category","embeddable":true,"href":"https:\/\/noticiasveraces.com\/index.php?rest_route=%2Fwp%2Fv2%2Fcategories&post=43368"},{"taxonomy":"post_tag","embeddable":true,"href":"https:\/\/noticiasveraces.com\/index.php?rest_route=%2Fwp%2Fv2%2Ftags&post=43368"}],"curies":[{"name":"wp","href":"https:\/\/api.w.org\/{rel}","templated":true}]}}