{"id":43324,"date":"2025-09-16T17:40:22","date_gmt":"2025-09-16T21:40:22","guid":{"rendered":"https:\/\/noticiasveraces.com\/?p=43324"},"modified":"2025-09-16T17:40:22","modified_gmt":"2025-09-16T21:40:22","slug":"la-otan-enfrenta-presion-para-ucrania-sin-volar-la-zona-mientras-trump-busca-un-acuerdo-de-paz","status":"publish","type":"post","link":"https:\/\/noticiasveraces.com\/?p=43324","title":{"rendered":"La OTAN enfrenta presi\u00f3n para Ucrania sin volar la zona mientras Trump busca un acuerdo de paz"},"content":{"rendered":"<p> \n<\/p>\n<div>\n<div class=\"featured featured-video video-ct\" data-v-324c3b57=\"\"><!----> <\/p>\n<div class=\"contain\" data-v-324c3b57=\"\">  <!----> <\/p>\n<div class=\"info\" data-v-324c3b57=\"\">\n<div class=\"caption\" data-v-324c3b57=\"\">\n<h4 class=\"title\" data-v-324c3b57=\"\">Trump y Zelenskyy podr\u00edan reunirse en unga<\/h4>\n<p data-v-324c3b57=\"\">El secretario de Estado, Marco Rubio, dijo que el presidente Donald Trump y el presidente ucraniano Volodymyr Zelenskyy podr\u00edan reunirse la pr\u00f3xima semana durante la Asamblea General de la ONU.<\/p>\n<\/div>\n<\/div>\n<\/div>\n<\/div>\n<div id=\"beyondwords-wrapper\" class=\"beyondwords-wrapper\">\n<p><span class=\"label-bg\">NUEVO<\/span>\u00a1Ahora puedes escuchar art\u00edculos de Fox News!\n  <\/p>\n<\/div>\n<p class=\"speakable\">El secretario de Estado, Marco Rubio, dijo el martes, el presidente Donald Trump y el presidente ucraniano Volodymyr Zelenskyy podr\u00edan reunirse la pr\u00f3xima semana al margen de la Asamblea General de la ONU en la ciudad de Nueva York.<\/p>\n<p class=\"speakable\">La reuni\u00f3n se produce cuando la OTAN est\u00e1 viendo una presi\u00f3n creciente para contrarrestar m\u00e1s agresivamente a Rusia al hacer cumplir una zona de exclusi\u00f3n a\u00e9rea sobre Ucrania, ya que Polonia busca evitar que m\u00e1s drones rusos entren en su espacio a\u00e9reo. <\/p>\n<p>\u00abPresidente Trump [has had] M\u00faltiples llamadas con Putin, m\u00faltiples reuniones con Zelenskyy, incluida probablemente la pr\u00f3xima semana nuevamente en Nueva York \u00ab, dijo Rubio a periodistas de Israel momentos antes de partir hacia Qatar.\u00bb Est\u00e1 tratando de hacer todo lo posible para traer para traer [the war] hasta su fin \u00ab. <\/p>\n<div class=\"image-ct inline\">\n<div class=\"m\"><picture><source media=\"(max-width: 767px)\" srcset=\"https:\/\/a57.foxnews.com\/static.foxnews.com\/foxnews.com\/content\/uploads\/2025\/08\/343\/192\/president-trump-volodomyr-zelenskyy-oval-office.jpg?ve=1&amp;tl=1, https:\/\/a57.foxnews.com\/static.foxnews.com\/foxnews.com\/content\/uploads\/2025\/08\/686\/384\/president-trump-volodomyr-zelenskyy-oval-office.jpg?ve=1&amp;tl=1 2x\" height=\"192\" width=\"343\"><source media=\"(min-width: 768px) and (max-width: 1023px)\" srcset=\"https:\/\/a57.foxnews.com\/static.foxnews.com\/foxnews.com\/content\/uploads\/2025\/08\/672\/378\/president-trump-volodomyr-zelenskyy-oval-office.jpg?ve=1&amp;tl=1, https:\/\/a57.foxnews.com\/static.foxnews.com\/foxnews.com\/content\/uploads\/2025\/08\/1344\/756\/president-trump-volodomyr-zelenskyy-oval-office.jpg?ve=1&amp;tl=1 2x\" height=\"378\" width=\"672\"><source media=\"(min-width: 1024px) and (max-width: 1279px)\" srcset=\"https:\/\/a57.foxnews.com\/static.foxnews.com\/foxnews.com\/content\/uploads\/2025\/08\/931\/523\/president-trump-volodomyr-zelenskyy-oval-office.jpg?ve=1&amp;tl=1, https:\/\/a57.foxnews.com\/static.foxnews.com\/foxnews.com\/content\/uploads\/2025\/08\/1862\/1046\/president-trump-volodomyr-zelenskyy-oval-office.jpg?ve=1&amp;tl=1 2x\" height=\"523\" width=\"931\"><source media=\"(min-width: 1280px)\" srcset=\"https:\/\/a57.foxnews.com\/static.foxnews.com\/foxnews.com\/content\/uploads\/2025\/08\/720\/405\/president-trump-volodomyr-zelenskyy-oval-office.jpg?ve=1&amp;tl=1, https:\/\/a57.foxnews.com\/static.foxnews.com\/foxnews.com\/content\/uploads\/2025\/08\/1440\/810\/president-trump-volodomyr-zelenskyy-oval-office.jpg?ve=1&amp;tl=1 2x\" height=\"405\" width=\"720\"><img loading=\"lazy\" decoding=\"async\" src=\"https:\/\/a57.foxnews.com\/static.foxnews.com\/foxnews.com\/content\/uploads\/2025\/08\/1200\/675\/president-trump-volodomyr-zelenskyy-oval-office.jpg?ve=1&amp;tl=1\" alt=\"El presidente ucraniano Volodymyr Zelenskyy se re\u00fane con Trump en la Oficina Oval el 18 de agosto de 2025.\" width=\"1200\" height=\"675\"\/><\/source><\/source><\/source><\/source><\/picture><\/div>\n<div class=\"info\">\n<div class=\"caption\">\n<p><span>El presidente Volodymyr Zelenskyy (L) se re\u00fane con el presidente de los Estados Unidos, Donald Trump, en Washington DC, Estados Unidos, el 19 de agosto de 2025. <\/span> <span>(Presidencia ucraniana \/ folleto \/ Anadolu a trav\u00e9s de Getty Images)<\/span><\/p>\n<\/div>\n<\/div>\n<\/div>\n<p><strong>Trump dice que se est\u00e1 quedando sin paciencia con Putin &#8216;Fast&#8217; sobre las negociaciones de conflictos de Ucrania<\/strong><\/p>\n<p>\u00abHemos estado trabajando estrechamente con nuestros socios en Europa en garant\u00edas de seguridad, porque eso ser\u00e1 necesario en cualquier acuerdo negociado\u00bb, agreg\u00f3. \u00abY \u00e9l seguir\u00e1 intent\u00e1ndolo. Si la paz es posible, quiere lograrlo\u00bb.<\/p>\n<p>El ministro de Relaciones Exteriores de Polonia, Radoslaw Sikorski, pidi\u00f3 el lunes a los aliados de la OTAN para hacer cumplir una zona de exclusi\u00f3n a\u00e9rea sobre Ucrania para proteger mejor no solo a los ucranianos de los constantes bombardeos a\u00e9reos de Rusia, sino a los aliados vecinos de la OTAN que comparten fronteras con la naci\u00f3n devastada por la guerra.  <\/p>\n<p>\u00abNosotros, como OTAN y la UE, podr\u00edamos ser capaces de hacer esto, pero no es una decisi\u00f3n que Polonia pueda tomar solo\u00bb, dijo Sikorski al peri\u00f3dico alem\u00e1n Frankfurter Allgemeine. \u00abSolo se puede hacer con sus aliados\u00bb.<\/p>\n<p>Es poco probable que la medida sea aprobada por la OTAN, que previamente se ha negado a hacer cumplir una zona de exclusi\u00f3n a\u00e9rea despu\u00e9s de que Estados Unidos, bajo el presidente Joe Biden, rechaz\u00f3 la solicitud hecha por primera vez por Zelenskyy en 2022.<\/p>\n<div class=\"image-ct inline\">\n<div class=\"m\"><picture><source media=\"(max-width: 767px)\" srcset=\"https:\/\/a57.foxnews.com\/static.foxnews.com\/foxnews.com\/content\/uploads\/2025\/09\/343\/192\/poland-drone-airspace.jpg?ve=1&amp;tl=1, https:\/\/a57.foxnews.com\/static.foxnews.com\/foxnews.com\/content\/uploads\/2025\/09\/686\/384\/poland-drone-airspace.jpg?ve=1&amp;tl=1 2x\" height=\"192\" width=\"343\"><source media=\"(min-width: 768px) and (max-width: 1023px)\" srcset=\"https:\/\/a57.foxnews.com\/static.foxnews.com\/foxnews.com\/content\/uploads\/2025\/09\/672\/378\/poland-drone-airspace.jpg?ve=1&amp;tl=1, https:\/\/a57.foxnews.com\/static.foxnews.com\/foxnews.com\/content\/uploads\/2025\/09\/1344\/756\/poland-drone-airspace.jpg?ve=1&amp;tl=1 2x\" height=\"378\" width=\"672\"><source media=\"(min-width: 1024px) and (max-width: 1279px)\" srcset=\"https:\/\/a57.foxnews.com\/static.foxnews.com\/foxnews.com\/content\/uploads\/2025\/09\/931\/523\/poland-drone-airspace.jpg?ve=1&amp;tl=1, https:\/\/a57.foxnews.com\/static.foxnews.com\/foxnews.com\/content\/uploads\/2025\/09\/1862\/1046\/poland-drone-airspace.jpg?ve=1&amp;tl=1 2x\" height=\"523\" width=\"931\"><source media=\"(min-width: 1280px)\" srcset=\"https:\/\/a57.foxnews.com\/static.foxnews.com\/foxnews.com\/content\/uploads\/2025\/09\/720\/405\/poland-drone-airspace.jpg?ve=1&amp;tl=1, https:\/\/a57.foxnews.com\/static.foxnews.com\/foxnews.com\/content\/uploads\/2025\/09\/1440\/810\/poland-drone-airspace.jpg?ve=1&amp;tl=1 2x\" height=\"405\" width=\"720\"><img loading=\"lazy\" decoding=\"async\" src=\"https:\/\/a57.foxnews.com\/static.foxnews.com\/foxnews.com\/content\/uploads\/2025\/09\/1200\/675\/poland-drone-airspace.jpg?ve=1&amp;tl=1\" alt=\"Vistas de soldado polaco secuelas de la incusi\u00f3n de drones rusos\" width=\"1200\" height=\"675\"\/><\/source><\/source><\/source><\/source><\/picture><\/div>\n<div class=\"info\">\n<div class=\"caption\">\n<p><span>Un miembro del ej\u00e9rcito polaco inspecciona una casa da\u00f1ada, despu\u00e9s de que los drones rusos violaron el espacio a\u00e9reo polaco durante un ataque contra Ucrania y algunos fueron derribados por Polonia, en Wyryki, Lublin Voivodeship, Polonia, 10 de septiembre de 2025. <\/span> <span>(Kacper Pempel\/Reuters)<\/span><\/p>\n<\/div>\n<\/div>\n<\/div>\n<p><strong>Trump exige que los aliados de la OTAN detengan las compras rusas de petr\u00f3leo antes de las nuevas sanciones de los Estados Unidos<\/strong><\/p>\n<p>\u00abSi Ucrania nos pidiera que los derribemos sobre su territorio, eso ser\u00eda ventajoso para nosotros. Si me preguntas personalmente, deber\u00edamos considerarlo\u00bb, dijo Sikorski.<\/p>\n<p>Los funcionarios rusos ya han dejado en claro que ver\u00edan los ataques de la OTAN contra los drones y misiles rusos en ayuda de Ucrania como una participaci\u00f3n directa en la guerra.<\/p>\n<p>\u00abLa implementaci\u00f3n de la idea provocativa de Kiev y otros idiotas sobre la creaci\u00f3n de una &#8216;zona de no volar sobre Ucrania&#8217; y la capacidad de los pa\u00edses de la OTAN para derribar a nuestros UAV significar\u00e1 solo una cosa: una guerra entre la OTAN y Rusia\u00bb, dijo el vicepresidente del Consejo de Seguridad de Rusia, Dmitry Medvedev, en un puesto de telegrama el lunes.<\/p>\n<div class=\"image-ct inline\">\n<div class=\"m\"><picture><source media=\"(max-width: 767px)\" srcset=\"https:\/\/a57.foxnews.com\/static.foxnews.com\/foxnews.com\/content\/uploads\/2025\/07\/343\/192\/polish-fighter-jets.jpg?ve=1&amp;tl=1, https:\/\/a57.foxnews.com\/static.foxnews.com\/foxnews.com\/content\/uploads\/2025\/07\/686\/384\/polish-fighter-jets.jpg?ve=1&amp;tl=1 2x\" height=\"192\" width=\"343\"><source media=\"(min-width: 768px) and (max-width: 1023px)\" srcset=\"https:\/\/a57.foxnews.com\/static.foxnews.com\/foxnews.com\/content\/uploads\/2025\/07\/672\/378\/polish-fighter-jets.jpg?ve=1&amp;tl=1, https:\/\/a57.foxnews.com\/static.foxnews.com\/foxnews.com\/content\/uploads\/2025\/07\/1344\/756\/polish-fighter-jets.jpg?ve=1&amp;tl=1 2x\" height=\"378\" width=\"672\"><source media=\"(min-width: 1024px) and (max-width: 1279px)\" srcset=\"https:\/\/a57.foxnews.com\/static.foxnews.com\/foxnews.com\/content\/uploads\/2025\/07\/931\/523\/polish-fighter-jets.jpg?ve=1&amp;tl=1, https:\/\/a57.foxnews.com\/static.foxnews.com\/foxnews.com\/content\/uploads\/2025\/07\/1862\/1046\/polish-fighter-jets.jpg?ve=1&amp;tl=1 2x\" height=\"523\" width=\"931\"><source media=\"(min-width: 1280px)\" srcset=\"https:\/\/a57.foxnews.com\/static.foxnews.com\/foxnews.com\/content\/uploads\/2025\/07\/720\/405\/polish-fighter-jets.jpg?ve=1&amp;tl=1, https:\/\/a57.foxnews.com\/static.foxnews.com\/foxnews.com\/content\/uploads\/2025\/07\/1440\/810\/polish-fighter-jets.jpg?ve=1&amp;tl=1 2x\" height=\"405\" width=\"720\"><img loading=\"lazy\" decoding=\"async\" src=\"https:\/\/a57.foxnews.com\/static.foxnews.com\/foxnews.com\/content\/uploads\/2025\/07\/1200\/675\/polish-fighter-jets.jpg?ve=1&amp;tl=1\" alt=\"Polaco F-16 Jets\" width=\"1200\" height=\"675\"\/><\/source><\/source><\/source><\/source><\/picture><\/div>\n<div class=\"info\">\n<div class=\"caption\">\n<p><span>Los militares polacos presentan aviones de combate F-16 en Varsovia, Polonia, durante un desfile militar en el D\u00eda del Ej\u00e9rcito Polaco el 15 de agosto de 2024. <\/span> <span>(Dominika Zarzycka\/SOPA Images\/LighTrocket a trav\u00e9s de Getty Images)<\/span><\/p>\n<\/div>\n<\/div>\n<\/div>\n<p>Trump ha visto una presi\u00f3n creciente en casa y de los aliados occidentales, incluida Ucrania, para adoptar una postura m\u00e1s dura cuando se trata de contrarrestar al presidente ruso Vladimir Putin. Trump ha amenazado en numerosas ocasiones en llegar a Mosc\u00fa con sanciones, aunque a\u00fan no ha empleado la herramienta financiera desde que volvi\u00f3 a ingresar al cargo a pesar de una serie de plazos que emiti\u00f3 que Putin hab\u00eda venido y venido.<\/p>\n<p>Rubio dijo que Trump puede concluir en alg\u00fan momento que un acuerdo de paz con Putin no es posible, pero dijo a los periodistas el martes que \u00abtodav\u00eda no est\u00e1 all\u00ed\u00bb.<\/p>\n<div class=\"image-ct inline\">\n<div class=\"m\"><picture><source media=\"(max-width: 767px)\" srcset=\"https:\/\/a57.foxnews.com\/static.foxnews.com\/foxnews.com\/content\/uploads\/2025\/08\/343\/192\/trump-putin-alaska-summit.png?ve=1&amp;tl=1, https:\/\/a57.foxnews.com\/static.foxnews.com\/foxnews.com\/content\/uploads\/2025\/08\/686\/384\/trump-putin-alaska-summit.png?ve=1&amp;tl=1 2x\" height=\"192\" width=\"343\"><source media=\"(min-width: 768px) and (max-width: 1023px)\" srcset=\"https:\/\/a57.foxnews.com\/static.foxnews.com\/foxnews.com\/content\/uploads\/2025\/08\/672\/378\/trump-putin-alaska-summit.png?ve=1&amp;tl=1, https:\/\/a57.foxnews.com\/static.foxnews.com\/foxnews.com\/content\/uploads\/2025\/08\/1344\/756\/trump-putin-alaska-summit.png?ve=1&amp;tl=1 2x\" height=\"378\" width=\"672\"><source media=\"(min-width: 1024px) and (max-width: 1279px)\" srcset=\"https:\/\/a57.foxnews.com\/static.foxnews.com\/foxnews.com\/content\/uploads\/2025\/08\/931\/523\/trump-putin-alaska-summit.png?ve=1&amp;tl=1, https:\/\/a57.foxnews.com\/static.foxnews.com\/foxnews.com\/content\/uploads\/2025\/08\/1862\/1046\/trump-putin-alaska-summit.png?ve=1&amp;tl=1 2x\" height=\"523\" width=\"931\"><source media=\"(min-width: 1280px)\" srcset=\"https:\/\/a57.foxnews.com\/static.foxnews.com\/foxnews.com\/content\/uploads\/2025\/08\/720\/405\/trump-putin-alaska-summit.png?ve=1&amp;tl=1, https:\/\/a57.foxnews.com\/static.foxnews.com\/foxnews.com\/content\/uploads\/2025\/08\/1440\/810\/trump-putin-alaska-summit.png?ve=1&amp;tl=1 2x\" height=\"405\" width=\"720\"><img loading=\"lazy\" decoding=\"async\" src=\"https:\/\/a57.foxnews.com\/static.foxnews.com\/foxnews.com\/content\/uploads\/2025\/08\/1200\/675\/trump-putin-alaska-summit.png?ve=1&amp;tl=1\" alt=\"El presidente Donald Trump camina junto al presidente ruso Vladimir Putin en Alaska\" width=\"1200\" height=\"675\"\/><\/source><\/source><\/source><\/source><\/picture><\/div>\n<div class=\"info\">\n<div class=\"caption\">\n<p><span>El presidente Donald Trump camina con el presidente ruso Vladimir Putin cuando llegan a la base conjunta Elmendorf-Richardson en Anchorage, Alaska, el 15 de agosto de 2025.<\/span> <span>(Andrew Harnik\/Getty Images)<\/span><\/p>\n<\/div>\n<\/div>\n<\/div>\n<p><strong>Haga clic aqu\u00ed para obtener la aplicaci\u00f3n Fox News<\/strong><\/p>\n<p>\u00abEl \u00fanico l\u00edder en el mundo que puede hablar con los ucranianos, los europeos y tambi\u00e9n con los rusos es el presidente Trump\u00bb, dijo Rubio. \u00abNo va a perder f\u00e1cilmente ese papel.<\/p>\n<p>\u00abSi de alguna manera fuera que se desconectara de esto, o ya sabes, sancionar a Rusia y decir &#8216;Ya he terminado&#8217;, entonces no queda nadie en el mundo que pueda mediar en el final\u00bb, agreg\u00f3 Rubio. \u00abAhora tal vez llegamos a ese punto, esperamos no, porque es una guerra realmente mala y \u00e9l quiere que termine\u00bb.<\/p>\n<p> <!----> <\/p>\n<div class=\"article-meta\">\n<div class=\"author-bio\">\n<p>Caitlin McFall es reportero de Fox News Digital Cubting Politics, US y World News.<\/p>\n<\/div>\n<\/div>\n<\/div>\n\n","protected":false},"excerpt":{"rendered":"<p>Trump y Zelenskyy podr\u00edan reunirse en unga El secretario de Estado, Marco Rubio, dijo que el presidente Donald Trump y el presidente ucraniano Volodymyr Zelenskyy podr\u00edan reunirse la pr\u00f3xima semana durante la Asamblea General de la ONU. NUEVO\u00a1Ahora puedes escuchar art\u00edculos de Fox News! El secretario de Estado, Marco Rubio, dijo el martes, el presidente &hellip;<\/p>\n","protected":false},"author":1,"featured_media":43326,"comment_status":"open","ping_status":"open","sticky":false,"template":"","format":"standard","meta":{"fifu_image_url":"https:\/\/static.foxnews.com\/foxnews.com\/content\/uploads\/2025\/09\/president-trump-volodomyr-zelenskyy-oval-office.jpg","fifu_image_alt":"","footnotes":""},"categories":[13],"tags":[],"class_list":["post-43324","post","type-post","status-publish","format-standard","has-post-thumbnail","","category-mundo"],"_links":{"self":[{"href":"https:\/\/noticiasveraces.com\/index.php?rest_route=\/wp\/v2\/posts\/43324","targetHints":{"allow":["GET"]}}],"collection":[{"href":"https:\/\/noticiasveraces.com\/index.php?rest_route=\/wp\/v2\/posts"}],"about":[{"href":"https:\/\/noticiasveraces.com\/index.php?rest_route=\/wp\/v2\/types\/post"}],"author":[{"embeddable":true,"href":"https:\/\/noticiasveraces.com\/index.php?rest_route=\/wp\/v2\/users\/1"}],"replies":[{"embeddable":true,"href":"https:\/\/noticiasveraces.com\/index.php?rest_route=%2Fwp%2Fv2%2Fcomments&post=43324"}],"version-history":[{"count":0,"href":"https:\/\/noticiasveraces.com\/index.php?rest_route=\/wp\/v2\/posts\/43324\/revisions"}],"wp:featuredmedia":[{"embeddable":true,"href":"https:\/\/noticiasveraces.com\/index.php?rest_route=\/wp\/v2\/media\/43326"}],"wp:attachment":[{"href":"https:\/\/noticiasveraces.com\/index.php?rest_route=%2Fwp%2Fv2%2Fmedia&parent=43324"}],"wp:term":[{"taxonomy":"category","embeddable":true,"href":"https:\/\/noticiasveraces.com\/index.php?rest_route=%2Fwp%2Fv2%2Fcategories&post=43324"},{"taxonomy":"post_tag","embeddable":true,"href":"https:\/\/noticiasveraces.com\/index.php?rest_route=%2Fwp%2Fv2%2Ftags&post=43324"}],"curies":[{"name":"wp","href":"https:\/\/api.w.org\/{rel}","templated":true}]}}