{"id":43278,"date":"2025-09-15T08:05:54","date_gmt":"2025-09-15T12:05:54","guid":{"rendered":"https:\/\/noticiasveraces.com\/?p=43278"},"modified":"2025-09-15T08:05:54","modified_gmt":"2025-09-15T12:05:54","slug":"no-a-israel-en-competiciones-internacionales-dw-15-09-2025","status":"publish","type":"post","link":"https:\/\/noticiasveraces.com\/?p=43278","title":{"rendered":"no a Israel en competiciones internacionales \u2013 DW \u2013 15\/09\/2025"},"content":{"rendered":"<p> \n<\/p>\n<div data-tracking-name=\"rich-text\" data-tracking-skip=\"true\">\n<p>El presidente del Gobierno espa\u00f1ol, Pedro S\u00e1nchez, aludi\u00f3 en el Congreso el lunes, 15 de septiembre de 2025, a la in\u00e9dita suspensi\u00f3n el d\u00eda anterior de la \u00faltima etapa de la Vuelta Ciclista a Espa\u00f1a por la acci\u00f3n de activistas propalestinos en contra del \u00abgenocidio\u00bb de Israel en Gaza.<\/p>\n<p>El dirigente socialista, que ha hecho de la causa palestina una de sus prioridades, consider\u00f3 igualmente que, \u00abhasta que no cese la barbarie, ni Rusia ni Israel\u00a0deben estar en ninguna competici\u00f3n internacional\u00bb.<\/p>\n<p>Antes de que tuviesen lugar las protestas en Madrid, S\u00e1nchez se\u00f1al\u00f3 a Espa\u00f1a como \u00abejemplo y orgullo ante una comunidad internacional\u00bb que ve c\u00f3mo \u00abda un paso al frente en la defensa de los derechos humanos\u00bb y en la condena a la \u00abbarbarie\u00bb en Gaza. <\/p>\n<p>Tras conocerse la suspensi\u00f3n de la competici\u00f3n, el ministro de Exteriores de Israel, Gideon Saar, acus\u00f3 a S\u00e1nchez de haber incitado las manifestaciones propalestinas.<\/p>\n<h2>Ministro de Cultura: \u00abno\u00bb a Israel en Eurovisi\u00f3n<\/h2>\n<p>Por su parte, el ministro de Cultura espa\u00f1ol, Ernest Urtasun, ha propuesto que Espa\u00f1a no participe en la pr\u00f3xima edici\u00f3n de Eurovisi\u00f3n si Israel no es vetada.<\/p>\n<p>El festival se celebrar\u00e1 en mayo de 2026\u00a0en Viena y los pa\u00edses deben comunicar normalmente antes de octubre si participar\u00e1n o no en el certamen, aunque este a\u00f1o el plazo se ha ampliado, de forma excepcional, hasta diciembre.<\/p>\n<p>La participaci\u00f3n de Israel en Eurovisi\u00f3n podr\u00eda someterse a voto en la pr\u00f3xima asamblea de la Uni\u00f3n Europea de Radiodifusi\u00f3n en su sede en Ginebra, los d\u00edas 4 y 5 de diciembre.<\/p>\n<p>MS (EFE\/AFP)<\/p>\n<\/p>\n<\/div>\n\n","protected":false},"excerpt":{"rendered":"<p>El presidente del Gobierno espa\u00f1ol, Pedro S\u00e1nchez, aludi\u00f3 en el Congreso el lunes, 15 de septiembre de 2025, a la in\u00e9dita suspensi\u00f3n el d\u00eda anterior de la \u00faltima etapa de la Vuelta Ciclista a Espa\u00f1a por la acci\u00f3n de activistas propalestinos en contra del \u00abgenocidio\u00bb de Israel en Gaza. El dirigente socialista, que ha hecho &hellip;<\/p>\n","protected":false},"author":1,"featured_media":43279,"comment_status":"open","ping_status":"open","sticky":false,"template":"","format":"standard","meta":{"fifu_image_url":"https:\/\/static.dw.com\/image\/73870623_6.jpg","fifu_image_alt":"","footnotes":""},"categories":[13],"tags":[],"class_list":["post-43278","post","type-post","status-publish","format-standard","has-post-thumbnail","","category-mundo"],"_links":{"self":[{"href":"https:\/\/noticiasveraces.com\/index.php?rest_route=\/wp\/v2\/posts\/43278","targetHints":{"allow":["GET"]}}],"collection":[{"href":"https:\/\/noticiasveraces.com\/index.php?rest_route=\/wp\/v2\/posts"}],"about":[{"href":"https:\/\/noticiasveraces.com\/index.php?rest_route=\/wp\/v2\/types\/post"}],"author":[{"embeddable":true,"href":"https:\/\/noticiasveraces.com\/index.php?rest_route=\/wp\/v2\/users\/1"}],"replies":[{"embeddable":true,"href":"https:\/\/noticiasveraces.com\/index.php?rest_route=%2Fwp%2Fv2%2Fcomments&post=43278"}],"version-history":[{"count":0,"href":"https:\/\/noticiasveraces.com\/index.php?rest_route=\/wp\/v2\/posts\/43278\/revisions"}],"wp:featuredmedia":[{"embeddable":true,"href":"https:\/\/noticiasveraces.com\/index.php?rest_route=\/wp\/v2\/media\/43279"}],"wp:attachment":[{"href":"https:\/\/noticiasveraces.com\/index.php?rest_route=%2Fwp%2Fv2%2Fmedia&parent=43278"}],"wp:term":[{"taxonomy":"category","embeddable":true,"href":"https:\/\/noticiasveraces.com\/index.php?rest_route=%2Fwp%2Fv2%2Fcategories&post=43278"},{"taxonomy":"post_tag","embeddable":true,"href":"https:\/\/noticiasveraces.com\/index.php?rest_route=%2Fwp%2Fv2%2Ftags&post=43278"}],"curies":[{"name":"wp","href":"https:\/\/api.w.org\/{rel}","templated":true}]}}