{"id":43246,"date":"2025-09-15T03:58:56","date_gmt":"2025-09-15T07:58:56","guid":{"rendered":"https:\/\/noticiasveraces.com\/?p=43246"},"modified":"2025-09-15T03:58:56","modified_gmt":"2025-09-15T07:58:56","slug":"espana-es-el-pais-europeo-que-pagara-la-factura-mas-alta-por-el-clima-extremo-de-este-verano-clima-y-medio-ambiente","status":"publish","type":"post","link":"https:\/\/noticiasveraces.com\/?p=43246","title":{"rendered":"Espa\u00f1a es el pa\u00eds europeo que pagar\u00e1 la factura m\u00e1s alta por el clima extremo de este verano | Clima y Medio Ambiente"},"content":{"rendered":"<p> \n<br \/><img decoding=\"async\" src=\"https:\/\/imagenes.elpais.com\/resizer\/v2\/ZCAQ2Q7ZOZFL7BBZYPRVUFT7CU.jpg?auth=02ab080d35e766f15255ba6bc20e6e60dc9004b33677e67f3e8ab7dae4592165\" \/><\/p>\n<div data-dtm-region=\"articulo_cuerpo\">\n<p class=\"\">Espa\u00f1a y el resto de pa\u00edses mediterr\u00e1neos de la UE deber\u00edan estar a la cabeza de la lucha contra el cambio clim\u00e1tico en Europa aunque solo sea por una cuesti\u00f3n de pura autoprotecci\u00f3n. Porque es la regi\u00f3n del continente m\u00e1s expuesta al calentamiento, como refleja un nuevo an\u00e1lisis que se centra en los impactos econ\u00f3micos de los fen\u00f3menos meteorol\u00f3gicos extremos de este verano. Este informe, liderado por la Universidad de Mannheim, en Alemania, sit\u00faa a Espa\u00f1a como el pa\u00eds de la UE que pagar\u00e1 la factura m\u00e1s alta este 2025 debido fundamentalmente a las olas de calor y las sequ\u00edas de un est\u00edo de temperaturas r\u00e9cord en el pa\u00eds. <\/p>\n<p class=\"\">Para el conjunto de la UE, los autores de esta investigaci\u00f3n calculan que en los 16 pa\u00edses en los que se han registrado este verano los eventos extremos analizados las p\u00e9rdidas ascender\u00e1n a 43.000 millones de euros. Espa\u00f1a tendr\u00e1 que hacer frente a casi el 30% \u201412.200 millones\u2014 de la factura. Pero los investigadores explican que las p\u00e9rdidas tras estos episodios se prolongan en el tiempo y no se pueden imputar solo a un ejercicio. Por eso tambi\u00e9n hacen un c\u00e1lculo a medio plazo y sostienen que para 2029 las p\u00e9rdidas acumuladas en la UE ligadas a los eventos de este est\u00edo ser\u00e1n de 126.000 millones, de las que 34.800 le corresponden a Espa\u00f1a, el pa\u00eds que, de nuevo, m\u00e1s da\u00f1o econ\u00f3mico tendr\u00e1 que afrontar en t\u00e9rminos absolutos. <\/p>\n<p class=\"\">Lo que han hecho los investigadores responsables de este an\u00e1lisis es localizar primero las regiones europeas en las que se han vivido fen\u00f3menos extremos en junio, julio y agosto. En concreto, se han centrado en tres tipos: las olas de calor, la sequ\u00eda y los episodios de inundaciones; todos ellos, seg\u00fan la literatura cient\u00edfica, son ya m\u00e1s intensos y frecuentes debido al cambio clim\u00e1tico. <\/p>\n<p class=\"\">Luego, empleando estudios ya publicados sobre el impacto macroecon\u00f3mico que tuvieron este tipo de episodios en el pasado, los autores estiman a cu\u00e1nto ascender\u00e1 la factura de este verano. Para sus c\u00e1lculos tienen en cuenta impactos directos, que en cada evento difieren. Por ejemplo, el calor reduce la productividad \u2014por ejemplo, en la construcci\u00f3n y la hosteler\u00eda\u2014; la sequ\u00eda golpea principalmente a la agricultura; y las inundaciones impactan en las infraestructuras. Adem\u00e1s, tambi\u00e9n incluyen p\u00e9rdidas indirectas, como las que conllevan que se interrumpan las cadenas de suministro. <\/p>\n<p class=\"\">El estudio recalca c\u00f3mo los pa\u00edses europeos se enfrentan a diferentes riesgos en funci\u00f3n de su ubicaci\u00f3n. En el sur, Espa\u00f1a, Italia, Portugal o Grecia est\u00e1n m\u00e1s expuestos a las olas de calor y sequ\u00edas. En el norte y centro, en naciones como Dinamarca, Suecia y Alemania, son las inundaciones los fen\u00f3menos m\u00e1s destructivos, y aunque en el periodo analizado no se han vivido muchos episodios significativos de este tipo, estos eventos est\u00e1n aumentando en \u201cfrecuencia y magnitud\u201d, advierten los autores. Espa\u00f1a \u2014con esos 12.200 millones de euros de p\u00e9rdidas este 2025\u2014 ocupa el primer puesto de este verano en t\u00e9rminos absolutos, seguida de Italia (11.858) y Francia (10.108). <\/p>\n<p class=\"\">Pero si se tiene en cuenta el tama\u00f1o de cada econom\u00eda, Chipre, Malta y Grecia son los m\u00e1s afectados, ya que sufren las mayores p\u00e9rdidas respecto a su Valor Agregado Bruto (VAB), una unidad macroecon\u00f3mica que mide el valor de la producci\u00f3n de una zona. En estos tres pa\u00edses mediterr\u00e1neos, los eventos extremos de este a\u00f1o en estos pa\u00edses supondr\u00e1n una reducci\u00f3n del 1,1% del VAB de 2025. En el conjunto de la UE, esa ca\u00edda ser\u00e1 del 0,26%, y en Espa\u00f1a, del 0,84%. <\/p>\n<h3 class=\"\">Estimaci\u00f3n a la baja<\/h3>\n<p class=\"\">En cualquier caso, los autores admiten que su c\u00e1lculo se queda seguramente corto, porque los da\u00f1os reales ser\u00e1n mayores. Esto se debe, entre otras cosas, a que el informe no ha incluido el impacto macroecon\u00f3mico que tendr\u00e1n los incendios forestales. Aqu\u00ed, de nuevo, Espa\u00f1a y Portugal tambi\u00e9n saldr\u00e1n peor paradas que el resto de la UE. Porque la pen\u00ednsula Ib\u00e9rica ha vivido un agosto terrible en cuanto a incendios forestales, que han sido cebados por una ola de calor tambi\u00e9n r\u00e9cord. <\/p>\n<p class=\"\">Pero Sehrish Usman, investigadora de la Universidad de Mannheim y autora principal de este an\u00e1lisis, explica que no cuentan a\u00fan con datos sobre incendios e impactos que les permitan incluir tambi\u00e9n la estimaci\u00f3n del da\u00f1o de este verano ligado al fuego en las econom\u00edas europeas. <\/p>\n<p class=\"\">Usman defiende este tipo de estudios r\u00e1pidos, que intentan cerrar la brecha de tiempo existente entre los episodios extremos y las estimaciones oficiales sobre los da\u00f1os producidos. Adem\u00e1s, los investigadores intentan ir m\u00e1s all\u00e1 de los c\u00e1lculos de impactos que suelen ofrecerse, que se basan principalmente en el coste de las infraestructuras y bienes f\u00edsicos da\u00f1ados. Pero dejan fuera, por ejemplo, la bajada en la producci\u00f3n en algunos sectores debido a las altas temperaturas, o los costos humanos, fiscales y la inflaci\u00f3n ligados a estos eventos extremos. \u201cSe necesitan m\u00e1s investigaciones para refinar estos resultados y proporcionar a los responsables pol\u00edticos la informaci\u00f3n necesaria para reaccionar ante estos eventos extremos de manera eficaz y oportuna\u201d, concluyen Usman y sus colegas. <\/p>\n<p class=\"\">Los autores resaltan que el clima extremo es algo que ya est\u00e1 impactando en la econom\u00eda europea. Adem\u00e1s de por la reducci\u00f3n urgente de las emisiones, abogan por una mayor inversi\u00f3n en la adaptaci\u00f3n para, por ejemplo, proteger mejor a las ciudades frente a las olas de calor. Aunque estas medidas, como las de reducci\u00f3n de las emisiones, pueden ser costosas, los investigadores advierten de que no llevarlas a cabo ser\u00e1 m\u00e1s caro a\u00fan debido al incremento previsto de los eventos extremos como los padecidos este verano a medida que el calentamiento siga avanzando.<\/p>\n<\/div>\n\n","protected":false},"excerpt":{"rendered":"<p>Espa\u00f1a y el resto de pa\u00edses mediterr\u00e1neos de la UE deber\u00edan estar a la cabeza de la lucha contra el cambio clim\u00e1tico en Europa aunque solo sea por una cuesti\u00f3n de pura autoprotecci\u00f3n. Porque es la regi\u00f3n del continente m\u00e1s expuesta al calentamiento, como refleja un nuevo an\u00e1lisis que se centra en los impactos econ\u00f3micos &hellip;<\/p>\n","protected":false},"author":1,"featured_media":43248,"comment_status":"open","ping_status":"open","sticky":false,"template":"","format":"standard","meta":{"fifu_image_url":"https:\/\/imagenes.elpais.com\/resizer\/v2\/ZCAQ2Q7ZOZFL7BBZYPRVUFT7CU.jpg?auth=02ab080d35e766f15255ba6bc20e6e60dc9004b33677e67f3e8ab7dae4592165&width=1200","fifu_image_alt":"","footnotes":""},"categories":[11],"tags":[],"class_list":["post-43246","post","type-post","status-publish","format-standard","has-post-thumbnail","","category-viaje"],"_links":{"self":[{"href":"https:\/\/noticiasveraces.com\/index.php?rest_route=\/wp\/v2\/posts\/43246","targetHints":{"allow":["GET"]}}],"collection":[{"href":"https:\/\/noticiasveraces.com\/index.php?rest_route=\/wp\/v2\/posts"}],"about":[{"href":"https:\/\/noticiasveraces.com\/index.php?rest_route=\/wp\/v2\/types\/post"}],"author":[{"embeddable":true,"href":"https:\/\/noticiasveraces.com\/index.php?rest_route=\/wp\/v2\/users\/1"}],"replies":[{"embeddable":true,"href":"https:\/\/noticiasveraces.com\/index.php?rest_route=%2Fwp%2Fv2%2Fcomments&post=43246"}],"version-history":[{"count":0,"href":"https:\/\/noticiasveraces.com\/index.php?rest_route=\/wp\/v2\/posts\/43246\/revisions"}],"wp:featuredmedia":[{"embeddable":true,"href":"https:\/\/noticiasveraces.com\/index.php?rest_route=\/wp\/v2\/media\/43248"}],"wp:attachment":[{"href":"https:\/\/noticiasveraces.com\/index.php?rest_route=%2Fwp%2Fv2%2Fmedia&parent=43246"}],"wp:term":[{"taxonomy":"category","embeddable":true,"href":"https:\/\/noticiasveraces.com\/index.php?rest_route=%2Fwp%2Fv2%2Fcategories&post=43246"},{"taxonomy":"post_tag","embeddable":true,"href":"https:\/\/noticiasveraces.com\/index.php?rest_route=%2Fwp%2Fv2%2Ftags&post=43246"}],"curies":[{"name":"wp","href":"https:\/\/api.w.org\/{rel}","templated":true}]}}