{"id":43187,"date":"2025-09-14T14:51:33","date_gmt":"2025-09-14T18:51:33","guid":{"rendered":"https:\/\/noticiasveraces.com\/?p=43187"},"modified":"2025-09-14T14:51:33","modified_gmt":"2025-09-14T18:51:33","slug":"que-supone-la-condonacion-de-83-252-millones-de-deuda-autonomica-y-como-se-repartira","status":"publish","type":"post","link":"https:\/\/noticiasveraces.com\/?p=43187","title":{"rendered":"Qu\u00e9 supone la condonaci\u00f3n de 83.252 millones de deuda auton\u00f3mica y c\u00f3mo se repartir\u00e1"},"content":{"rendered":"<p> \n<\/p>\n<div>\n<p><img decoding=\"async\" class=\"aligncenter lazyload first-post-image\" src=\"https:\/\/www.economiafinanzas.com\/wp-content\/uploads\/2025\/09\/condonacion-de-83.252-millones-de-deuda-autonomica-2.jpg\" alt=\"Condonaci\u00f3n de deuda auton\u00f3mica\" title=\"Condonaci\u00f3n de deuda auton\u00f3mica\" data-no-lazy=\"true\"\/><img decoding=\"async\" class=\"aligncenter lazyload\" src=\"https:\/\/www.economiafinanzas.com\/wp-content\/uploads\/2025\/09\/condonacion-de-83.252-millones-de-deuda-autonomica-2.jpg\" alt=\"Condonaci\u00f3n de deuda auton\u00f3mica\" title=\"Condonaci\u00f3n de deuda auton\u00f3mica\"\/><\/p>\n<p>El Consejo de Ministros ha puesto en marcha el anteproyecto que permitir\u00e1 que el <strong>Estado asuma 83.252 millones de euros<\/strong> de deuda de las comunidades aut\u00f3nomas, tras el aval del Consejo de Pol\u00edtica Fiscal y Financiera. Se trata de una operaci\u00f3n de gran calado que afecta al grueso del r\u00e9gimen com\u00fan y que inicia ahora su recorrido normativo.<\/p>\n<p>La medida es <strong>voluntaria<\/strong> para cada gobierno regional y se articular\u00e1 mediante convenios bilaterales. Abarca pasivos con el Fondo de Liquidez Auton\u00f3mica (FLA) y parte de la deuda bancaria, con una <strong>condonaci\u00f3n media cercana al 19%<\/strong> y un reparto en gran medida ligado al criterio de poblaci\u00f3n ajustada.<\/p>\n<h2>C\u00f3mo funciona la condonaci\u00f3n y el papel del FLA<\/h2>\n<p><img decoding=\"async\" class=\"aligncenter lazyload\" src=\"https:\/\/www.economiafinanzas.com\/wp-content\/uploads\/2025\/09\/condonacion-de-83.252-millones-de-deuda-autonomica-1.jpg\" alt=\"Detalle del mecanismo de condonaci\u00f3n\" title=\"Detalle del mecanismo de condonaci\u00f3n\"\/><img decoding=\"async\" class=\"aligncenter lazyload\" src=\"https:\/\/www.economiafinanzas.com\/wp-content\/uploads\/2025\/09\/condonacion-de-83.252-millones-de-deuda-autonomica-1.jpg\" alt=\"Detalle del mecanismo de condonaci\u00f3n\" title=\"Detalle del mecanismo de condonaci\u00f3n\"\/><\/p>\n<p>Condonar en este contexto implica que la deuda que hoy soportan los territorios <strong>pasa a contabilizarse a nivel estatal<\/strong>aliviando sus cargas financieras y reordenando los vencimientos bajo la tutela del Tesoro.<\/p>\n<p>El FLA, creado en 2012 como <strong>v\u00eda extraordinaria de liquidez<\/strong> para autonom\u00edas con dificultades de financiaci\u00f3n, es una de las piezas centrales del esquema. La operaci\u00f3n tambi\u00e9n prev\u00e9 asumir una parte de la deuda con entidades privadas mediante subrogaci\u00f3n, siempre que el acreedor d\u00e9 su consentimiento.<\/p>\n<p>El procedimiento var\u00eda seg\u00fan cada caso: si la comunidad no tiene FLA, deber\u00e1 <strong>detallar su cartera con terceros<\/strong> para que el Estado, con autorizaci\u00f3n del acreedor, asuma esos pr\u00e9stamos. Si s\u00ed tiene FLA, la cancelaci\u00f3n se efectuar\u00e1 por <strong>orden de antig\u00fcedad<\/strong>priorizando los tramos m\u00e1s antiguos y avanzando despu\u00e9s hacia los m\u00e1s recientes.<\/p>\n<p>De acuerdo con el dise\u00f1o presentado, el reparto toma como referencia la <strong>poblaci\u00f3n ajustada para aproximadamente el 75%<\/strong> del volumen, con el objetivo declarado de evitar agravios entre territorios con estructuras demogr\u00e1ficas y de gasto diferentes.<\/p>\n<p>La propuesta no alcanza a los territorios forales, <strong>Euskadi y Navarra<\/strong>fuera del r\u00e9gimen com\u00fan. Ambos han manifestado su intenci\u00f3n de explorar compensaciones en el marco de sus sistemas espec\u00edficos.<\/p>\n<h2>Impacto financiero, reparto territorial y reacciones<\/h2>\n<p><img decoding=\"async\" class=\"aligncenter lazyload\" src=\"https:\/\/www.economiafinanzas.com\/wp-content\/uploads\/2025\/09\/condonacion-de-83.252-millones-de-deuda-autonomica.jpg\" alt=\"Reparto territorial de la condonaci\u00f3n\" title=\"Reparto territorial de la condonaci\u00f3n\"\/><img decoding=\"async\" class=\"aligncenter lazyload\" src=\"https:\/\/www.economiafinanzas.com\/wp-content\/uploads\/2025\/09\/condonacion-de-83.252-millones-de-deuda-autonomica.jpg\" alt=\"Reparto territorial de la condonaci\u00f3n\" title=\"Reparto territorial de la condonaci\u00f3n\"\/><\/p>\n<p>Hacienda estima que la operaci\u00f3n reducir\u00e1 el coste financiero agregado, con un <strong>ahorro de intereses entre 6.600 y 6.700 millones<\/strong> en los presupuestos auton\u00f3micos. La AIReF, no obstante, advierte de que dicho ahorro <strong>no abre margen adicional de gasto<\/strong> por la vigencia de la regla de gasto, aunque s\u00ed mejora la posici\u00f3n para financiarse y volver a los mercados en mejores condiciones.<\/p>\n<p>En cifras absolutas, el mayor volumen lo concentran <strong>Andaluc\u00eda y Catalu\u00f1a<\/strong>que suman m\u00e1s del 43% del total. Seg\u00fan los datos difundidos, Andaluc\u00eda rondar\u00eda los 18.791 millones y Catalu\u00f1a unos 17.104 millones, seguidas por la Comunitat Valenciana, Madrid y Castilla-La Mancha.<\/p>\n<ul>\n<li>Comunitat Valenciana: en torno a 11.210 millones<\/li>\n<li>Madrid: cerca de 8.644 millones<\/li>\n<li>Castilla-La Mancha: alrededor de 4.927 millones<\/li>\n<li>Galicia: unos 4.010 millones<\/li>\n<li>Castilla y Le\u00f3n: aproximadamente 3.643 millones<\/li>\n<li>Murcia: cerca de 3.318 millones<\/li>\n<li>Canarias: en torno a 3.259 millones<\/li>\n<li>Arag\u00f3n: unos 2.124 millones<\/li>\n<li>Baleares: alrededor de 1.741 millones<\/li>\n<li>Extremadura: unos 1.718 millones<\/li>\n<li>Cantabria: cerca de 809 millones<\/li>\n<li>La Rioja: alrededor de 448 millones<\/li>\n<\/ul>\n<p>El Ministerio subraya que la medida <strong>no privilegia a ning\u00fan territorio<\/strong> y que el grueso del importe (cerca de 60.000 millones) corresponde a comunidades gobernadas por el PP. En t\u00e9rminos relativos, distintas fuentes sit\u00faan a Canarias entre las m\u00e1s beneficiadas por porcentaje, mientras que por habitante destaca la <strong>Comunidad valenciana<\/strong>.<\/p>\n<p>El rechazo pol\u00edtico ha sido notable en varias autonom\u00edas del PP, que hablan de <strong>\u201coperaci\u00f3n pol\u00edtica\u201d<\/strong> y anuncian batalla institucional y judicial. Posiciones como las de Ester Mu\u00f1oz en el Congreso, o las de Fernando Clavijo y Diego Calvo en el \u00e1mbito auton\u00f3mico, marcan un frente cr\u00edtico que, en algunos casos, no ha aclarado si finalmente se acoger\u00e1 o no a la quita.<\/p>\n<p>Desde la Junta de Andaluc\u00eda, <strong>Juanma Moreno<\/strong> ha cuestionado la medida, aunque sin concretar si renunciar\u00e1 a acogerse. En paralelo, el Gobierno cree que, pese a la dial\u00e9ctica, las comunidades que critican la iniciativa <strong>terminar\u00e1n firmando<\/strong> por el alivio financiero que conlleva.<\/p>\n<p>En cuanto a plazos, el texto pasa a <strong>audiencia p\u00fablica<\/strong> para recoger aportaciones auton\u00f3micas. El Ejecutivo prev\u00e9 enviar la norma al Congreso en las pr\u00f3ximas semanas y aspira a una aprobaci\u00f3n final tras el tr\u00e1mite parlamentario, que incluir\u00e1 enmiendas y podr\u00eda ajustar el dise\u00f1o t\u00e9cnico.<\/p>\n<p>El debate se mueve entre el <strong>alivio financiero<\/strong>la equidad territorial y el impacto presupuestario real. La clave, para muchos analistas, ser\u00e1 c\u00f3mo se combine la reducci\u00f3n de intereses con las reglas fiscales vigentes y la capacidad de las comunidades para retomar financiaci\u00f3n ordinaria en los mercados.<\/p>\n<p>Con el <strong>anteproyecto ya en marcha<\/strong>los pr\u00f3ximos meses dir\u00e1n si el consenso pol\u00edtico acompa\u00f1a a una operaci\u00f3n que pretende reequilibrar cargas, ordenar pasivos y dar ox\u00edgeno a las cuentas auton\u00f3micas sin alterar el marco fiscal que limita el crecimiento del gasto.<\/p>\n<div class=\"post-relacionado-wrapper\"><img fetchpriority=\"high\" decoding=\"async\" width=\"300\" height=\"169\" src=\"https:\/\/www.economiafinanzas.com\/wp-content\/uploads\/2025\/08\/refinancia-3.500-millones-del-FLA-300x169.jpg\" class=\"attachment-medium size-medium wp-post-image\" alt=\"refinancia 3.500 millones del FLA\" srcset=\"https:\/\/www.economiafinanzas.com\/wp-content\/uploads\/2025\/08\/refinancia-3.500-millones-del-FLA-300x169.jpg 300w, https:\/\/www.economiafinanzas.com\/wp-content\/uploads\/2025\/08\/refinancia-3.500-millones-del-FLA-1024x576.jpg 1024w, https:\/\/www.economiafinanzas.com\/wp-content\/uploads\/2025\/08\/refinancia-3.500-millones-del-FLA-768x432.jpg 768w, https:\/\/www.economiafinanzas.com\/wp-content\/uploads\/2025\/08\/refinancia-3.500-millones-del-FLA-400x225.jpg 400w, https:\/\/www.economiafinanzas.com\/wp-content\/uploads\/2025\/08\/refinancia-3.500-millones-del-FLA-500x281.jpg 500w, https:\/\/www.economiafinanzas.com\/wp-content\/uploads\/2025\/08\/refinancia-3.500-millones-del-FLA-170x96.jpg 170w, https:\/\/www.economiafinanzas.com\/wp-content\/uploads\/2025\/08\/refinancia-3.500-millones-del-FLA-420x236.jpg 420w, https:\/\/www.economiafinanzas.com\/wp-content\/uploads\/2025\/08\/refinancia-3.500-millones-del-FLA-840x473.jpg 840w, https:\/\/www.economiafinanzas.com\/wp-content\/uploads\/2025\/08\/refinancia-3.500-millones-del-FLA-150x84.jpg 150w, https:\/\/www.economiafinanzas.com\/wp-content\/uploads\/2025\/08\/refinancia-3.500-millones-del-FLA.jpg 1200w\" sizes=\"(max-width: 300px) 100vw, 300px\"\/><\/p>\n<div>\n<p>Art\u00edculo relacionado:<\/p>\n<p>La Generalitat refinancia 3.500 millones del FLA y abarata su deuda<\/p>\n<\/div>\n<\/div>\n<p> <!-- CONTENT END 1 --> <\/div>\n\n","protected":false},"excerpt":{"rendered":"<p>El Consejo de Ministros ha puesto en marcha el anteproyecto que permitir\u00e1 que el Estado asuma 83.252 millones de euros de deuda de las comunidades aut\u00f3nomas, tras el aval del Consejo de Pol\u00edtica Fiscal y Financiera. Se trata de una operaci\u00f3n de gran calado que afecta al grueso del r\u00e9gimen com\u00fan y que inicia ahora &hellip;<\/p>\n","protected":false},"author":1,"featured_media":43189,"comment_status":"open","ping_status":"open","sticky":false,"template":"","format":"standard","meta":{"fifu_image_url":"https:\/\/www.economiafinanzas.com\/wp-content\/uploads\/2025\/09\/condonacion-de-83.252-millones-de-deuda-autonomica-2.jpg","fifu_image_alt":"","footnotes":""},"categories":[3],"tags":[],"class_list":["post-43187","post","type-post","status-publish","format-standard","has-post-thumbnail","","category-negocio"],"_links":{"self":[{"href":"https:\/\/noticiasveraces.com\/index.php?rest_route=\/wp\/v2\/posts\/43187","targetHints":{"allow":["GET"]}}],"collection":[{"href":"https:\/\/noticiasveraces.com\/index.php?rest_route=\/wp\/v2\/posts"}],"about":[{"href":"https:\/\/noticiasveraces.com\/index.php?rest_route=\/wp\/v2\/types\/post"}],"author":[{"embeddable":true,"href":"https:\/\/noticiasveraces.com\/index.php?rest_route=\/wp\/v2\/users\/1"}],"replies":[{"embeddable":true,"href":"https:\/\/noticiasveraces.com\/index.php?rest_route=%2Fwp%2Fv2%2Fcomments&post=43187"}],"version-history":[{"count":0,"href":"https:\/\/noticiasveraces.com\/index.php?rest_route=\/wp\/v2\/posts\/43187\/revisions"}],"wp:featuredmedia":[{"embeddable":true,"href":"https:\/\/noticiasveraces.com\/index.php?rest_route=\/wp\/v2\/media\/43189"}],"wp:attachment":[{"href":"https:\/\/noticiasveraces.com\/index.php?rest_route=%2Fwp%2Fv2%2Fmedia&parent=43187"}],"wp:term":[{"taxonomy":"category","embeddable":true,"href":"https:\/\/noticiasveraces.com\/index.php?rest_route=%2Fwp%2Fv2%2Fcategories&post=43187"},{"taxonomy":"post_tag","embeddable":true,"href":"https:\/\/noticiasveraces.com\/index.php?rest_route=%2Fwp%2Fv2%2Ftags&post=43187"}],"curies":[{"name":"wp","href":"https:\/\/api.w.org\/{rel}","templated":true}]}}