{"id":43182,"date":"2025-09-14T14:47:30","date_gmt":"2025-09-14T18:47:30","guid":{"rendered":"https:\/\/noticiasveraces.com\/?p=43182"},"modified":"2025-09-14T14:47:30","modified_gmt":"2025-09-14T18:47:30","slug":"polonia-downs-drones-vinculados-al-ataque-ruso-contra-el-territorio-de-ucrania","status":"publish","type":"post","link":"https:\/\/noticiasveraces.com\/?p=43182","title":{"rendered":"Polonia Downs Drones vinculados al ataque ruso contra el territorio de Ucrania"},"content":{"rendered":"<p> \n<\/p>\n<div>\n<div id=\"beyondwords-wrapper\" class=\"beyondwords-wrapper\">\n<p><span class=\"label-bg\">NUEVO<\/span>\u00a1Ahora puedes escuchar art\u00edculos de Fox News!\n  <\/p>\n<\/div>\n<p class=\"speakable\">Los funcionarios de defensa polacos dicen que el ej\u00e9rcito derrib\u00f3 drones que violaron su espacio a\u00e9reo el lunes temprano. <\/p>\n<p class=\"speakable\">El viceministro de defensa de Polonia, Cezary Tomczyk, escribi\u00f3 en X que una operaci\u00f3n para \u00abneutralizar los objetos que han violado y superado la frontera del republicano de Polonia est\u00e1 en marcha\u00bb. <\/p>\n<p>\u00abLas autoridades estatales, a saber, el presidente del republicano de Polonia y el primer ministro de la Rep\u00fablica de Polonia, han sido notificadas\u00bb, escribi\u00f3 Tomczyk. <\/p>\n<p>El viceprimer ministro W\u0142adys\u0142aw Kosiniak-Kamysz dijo que el ej\u00e9rcito polaco estaba en \u00abcontacto constante con el mando de la OTAN\u00bb. <\/p>\n<p><strong>Rusia dice que los drones ucranianos golpean la planta de energ\u00eda nuclear durante los ataques del D\u00eda de la Independencia<\/strong><\/p>\n<div class=\"image-ct inline\">\n<div class=\"m\"><picture><source media=\"(max-width: 767px)\" srcset=\"https:\/\/a57.foxnews.com\/static.foxnews.com\/foxnews.com\/content\/uploads\/2025\/09\/343\/192\/polish-army-f-16-jets.jpg?ve=1&amp;tl=1, https:\/\/a57.foxnews.com\/static.foxnews.com\/foxnews.com\/content\/uploads\/2025\/09\/686\/384\/polish-army-f-16-jets.jpg?ve=1&amp;tl=1 2x\" height=\"192\" width=\"343\"><source media=\"(min-width: 768px) and (max-width: 1023px)\" srcset=\"https:\/\/a57.foxnews.com\/static.foxnews.com\/foxnews.com\/content\/uploads\/2025\/09\/672\/378\/polish-army-f-16-jets.jpg?ve=1&amp;tl=1, https:\/\/a57.foxnews.com\/static.foxnews.com\/foxnews.com\/content\/uploads\/2025\/09\/1344\/756\/polish-army-f-16-jets.jpg?ve=1&amp;tl=1 2x\" height=\"378\" width=\"672\"><source media=\"(min-width: 1024px) and (max-width: 1279px)\" srcset=\"https:\/\/a57.foxnews.com\/static.foxnews.com\/foxnews.com\/content\/uploads\/2025\/09\/931\/523\/polish-army-f-16-jets.jpg?ve=1&amp;tl=1, https:\/\/a57.foxnews.com\/static.foxnews.com\/foxnews.com\/content\/uploads\/2025\/09\/1862\/1046\/polish-army-f-16-jets.jpg?ve=1&amp;tl=1 2x\" height=\"523\" width=\"931\"><source media=\"(min-width: 1280px)\" srcset=\"https:\/\/a57.foxnews.com\/static.foxnews.com\/foxnews.com\/content\/uploads\/2025\/09\/720\/405\/polish-army-f-16-jets.jpg?ve=1&amp;tl=1, https:\/\/a57.foxnews.com\/static.foxnews.com\/foxnews.com\/content\/uploads\/2025\/09\/1440\/810\/polish-army-f-16-jets.jpg?ve=1&amp;tl=1 2x\" height=\"405\" width=\"720\"><img loading=\"lazy\" decoding=\"async\" src=\"https:\/\/a57.foxnews.com\/static.foxnews.com\/foxnews.com\/content\/uploads\/2025\/09\/1200\/675\/polish-army-f-16-jets.jpg?ve=1&amp;tl=1\" alt=\"Polaco F-16 y dos eurofighters typhoon aviones\" width=\"1200\" height=\"675\"\/><\/source><\/source><\/source><\/source><\/picture><\/div>\n<div class=\"info\">\n<div class=\"caption\">\n<p><span>Un F-16 polaco y dos chorros de tif\u00f3n Eurofighters durante el Desfile del Ej\u00e9rcito Polaco en Varsovia, Polonia, el viernes 15 de agosto de 2025.<\/span> <span>(Damian Lemanski\/Bloomberg a trav\u00e9s de Getty Images)<\/span><\/p>\n<\/div>\n<\/div>\n<\/div>\n<p>\u00abLas Fuerzas de Defensa Territorial se han activado para b\u00fasquedas terrestres de drones ca\u00eddos\u00bb, escribi\u00f3 Kosiniak-Kamysz en X. \u00abPedimos la calma e solo compartir los anuncios de los servicios militares y estatales. En caso de encontrar fragmentos de objetos, por favor no les acerque e informemos a la polic\u00eda\u00bb. <\/p>\n<p><strong>El dron ruso se estrella en el campo polaco mientras Varsovia protesta por la violaci\u00f3n del espacio a\u00e9reo y planea queja formal<\/strong><\/p>\n<p>El primer ministro polaco, Donald Tusk, dijo que estaba en \u00abcontacto constante con el presidente y el ministro de defensa\u00bb y que hab\u00eda recibido un \u00abinforme directo del comandante operativo\u00bb. <\/p>\n<div class=\"image-ct inline\">\n<div class=\"m\"><picture><source media=\"(max-width: 767px)\" srcset=\"https:\/\/a57.foxnews.com\/static.foxnews.com\/foxnews.com\/content\/uploads\/2025\/09\/343\/192\/polish-prime-minister-donald-tusk.jpg?ve=1&amp;tl=1, https:\/\/a57.foxnews.com\/static.foxnews.com\/foxnews.com\/content\/uploads\/2025\/09\/686\/384\/polish-prime-minister-donald-tusk.jpg?ve=1&amp;tl=1 2x\" height=\"192\" width=\"343\"><source media=\"(min-width: 768px) and (max-width: 1023px)\" srcset=\"https:\/\/a57.foxnews.com\/static.foxnews.com\/foxnews.com\/content\/uploads\/2025\/09\/672\/378\/polish-prime-minister-donald-tusk.jpg?ve=1&amp;tl=1, https:\/\/a57.foxnews.com\/static.foxnews.com\/foxnews.com\/content\/uploads\/2025\/09\/1344\/756\/polish-prime-minister-donald-tusk.jpg?ve=1&amp;tl=1 2x\" height=\"378\" width=\"672\"><source media=\"(min-width: 1024px) and (max-width: 1279px)\" srcset=\"https:\/\/a57.foxnews.com\/static.foxnews.com\/foxnews.com\/content\/uploads\/2025\/09\/931\/523\/polish-prime-minister-donald-tusk.jpg?ve=1&amp;tl=1, https:\/\/a57.foxnews.com\/static.foxnews.com\/foxnews.com\/content\/uploads\/2025\/09\/1862\/1046\/polish-prime-minister-donald-tusk.jpg?ve=1&amp;tl=1 2x\" height=\"523\" width=\"931\"><source media=\"(min-width: 1280px)\" srcset=\"https:\/\/a57.foxnews.com\/static.foxnews.com\/foxnews.com\/content\/uploads\/2025\/09\/720\/405\/polish-prime-minister-donald-tusk.jpg?ve=1&amp;tl=1, https:\/\/a57.foxnews.com\/static.foxnews.com\/foxnews.com\/content\/uploads\/2025\/09\/1440\/810\/polish-prime-minister-donald-tusk.jpg?ve=1&amp;tl=1 2x\" height=\"405\" width=\"720\"><img loading=\"lazy\" decoding=\"async\" src=\"https:\/\/a57.foxnews.com\/static.foxnews.com\/foxnews.com\/content\/uploads\/2025\/09\/1200\/675\/polish-prime-minister-donald-tusk.jpg?ve=1&amp;tl=1\" alt=\"Donald Tusk, primer ministro de Polonia\" width=\"1200\" height=\"675\"\/><\/source><\/source><\/source><\/source><\/picture><\/div>\n<div class=\"info\">\n<div class=\"caption\">\n<p><span>Donald Tusk, primer ministro de Polonia, durante el desfile del ej\u00e9rcito polaco en Varsovia, Polonia, el viernes 15 de agosto de 2025. <\/span> <span>(Damian Lemanski\/Bloomberg a trav\u00e9s de Getty Images)<\/span><\/p>\n<\/div>\n<\/div>\n<\/div>\n<p>El mando operativo de Polonia de las fuerzas armadas vincul\u00f3 la incursi\u00f3n de drones de su espacio a\u00e9reo con un ataque a la vecina Ucrania por las fuerzas rusas. <\/p>\n<p>\u00abComo resultado del ataque de la Federaci\u00f3n de Rusia en el Territorio de Ucrania, hubo una violaci\u00f3n sin precedentes del espacio a\u00e9reo polaco por parte de los objetos de tipo drones\u00bb, escribi\u00f3 el comando sobre X. \u00abEste es un acto de agresi\u00f3n que representaba una amenaza real para la seguridad de nuestros ciudadanos\u00bb. <\/p>\n<div class=\"image-ct inline\">\n<div class=\"m\"><picture><source media=\"(max-width: 767px)\" srcset=\"https:\/\/a57.foxnews.com\/static.foxnews.com\/foxnews.com\/content\/uploads\/2025\/09\/343\/192\/russian-drone-strike.jpg?ve=1&amp;tl=1, https:\/\/a57.foxnews.com\/static.foxnews.com\/foxnews.com\/content\/uploads\/2025\/09\/686\/384\/russian-drone-strike.jpg?ve=1&amp;tl=1 2x\" height=\"192\" width=\"343\"><source media=\"(min-width: 768px) and (max-width: 1023px)\" srcset=\"https:\/\/a57.foxnews.com\/static.foxnews.com\/foxnews.com\/content\/uploads\/2025\/09\/672\/378\/russian-drone-strike.jpg?ve=1&amp;tl=1, https:\/\/a57.foxnews.com\/static.foxnews.com\/foxnews.com\/content\/uploads\/2025\/09\/1344\/756\/russian-drone-strike.jpg?ve=1&amp;tl=1 2x\" height=\"378\" width=\"672\"><source media=\"(min-width: 1024px) and (max-width: 1279px)\" srcset=\"https:\/\/a57.foxnews.com\/static.foxnews.com\/foxnews.com\/content\/uploads\/2025\/09\/931\/523\/russian-drone-strike.jpg?ve=1&amp;tl=1, https:\/\/a57.foxnews.com\/static.foxnews.com\/foxnews.com\/content\/uploads\/2025\/09\/1862\/1046\/russian-drone-strike.jpg?ve=1&amp;tl=1 2x\" height=\"523\" width=\"931\"><source media=\"(min-width: 1280px)\" srcset=\"https:\/\/a57.foxnews.com\/static.foxnews.com\/foxnews.com\/content\/uploads\/2025\/09\/720\/405\/russian-drone-strike.jpg?ve=1&amp;tl=1, https:\/\/a57.foxnews.com\/static.foxnews.com\/foxnews.com\/content\/uploads\/2025\/09\/1440\/810\/russian-drone-strike.jpg?ve=1&amp;tl=1 2x\" height=\"405\" width=\"720\"><img loading=\"lazy\" decoding=\"async\" src=\"https:\/\/a57.foxnews.com\/static.foxnews.com\/foxnews.com\/content\/uploads\/2025\/09\/1200\/675\/russian-drone-strike.jpg?ve=1&amp;tl=1\" alt=\"El edificio ucraniano golpe\u00f3 durante la huelga de aviones no tripulados y misiles rusos\" width=\"1200\" height=\"675\"\/><\/source><\/source><\/source><\/source><\/picture><\/div>\n<div class=\"info\">\n<div class=\"caption\">\n<p><span>Los trabajadores de rescate extinguen un incendio en un edificio de apartamentos de 9 pisos en el distrito de Sviatoshynskyi, atropellado por un dron ruso y parcialmente destruido del cuarto al 8 pisos en Kiev, Ucrania, el 7 de septiembre de 2025.<\/span> <span>(Yan Dobronosov\/Global Images Ucrania a trav\u00e9s de Getty Images)<\/span><\/p>\n<\/div>\n<\/div>\n<\/div>\n<p>El comando operativo dijo que activ\u00f3 \u00abprocedimientos defensivos\u00bb y, con la ayuda de las fuerzas armadas polacas \u00ab, tom\u00f3 decisiones de neutralizar a aquellos que podr\u00edan representar una amenaza\u00bb. <\/p>\n<p><strong>Haga clic aqu\u00ed para obtener la aplicaci\u00f3n Fox News<\/strong><\/p>\n<p>\u00abAlgunos de los drones que ingresaron a nuestro espacio a\u00e9reo fueron derribados. Se est\u00e1n realizando esfuerzos para buscar y localizar los posibles sitios de bloqueo de estos objetos\u00bb, escribi\u00f3 el comando. \u00abEl comando operativo de las fuerzas armadas polacas es monitorear la situaci\u00f3n actual, y las fuerzas y activos polacos y aliados permanecen completamente preparados para nuevas acciones\u00bb.<\/p>\n<p> <!----> <\/p>\n<div class=\"article-meta\">\n<div class=\"author-bio\">\n<p>Bradford Betz es un reportero de Fox News Digital Breaking que cubre el crimen, los problemas pol\u00edticos y mucho m\u00e1s. <\/p>\n<\/div>\n<\/div>\n<\/div>\n\n","protected":false},"excerpt":{"rendered":"<p>NUEVO\u00a1Ahora puedes escuchar art\u00edculos de Fox News! Los funcionarios de defensa polacos dicen que el ej\u00e9rcito derrib\u00f3 drones que violaron su espacio a\u00e9reo el lunes temprano. El viceministro de defensa de Polonia, Cezary Tomczyk, escribi\u00f3 en X que una operaci\u00f3n para \u00abneutralizar los objetos que han violado y superado la frontera del republicano de Polonia &hellip;<\/p>\n","protected":false},"author":1,"featured_media":43184,"comment_status":"open","ping_status":"open","sticky":false,"template":"","format":"standard","meta":{"fifu_image_url":"https:\/\/static.foxnews.com\/foxnews.com\/content\/uploads\/2025\/09\/polish-army-f-16-jets.jpg","fifu_image_alt":"","footnotes":""},"categories":[13],"tags":[],"class_list":["post-43182","post","type-post","status-publish","format-standard","has-post-thumbnail","","category-mundo"],"_links":{"self":[{"href":"https:\/\/noticiasveraces.com\/index.php?rest_route=\/wp\/v2\/posts\/43182","targetHints":{"allow":["GET"]}}],"collection":[{"href":"https:\/\/noticiasveraces.com\/index.php?rest_route=\/wp\/v2\/posts"}],"about":[{"href":"https:\/\/noticiasveraces.com\/index.php?rest_route=\/wp\/v2\/types\/post"}],"author":[{"embeddable":true,"href":"https:\/\/noticiasveraces.com\/index.php?rest_route=\/wp\/v2\/users\/1"}],"replies":[{"embeddable":true,"href":"https:\/\/noticiasveraces.com\/index.php?rest_route=%2Fwp%2Fv2%2Fcomments&post=43182"}],"version-history":[{"count":0,"href":"https:\/\/noticiasveraces.com\/index.php?rest_route=\/wp\/v2\/posts\/43182\/revisions"}],"wp:featuredmedia":[{"embeddable":true,"href":"https:\/\/noticiasveraces.com\/index.php?rest_route=\/wp\/v2\/media\/43184"}],"wp:attachment":[{"href":"https:\/\/noticiasveraces.com\/index.php?rest_route=%2Fwp%2Fv2%2Fmedia&parent=43182"}],"wp:term":[{"taxonomy":"category","embeddable":true,"href":"https:\/\/noticiasveraces.com\/index.php?rest_route=%2Fwp%2Fv2%2Fcategories&post=43182"},{"taxonomy":"post_tag","embeddable":true,"href":"https:\/\/noticiasveraces.com\/index.php?rest_route=%2Fwp%2Fv2%2Ftags&post=43182"}],"curies":[{"name":"wp","href":"https:\/\/api.w.org\/{rel}","templated":true}]}}