{"id":43155,"date":"2025-09-14T12:37:02","date_gmt":"2025-09-14T16:37:02","guid":{"rendered":"https:\/\/noticiasveraces.com\/?p=43155"},"modified":"2025-09-14T12:37:02","modified_gmt":"2025-09-14T16:37:02","slug":"la-otan-envia-advertencia-a-rusia-despues-de-que-los-drones-militares-violen-el-espacio-aereo-polaco","status":"publish","type":"post","link":"https:\/\/noticiasveraces.com\/?p=43155","title":{"rendered":"La OTAN env\u00eda advertencia a Rusia despu\u00e9s de que los drones militares violen el espacio a\u00e9reo polaco"},"content":{"rendered":"<p> \n<\/p>\n<div>\n<div id=\"beyondwords-wrapper\" class=\"beyondwords-wrapper\">\n<p><span class=\"label-bg\">NUEVO<\/span>\u00a1Ahora puedes escuchar art\u00edculos de Fox News!\n  <\/p>\n<\/div>\n<p class=\"speakable\">La OTAN emiti\u00f3 una severa advertencia a Rusia por violar el espacio a\u00e9reo polaco la madrugada del mi\u00e9rcoles con drones destinados a Ucrania.<\/p>\n<p class=\"speakable\">\u00abAnoche, numerosos drones de Rusia violaron el espacio a\u00e9reo polaco. Nuestras defensas a\u00e9reas fueron activadas y aseguraron con \u00e9xito la defensa del territorio de la OTAN, como est\u00e1n dise\u00f1ados para hacer\u00bb, dijo el mi\u00e9rcoles el secretario general de la OTAN Mark Rutte. \u00abEl Consejo del Atl\u00e1ntico Norte se reuni\u00f3 esta ma\u00f1ana y discuti\u00f3 la situaci\u00f3n a la luz de la solicitud de consultas de Polonia bajo el Art\u00edculo IV del Tratado de Washington. Los aliados expresaron solidaridad con Polonia y denunciaron el comportamiento imprudente de Rusia\u00bb.<\/p>\n<p>Agreg\u00f3 que los aliados de la OTAN est\u00e1n \u00abdecididos a intensificar su apoyo a Ucrania\u00bb, que ha estado luchando contra Rusia durante m\u00e1s de tres a\u00f1os.<\/p>\n<p><strong><u>Polonia derriba drones en su espacio a\u00e9reo durante el ataque ruso contra la vecina Ucrania<\/u><\/strong><\/p>\n<div class=\"image-ct inline\">\n<div class=\"m\"><picture><source media=\"(max-width: 767px)\" srcset=\"https:\/\/a57.foxnews.com\/static.foxnews.com\/foxnews.com\/content\/uploads\/2025\/09\/343\/192\/mark-rutte-nato-flag-ukraine-flag.jpg?ve=1&amp;tl=1, https:\/\/a57.foxnews.com\/static.foxnews.com\/foxnews.com\/content\/uploads\/2025\/09\/686\/384\/mark-rutte-nato-flag-ukraine-flag.jpg?ve=1&amp;tl=1 2x\" height=\"192\" width=\"343\"><source media=\"(min-width: 768px) and (max-width: 1023px)\" srcset=\"https:\/\/a57.foxnews.com\/static.foxnews.com\/foxnews.com\/content\/uploads\/2025\/09\/672\/378\/mark-rutte-nato-flag-ukraine-flag.jpg?ve=1&amp;tl=1, https:\/\/a57.foxnews.com\/static.foxnews.com\/foxnews.com\/content\/uploads\/2025\/09\/1344\/756\/mark-rutte-nato-flag-ukraine-flag.jpg?ve=1&amp;tl=1 2x\" height=\"378\" width=\"672\"><source media=\"(min-width: 1024px) and (max-width: 1279px)\" srcset=\"https:\/\/a57.foxnews.com\/static.foxnews.com\/foxnews.com\/content\/uploads\/2025\/09\/931\/523\/mark-rutte-nato-flag-ukraine-flag.jpg?ve=1&amp;tl=1, https:\/\/a57.foxnews.com\/static.foxnews.com\/foxnews.com\/content\/uploads\/2025\/09\/1862\/1046\/mark-rutte-nato-flag-ukraine-flag.jpg?ve=1&amp;tl=1 2x\" height=\"523\" width=\"931\"><source media=\"(min-width: 1280px)\" srcset=\"https:\/\/a57.foxnews.com\/static.foxnews.com\/foxnews.com\/content\/uploads\/2025\/09\/720\/405\/mark-rutte-nato-flag-ukraine-flag.jpg?ve=1&amp;tl=1, https:\/\/a57.foxnews.com\/static.foxnews.com\/foxnews.com\/content\/uploads\/2025\/09\/1440\/810\/mark-rutte-nato-flag-ukraine-flag.jpg?ve=1&amp;tl=1 2x\" height=\"405\" width=\"720\"><img loading=\"lazy\" decoding=\"async\" src=\"https:\/\/a57.foxnews.com\/static.foxnews.com\/foxnews.com\/content\/uploads\/2025\/09\/1200\/675\/mark-rutte-nato-flag-ukraine-flag.jpg?ve=1&amp;tl=1\" alt=\"Gene Sec de la OTAN. Mark rutte\" width=\"1200\" height=\"675\"\/><\/source><\/source><\/source><\/source><\/picture><\/div>\n<div class=\"info\">\n<div class=\"caption\">\n<p><span>El secretario general de la OTAN, Mark Rutte, asiste a una conferencia de prensa con el presidente ucraniano Volodymyr Zelenskiy en Kiev, Ucrania, el 22 de agosto de 2025.<\/span> <span>(Thomas Peter\/Reuters)<\/span><\/p>\n<\/div>\n<\/div>\n<\/div>\n<p>La portavoz jefe de la OTAN, Allison Hart, dijo que los 32 enviados nacionales de la alianza discutir\u00e1n el asunto en una reuni\u00f3n planificada, seg\u00fan Associated Press.<\/p>\n<p>\u00abEsta es la primera vez que los aviones de la OTAN han contratado amenazas potenciales en el espacio a\u00e9reo aliado\u00bb, dijo el portavoz de la OTAN, el coronel Martin O&#8217;Donnell, seg\u00fan la AP.<\/p>\n<p>El primer ministro polaco, Donald Tusk, confirm\u00f3 la violaci\u00f3n en un puesto en X, diciendo que \u00abuna gran cantidad de drones rusos\u00bb cruz\u00f3 el espacio a\u00e9reo de su pa\u00eds.<\/p>\n<div class=\"image-ct inline\">\n<div class=\"m\"><picture><source media=\"(max-width: 767px)\" srcset=\"https:\/\/a57.foxnews.com\/static.foxnews.com\/foxnews.com\/content\/uploads\/2025\/09\/343\/192\/poland-drone-airspace.jpg?ve=1&amp;tl=1, https:\/\/a57.foxnews.com\/static.foxnews.com\/foxnews.com\/content\/uploads\/2025\/09\/686\/384\/poland-drone-airspace.jpg?ve=1&amp;tl=1 2x\" height=\"192\" width=\"343\"><source media=\"(min-width: 768px) and (max-width: 1023px)\" srcset=\"https:\/\/a57.foxnews.com\/static.foxnews.com\/foxnews.com\/content\/uploads\/2025\/09\/672\/378\/poland-drone-airspace.jpg?ve=1&amp;tl=1, https:\/\/a57.foxnews.com\/static.foxnews.com\/foxnews.com\/content\/uploads\/2025\/09\/1344\/756\/poland-drone-airspace.jpg?ve=1&amp;tl=1 2x\" height=\"378\" width=\"672\"><source media=\"(min-width: 1024px) and (max-width: 1279px)\" srcset=\"https:\/\/a57.foxnews.com\/static.foxnews.com\/foxnews.com\/content\/uploads\/2025\/09\/931\/523\/poland-drone-airspace.jpg?ve=1&amp;tl=1, https:\/\/a57.foxnews.com\/static.foxnews.com\/foxnews.com\/content\/uploads\/2025\/09\/1862\/1046\/poland-drone-airspace.jpg?ve=1&amp;tl=1 2x\" height=\"523\" width=\"931\"><source media=\"(min-width: 1280px)\" srcset=\"https:\/\/a57.foxnews.com\/static.foxnews.com\/foxnews.com\/content\/uploads\/2025\/09\/720\/405\/poland-drone-airspace.jpg?ve=1&amp;tl=1, https:\/\/a57.foxnews.com\/static.foxnews.com\/foxnews.com\/content\/uploads\/2025\/09\/1440\/810\/poland-drone-airspace.jpg?ve=1&amp;tl=1 2x\" height=\"405\" width=\"720\"><img loading=\"lazy\" decoding=\"async\" src=\"https:\/\/a57.foxnews.com\/static.foxnews.com\/foxnews.com\/content\/uploads\/2025\/09\/1200\/675\/poland-drone-airspace.jpg?ve=1&amp;tl=1\" alt=\"Vistas de soldado polaco secuelas de la incusi\u00f3n de drones rusos\" width=\"1200\" height=\"675\"\/><\/source><\/source><\/source><\/source><\/picture><\/div>\n<div class=\"info\">\n<div class=\"caption\">\n<p><span>Un miembro del ej\u00e9rcito polaco inspecciona una casa da\u00f1ada, despu\u00e9s de que los drones rusos violaron el espacio a\u00e9reo polaco durante un ataque contra Ucrania y algunos fueron derribados, en Wyryki, Lublin Voivodeship, Polonia, 10 de septiembre de 2025.<\/span> <span>(Kacper Pempel\/Reuters)<\/span><\/p>\n<\/div>\n<\/div>\n<\/div>\n<p><strong>El dron ruso se estrella en el campo polaco mientras Varsovia protesta por la violaci\u00f3n del espacio a\u00e9reo y planea queja formal<\/strong><\/p>\n<p>Polonia no estaba sola en la defensa de sus ciudadanos del ataque ruso destinado a Ucrania. Otras naciones de la OTAN se unieron en defensa del espacio a\u00e9reo de Varsovia, con varios l\u00edderes de los pa\u00edses aliados condenando el ataque.<\/p>\n<p>Aunque Rutte no mencion\u00f3 a los Pa\u00edses Bajos que se unieron a la pelea, el primer ministro holand\u00e9s Dick Schoof confirm\u00f3 los aviones de combate holandeses F-35 estacionados en Polonia bajo la OTAN tambi\u00e9n brind\u00f3 apoyo durante la incursi\u00f3n a\u00e9rea.<\/p>\n<p>\u00abPerm\u00edtanme ser claro: la violaci\u00f3n del espacio a\u00e9reo polaco anoche por los drones rusos es inaceptable. Es una prueba adicional de que la guerra de agresi\u00f3n rusa plantea una amenaza para la seguridad europea\u00bb, dijo Schoof en un mensaje de idioma holand\u00e9s en X, seg\u00fan la AP.<\/p>\n<div class=\"image-ct inline\">\n<div class=\"m\"><picture><source media=\"(max-width: 767px)\" srcset=\"https:\/\/a57.foxnews.com\/static.foxnews.com\/foxnews.com\/content\/uploads\/2025\/09\/343\/192\/poland-patrol-airspace-violation.jpg?ve=1&amp;tl=1, https:\/\/a57.foxnews.com\/static.foxnews.com\/foxnews.com\/content\/uploads\/2025\/09\/686\/384\/poland-patrol-airspace-violation.jpg?ve=1&amp;tl=1 2x\" height=\"192\" width=\"343\"><source media=\"(min-width: 768px) and (max-width: 1023px)\" srcset=\"https:\/\/a57.foxnews.com\/static.foxnews.com\/foxnews.com\/content\/uploads\/2025\/09\/672\/378\/poland-patrol-airspace-violation.jpg?ve=1&amp;tl=1, https:\/\/a57.foxnews.com\/static.foxnews.com\/foxnews.com\/content\/uploads\/2025\/09\/1344\/756\/poland-patrol-airspace-violation.jpg?ve=1&amp;tl=1 2x\" height=\"378\" width=\"672\"><source media=\"(min-width: 1024px) and (max-width: 1279px)\" srcset=\"https:\/\/a57.foxnews.com\/static.foxnews.com\/foxnews.com\/content\/uploads\/2025\/09\/931\/523\/poland-patrol-airspace-violation.jpg?ve=1&amp;tl=1, https:\/\/a57.foxnews.com\/static.foxnews.com\/foxnews.com\/content\/uploads\/2025\/09\/1862\/1046\/poland-patrol-airspace-violation.jpg?ve=1&amp;tl=1 2x\" height=\"523\" width=\"931\"><source media=\"(min-width: 1280px)\" srcset=\"https:\/\/a57.foxnews.com\/static.foxnews.com\/foxnews.com\/content\/uploads\/2025\/09\/720\/405\/poland-patrol-airspace-violation.jpg?ve=1&amp;tl=1, https:\/\/a57.foxnews.com\/static.foxnews.com\/foxnews.com\/content\/uploads\/2025\/09\/1440\/810\/poland-patrol-airspace-violation.jpg?ve=1&amp;tl=1 2x\" height=\"405\" width=\"720\"><img loading=\"lazy\" decoding=\"async\" src=\"https:\/\/a57.foxnews.com\/static.foxnews.com\/foxnews.com\/content\/uploads\/2025\/09\/1200\/675\/poland-patrol-airspace-violation.jpg?ve=1&amp;tl=1\" alt=\"Veh\u00edculos de emergencia en Polonia\" width=\"1200\" height=\"675\"\/><\/source><\/source><\/source><\/source><\/picture><\/div>\n<div class=\"info\">\n<div class=\"caption\">\n<p><span>Los veh\u00edculos de emergencia se ven patrullando despu\u00e9s de las violaciones del espacio a\u00e9reo polaco durante un ataque ruso contra Ucrania, en Krzywierzba-Kolonia, Polonia, 10 de septiembre de 2025.<\/span> <span>(Wyborcza.pl\/jakub orzechowski\/Via Reuters)<\/span><\/p>\n<\/div>\n<\/div>\n<\/div>\n<p>El presidente ucraniano, Volodymyr Zelenskyy, expuso la l\u00ednea de tiempo del ataque en un puesto en X. Dijo que el primer cruce de un dron ruso desde Ucrania a Polonia se registr\u00f3 aproximadamente a las 12:50 a.m., hora de Kiev, el mi\u00e9rcoles.<\/p>\n<p>\u00abAl menos dos drones rusos que entraron en territorio polaco durante la noche usaron el espacio a\u00e9reo bielorruso. En total, al menos varios docenas de drones rusos se mov\u00edan a lo largo de la frontera de Ucrania y Bielorrusia y en las regiones occidentales de Ucrania, acerc\u00e1ndose a los objetivos en territorio ucraniano y, aparentemente, en el territorio polaco\u00bb, dijo Zelenskyy.<\/p>\n<p><strong><u>Haga clic aqu\u00ed para obtener la aplicaci\u00f3n Fox News<\/u><\/strong><\/p>\n<p>Agreg\u00f3 que hasta dos docenas de drones rusos pueden haber ingresado al espacio a\u00e9reo polaco, aunque Ucrania estaba trabajando para verificar el n\u00famero.<\/p>\n<p>\u00abUcrania est\u00e1 lista para expandir nuestra cooperaci\u00f3n con los socios para la protecci\u00f3n confiable del cielo. Por lo tanto, no solo tenemos informaci\u00f3n de informaci\u00f3n e inteligencia, sino tambi\u00e9n acciones conjuntas reales que garantizan la seguridad de los vecinos. Rusia debe sentir que los europeos saben c\u00f3mo defenderse\u00bb, dijo Zelenskyy.<\/p>\n<p> <!----> <\/p>\n<div class=\"article-meta\">\n<div class=\"author-bio\">\n<p>Rachel Wolf es una escritora de noticias de Fox News Digital y Fox Business.<\/p>\n<\/div>\n<\/div>\n<\/div>\n\n","protected":false},"excerpt":{"rendered":"<p>NUEVO\u00a1Ahora puedes escuchar art\u00edculos de Fox News! La OTAN emiti\u00f3 una severa advertencia a Rusia por violar el espacio a\u00e9reo polaco la madrugada del mi\u00e9rcoles con drones destinados a Ucrania. \u00abAnoche, numerosos drones de Rusia violaron el espacio a\u00e9reo polaco. Nuestras defensas a\u00e9reas fueron activadas y aseguraron con \u00e9xito la defensa del territorio de la &hellip;<\/p>\n","protected":false},"author":1,"featured_media":43157,"comment_status":"open","ping_status":"open","sticky":false,"template":"","format":"standard","meta":{"fifu_image_url":"https:\/\/static.foxnews.com\/foxnews.com\/content\/uploads\/2025\/09\/poland-drone-airspace.jpg","fifu_image_alt":"","footnotes":""},"categories":[13],"tags":[],"class_list":["post-43155","post","type-post","status-publish","format-standard","has-post-thumbnail","","category-mundo"],"_links":{"self":[{"href":"https:\/\/noticiasveraces.com\/index.php?rest_route=\/wp\/v2\/posts\/43155","targetHints":{"allow":["GET"]}}],"collection":[{"href":"https:\/\/noticiasveraces.com\/index.php?rest_route=\/wp\/v2\/posts"}],"about":[{"href":"https:\/\/noticiasveraces.com\/index.php?rest_route=\/wp\/v2\/types\/post"}],"author":[{"embeddable":true,"href":"https:\/\/noticiasveraces.com\/index.php?rest_route=\/wp\/v2\/users\/1"}],"replies":[{"embeddable":true,"href":"https:\/\/noticiasveraces.com\/index.php?rest_route=%2Fwp%2Fv2%2Fcomments&post=43155"}],"version-history":[{"count":0,"href":"https:\/\/noticiasveraces.com\/index.php?rest_route=\/wp\/v2\/posts\/43155\/revisions"}],"wp:featuredmedia":[{"embeddable":true,"href":"https:\/\/noticiasveraces.com\/index.php?rest_route=\/wp\/v2\/media\/43157"}],"wp:attachment":[{"href":"https:\/\/noticiasveraces.com\/index.php?rest_route=%2Fwp%2Fv2%2Fmedia&parent=43155"}],"wp:term":[{"taxonomy":"category","embeddable":true,"href":"https:\/\/noticiasveraces.com\/index.php?rest_route=%2Fwp%2Fv2%2Fcategories&post=43155"},{"taxonomy":"post_tag","embeddable":true,"href":"https:\/\/noticiasveraces.com\/index.php?rest_route=%2Fwp%2Fv2%2Ftags&post=43155"}],"curies":[{"name":"wp","href":"https:\/\/api.w.org\/{rel}","templated":true}]}}