{"id":43152,"date":"2025-09-14T11:36:02","date_gmt":"2025-09-14T15:36:02","guid":{"rendered":"https:\/\/noticiasveraces.com\/?p=43152"},"modified":"2025-09-14T11:36:02","modified_gmt":"2025-09-14T15:36:02","slug":"polonia-mas-cercana-al-conflicto-desde-la-segunda-guerra-mundial-despues-del-ataque-de-drones-rusos","status":"publish","type":"post","link":"https:\/\/noticiasveraces.com\/?p=43152","title":{"rendered":"Polonia m\u00e1s cercana al conflicto desde la Segunda Guerra Mundial despu\u00e9s del ataque de drones rusos"},"content":{"rendered":"<p> \n<\/p>\n<div>\n<div id=\"beyondwords-wrapper\" class=\"beyondwords-wrapper\">\n<p><span class=\"label-bg\">NUEVO<\/span>\u00a1Ahora puedes escuchar art\u00edculos de Fox News!\n  <\/p>\n<\/div>\n<p class=\"speakable\">Solo una semana despu\u00e9s de que el presidente Trump se reuniera con el presidente polaco Karol Nawrocki en la Casa Blanca, Rusia dispar\u00f3 unas dos docenas de drones a la naci\u00f3n de la OTAN el mi\u00e9rcoles.  <\/p>\n<p class=\"speakable\">El asalto llev\u00f3 a los aliados de la OTAN a responder militarmente al aparente ataque ruso, y por primera vez llev\u00f3 a Polonia a lo m\u00e1s cerca que ha estado en abrir conflictos desde la Segunda Guerra Mundial.<\/p>\n<p>La medida tambi\u00e9n llev\u00f3 a Trump a emitir un mensaje siniestro en las redes sociales en el que dijo: \u00ab\u00bfQu\u00e9 pasa con Rusia violando el espacio a\u00e9reo de Polonia con drones? \u00a1Aqu\u00ed vamos!\u00bb<\/p>\n<div class=\"image-ct inline\">\n<div class=\"m\"><picture><source media=\"(max-width: 767px)\" srcset=\"https:\/\/a57.foxnews.com\/static.foxnews.com\/foxnews.com\/content\/uploads\/2025\/09\/343\/192\/drones-strike-poland.jpg?ve=1&amp;tl=1, https:\/\/a57.foxnews.com\/static.foxnews.com\/foxnews.com\/content\/uploads\/2025\/09\/686\/384\/drones-strike-poland.jpg?ve=1&amp;tl=1 2x\" height=\"192\" width=\"343\"><source media=\"(min-width: 768px) and (max-width: 1023px)\" srcset=\"https:\/\/a57.foxnews.com\/static.foxnews.com\/foxnews.com\/content\/uploads\/2025\/09\/672\/378\/drones-strike-poland.jpg?ve=1&amp;tl=1, https:\/\/a57.foxnews.com\/static.foxnews.com\/foxnews.com\/content\/uploads\/2025\/09\/1344\/756\/drones-strike-poland.jpg?ve=1&amp;tl=1 2x\" height=\"378\" width=\"672\"><source media=\"(min-width: 1024px) and (max-width: 1279px)\" srcset=\"https:\/\/a57.foxnews.com\/static.foxnews.com\/foxnews.com\/content\/uploads\/2025\/09\/931\/523\/drones-strike-poland.jpg?ve=1&amp;tl=1, https:\/\/a57.foxnews.com\/static.foxnews.com\/foxnews.com\/content\/uploads\/2025\/09\/1862\/1046\/drones-strike-poland.jpg?ve=1&amp;tl=1 2x\" height=\"523\" width=\"931\"><source media=\"(min-width: 1280px)\" srcset=\"https:\/\/a57.foxnews.com\/static.foxnews.com\/foxnews.com\/content\/uploads\/2025\/09\/720\/405\/drones-strike-poland.jpg?ve=1&amp;tl=1, https:\/\/a57.foxnews.com\/static.foxnews.com\/foxnews.com\/content\/uploads\/2025\/09\/1440\/810\/drones-strike-poland.jpg?ve=1&amp;tl=1 2x\" height=\"405\" width=\"720\"><img loading=\"lazy\" decoding=\"async\" src=\"https:\/\/a57.foxnews.com\/static.foxnews.com\/foxnews.com\/content\/uploads\/2025\/09\/1200\/675\/drones-strike-poland.jpg?ve=1&amp;tl=1\" alt=\"Patrulla de soldados polacos despu\u00e9s de la violaci\u00f3n de los drones rusos\" width=\"1200\" height=\"675\"\/><\/source><\/source><\/source><\/source><\/picture><\/div>\n<div class=\"info\">\n<div class=\"caption\">\n<p><span>Los soldados patrullan la calle despu\u00e9s de un dron o objeto similar golpearon un edificio residencial seg\u00fan las autoridades locales, luego de violaciones del espacio a\u00e9reo polaco durante un ataque ruso contra Ucrania, en el municipio de Wyryki, Polonia, 10 de septiembre de 2025.     <\/span> <span>(Wyborcza.pl\/jakub orzechowski\/Via Reuters)<\/span><\/p>\n<\/div>\n<\/div>\n<\/div>\n<p><strong>La OTAN advierte a Rusia despu\u00e9s de que Polonia derriba &#8216;gran n\u00famero&#8217; de drones que violaron su espacio a\u00e9reo<\/strong><\/p>\n<p>El Kremlin afirm\u00f3 el mi\u00e9rcoles que \u00abno hay evidencia\u00bb de que los drones fueran de \u00aborigen ruso\u00bb despu\u00e9s de que Andrei Ordash, el principal diplom\u00e1tico de Mosc\u00fa en Polonia, quien fue convocado por Varsovia, dijo a los medios de comunicaci\u00f3n rusos de propiedad estatal Ria, \u00abvemos las acusaciones como sin fundamento\u00bb.<\/p>\n<p>\u00abSabemos una cosa: estos drones volaban desde la direcci\u00f3n de Ucrania\u00bb, agreg\u00f3, seg\u00fan una traducci\u00f3n de un informe de DW. <\/p>\n<p>Los comentarios de Ordash contradecieron las evaluaciones del presidente ucraniano Volodymyr Zelenskyy, quien dijo que \u00abal menos dos drones rusos que entraron en territorio polaco durante la noche usaron el espacio a\u00e9reo bielorruso. <\/p>\n<p>\u00abEn total, al menos varias docenas de drones rusos se mov\u00edan a lo largo de la frontera de Ucrania-Belaro y en las regiones occidentales de Ucrania, acerc\u00e1ndose a los objetivos en Ucrania y, aparentemente, en Polonia\u00bb, agreg\u00f3. <\/p>\n<div class=\"image-ct inline\">\n<div class=\"m\"><picture><source media=\"(max-width: 767px)\" srcset=\"https:\/\/a57.foxnews.com\/static.foxnews.com\/foxnews.com\/content\/uploads\/2025\/09\/343\/192\/nawrocki-trump.jpg?ve=1&amp;tl=1, https:\/\/a57.foxnews.com\/static.foxnews.com\/foxnews.com\/content\/uploads\/2025\/09\/686\/384\/nawrocki-trump.jpg?ve=1&amp;tl=1 2x\" height=\"192\" width=\"343\"><source media=\"(min-width: 768px) and (max-width: 1023px)\" srcset=\"https:\/\/a57.foxnews.com\/static.foxnews.com\/foxnews.com\/content\/uploads\/2025\/09\/672\/378\/nawrocki-trump.jpg?ve=1&amp;tl=1, https:\/\/a57.foxnews.com\/static.foxnews.com\/foxnews.com\/content\/uploads\/2025\/09\/1344\/756\/nawrocki-trump.jpg?ve=1&amp;tl=1 2x\" height=\"378\" width=\"672\"><source media=\"(min-width: 1024px) and (max-width: 1279px)\" srcset=\"https:\/\/a57.foxnews.com\/static.foxnews.com\/foxnews.com\/content\/uploads\/2025\/09\/931\/523\/nawrocki-trump.jpg?ve=1&amp;tl=1, https:\/\/a57.foxnews.com\/static.foxnews.com\/foxnews.com\/content\/uploads\/2025\/09\/1862\/1046\/nawrocki-trump.jpg?ve=1&amp;tl=1 2x\" height=\"523\" width=\"931\"><source media=\"(min-width: 1280px)\" srcset=\"https:\/\/a57.foxnews.com\/static.foxnews.com\/foxnews.com\/content\/uploads\/2025\/09\/720\/405\/nawrocki-trump.jpg?ve=1&amp;tl=1, https:\/\/a57.foxnews.com\/static.foxnews.com\/foxnews.com\/content\/uploads\/2025\/09\/1440\/810\/nawrocki-trump.jpg?ve=1&amp;tl=1 2x\" height=\"405\" width=\"720\"><img loading=\"lazy\" decoding=\"async\" src=\"https:\/\/a57.foxnews.com\/static.foxnews.com\/foxnews.com\/content\/uploads\/2025\/09\/1200\/675\/nawrocki-trump.jpg?ve=1&amp;tl=1\" alt=\"El presidente Trump se encuentra con el presidente polaco Nawrocki\" width=\"1200\" height=\"675\"\/><\/source><\/source><\/source><\/source><\/picture><\/div>\n<div class=\"info\">\n<div class=\"caption\">\n<p><span>El presidente Donald Trump da la mano al presidente polaco Karol Nawrocki, durante una reuni\u00f3n en la Oficina Oval de la Casa Blanca, el mi\u00e9rcoles 3 de septiembre de 2025 en Washington. <\/span> <span>(Foto de Evan Vucci\/AP)<\/span><\/p>\n<\/div>\n<\/div>\n<\/div>\n<p>Ni la OTAN, la Casa Blanca ni el ministerio de defensa de Polonia respondieron inmediatamente a las preguntas de Fox News Digital sobre si los drones que, seg\u00fan los informes, ingresaron al espacio a\u00e9reo polaco lo hicieron intencionalmente. <\/p>\n<p>Aunque un funcionario de la Casa Blanca le dijo a Fox News Digital que \u00abel presidente Trump y la Casa Blanca est\u00e1n rastreando los informes de Polonia, y hay planes para que el presidente Trump hable hoy con el presidente Nawrocki\u00bb.<\/p>\n<p>El primer ministro polaco, Donald Tusk, le dijo al Parlamento el mi\u00e9rcoles que al menos 19 drones rusos ingresaron al espacio a\u00e9reo de Polonia y que se confirmaron ocho sitios de choque donde parecen haber sido derribados por las fuerzas de la OTAN, aunque todav\u00eda se recopila informaci\u00f3n sobre las cifras exactas, inform\u00f3 The Associated Press. <\/p>\n<div class=\"image-ct inline\">\n<div class=\"m\"><picture><source media=\"(max-width: 767px)\" srcset=\"https:\/\/a57.foxnews.com\/static.foxnews.com\/foxnews.com\/content\/uploads\/2025\/09\/343\/192\/visual-shows-russian-drones-in-poland.jpg?ve=1&amp;tl=1, https:\/\/a57.foxnews.com\/static.foxnews.com\/foxnews.com\/content\/uploads\/2025\/09\/686\/384\/visual-shows-russian-drones-in-poland.jpg?ve=1&amp;tl=1 2x\" height=\"192\" width=\"343\"><source media=\"(min-width: 768px) and (max-width: 1023px)\" srcset=\"https:\/\/a57.foxnews.com\/static.foxnews.com\/foxnews.com\/content\/uploads\/2025\/09\/672\/378\/visual-shows-russian-drones-in-poland.jpg?ve=1&amp;tl=1, https:\/\/a57.foxnews.com\/static.foxnews.com\/foxnews.com\/content\/uploads\/2025\/09\/1344\/756\/visual-shows-russian-drones-in-poland.jpg?ve=1&amp;tl=1 2x\" height=\"378\" width=\"672\"><source media=\"(min-width: 1024px) and (max-width: 1279px)\" srcset=\"https:\/\/a57.foxnews.com\/static.foxnews.com\/foxnews.com\/content\/uploads\/2025\/09\/931\/523\/visual-shows-russian-drones-in-poland.jpg?ve=1&amp;tl=1, https:\/\/a57.foxnews.com\/static.foxnews.com\/foxnews.com\/content\/uploads\/2025\/09\/1862\/1046\/visual-shows-russian-drones-in-poland.jpg?ve=1&amp;tl=1 2x\" height=\"523\" width=\"931\"><source media=\"(min-width: 1280px)\" srcset=\"https:\/\/a57.foxnews.com\/static.foxnews.com\/foxnews.com\/content\/uploads\/2025\/09\/720\/405\/visual-shows-russian-drones-in-poland.jpg?ve=1&amp;tl=1, https:\/\/a57.foxnews.com\/static.foxnews.com\/foxnews.com\/content\/uploads\/2025\/09\/1440\/810\/visual-shows-russian-drones-in-poland.jpg?ve=1&amp;tl=1 2x\" height=\"405\" width=\"720\"><img loading=\"lazy\" decoding=\"async\" src=\"https:\/\/a57.foxnews.com\/static.foxnews.com\/foxnews.com\/content\/uploads\/2025\/09\/1200\/675\/visual-shows-russian-drones-in-poland.jpg?ve=1&amp;tl=1\" alt=\"visual-shows-rusia-drones-in-poland\" width=\"1200\" height=\"675\"\/><\/source><\/source><\/source><\/source><\/picture><\/div>\n<div class=\"info\">\n<div class=\"caption\">\n<p><span> Una infograf\u00eda muestra el mapa de drones rusos ca\u00eddos en Polonia que violaron su espacio a\u00e9reo durante las huelgas en Ucrania el 10 de septiembre de 2025. <\/span> <span>(Foto de Yasin DeMirci\/Anadolu a trav\u00e9s de Getty Images)<\/span><\/p>\n<\/div>\n<\/div>\n<\/div>\n<p><strong>Polonia derriba drones en su espacio a\u00e9reo durante el ataque ruso contra la vecina Ucrania<\/strong><\/p>\n<p>El secretario general de la OTAN, Mark Rutte, dijo en un comunicado el mi\u00e9rcoles que \u00abuna evaluaci\u00f3n completa del incidente est\u00e1 en curso\u00bb.<\/p>\n<p>\u00abLo que est\u00e1 claro es que la violaci\u00f3n anoche no es un incidente aislado\u00bb, agreg\u00f3 en referencia a situaciones similares en las que los drones rusos han cruzado cada vez m\u00e1s las fronteras de la OTAN en los \u00faltimos meses. <\/p>\n<p>Tusk calific\u00f3 el incidente como \u00abuna provocaci\u00f3n a gran escala\u00bb y dijo: \u00abLa situaci\u00f3n es grave, y nadie duda de que debamos prepararnos para varios escenarios\u00bb.<\/p>\n<p>Rutte dijo que los l\u00edderes de la OTAN celebraron una reuni\u00f3n esta ma\u00f1ana despu\u00e9s de que Polonia promulg\u00f3 el Art\u00edculo 4, que desencadena conversaciones urgentes \u00abcada vez que, en opini\u00f3n de cualquiera de ellos, la integridad territorial, la independencia pol\u00edtica o la seguridad de cualquiera de los partidos se amenaza\u00bb.<\/p>\n<p>Rutte confirm\u00f3 que el ataque de drones nocturnos no solo revuelve los aviones de combate polacos, sino tambi\u00e9n los F-35 holandeses, los sistemas de advertencia y control de italiano aerotransportados, los sistemas de transporte de petroleros multi-roles de la OTAN para el reabastecimiento de combustible aire-aire, y los patriotas alemanes se \u00abactivaron\u00bb y \u00abaseguraron con \u00e9xito la defensa del territorio de la OTAN\u00bb.<\/p>\n<div class=\"image-ct inline\">\n<div class=\"m\"><picture><source media=\"(max-width: 767px)\" srcset=\"https:\/\/a57.foxnews.com\/static.foxnews.com\/foxnews.com\/content\/uploads\/2025\/09\/343\/192\/poland-drone-airspace.jpg?ve=1&amp;tl=1, https:\/\/a57.foxnews.com\/static.foxnews.com\/foxnews.com\/content\/uploads\/2025\/09\/686\/384\/poland-drone-airspace.jpg?ve=1&amp;tl=1 2x\" height=\"192\" width=\"343\"><source media=\"(min-width: 768px) and (max-width: 1023px)\" srcset=\"https:\/\/a57.foxnews.com\/static.foxnews.com\/foxnews.com\/content\/uploads\/2025\/09\/672\/378\/poland-drone-airspace.jpg?ve=1&amp;tl=1, https:\/\/a57.foxnews.com\/static.foxnews.com\/foxnews.com\/content\/uploads\/2025\/09\/1344\/756\/poland-drone-airspace.jpg?ve=1&amp;tl=1 2x\" height=\"378\" width=\"672\"><source media=\"(min-width: 1024px) and (max-width: 1279px)\" srcset=\"https:\/\/a57.foxnews.com\/static.foxnews.com\/foxnews.com\/content\/uploads\/2025\/09\/931\/523\/poland-drone-airspace.jpg?ve=1&amp;tl=1, https:\/\/a57.foxnews.com\/static.foxnews.com\/foxnews.com\/content\/uploads\/2025\/09\/1862\/1046\/poland-drone-airspace.jpg?ve=1&amp;tl=1 2x\" height=\"523\" width=\"931\"><source media=\"(min-width: 1280px)\" srcset=\"https:\/\/a57.foxnews.com\/static.foxnews.com\/foxnews.com\/content\/uploads\/2025\/09\/720\/405\/poland-drone-airspace.jpg?ve=1&amp;tl=1, https:\/\/a57.foxnews.com\/static.foxnews.com\/foxnews.com\/content\/uploads\/2025\/09\/1440\/810\/poland-drone-airspace.jpg?ve=1&amp;tl=1 2x\" height=\"405\" width=\"720\"><img loading=\"lazy\" decoding=\"async\" src=\"https:\/\/a57.foxnews.com\/static.foxnews.com\/foxnews.com\/content\/uploads\/2025\/09\/1200\/675\/poland-drone-airspace.jpg?ve=1&amp;tl=1\" alt=\"Vistas de soldado polaco secuelas de la incusi\u00f3n de drones rusos\" width=\"1200\" height=\"675\"\/><\/source><\/source><\/source><\/source><\/picture><\/div>\n<div class=\"info\">\n<div class=\"caption\">\n<p><span>Un miembro del ej\u00e9rcito polaco inspecciona una casa da\u00f1ada, despu\u00e9s de que los drones rusos violaron el espacio a\u00e9reo polaco durante un ataque contra Ucrania y algunos fueron derribados por Polonia, en Wyryki, Lublin Voivodeship, Polonia, 10 de septiembre de 2025. <\/span> <span>(Kacper Pempel\/Reuters)<\/span><\/p>\n<\/div>\n<\/div>\n<\/div>\n<p><strong>Haga clic aqu\u00ed para obtener la aplicaci\u00f3n Fox News<\/strong><\/p>\n<p>\u00abEsta es la primera vez que los aviones de la OTAN han involucrado amenazas potenciales en el espacio a\u00e9reo aliado\u00bb, dijo el mi\u00e9rcoles el portavoz de la sede suprema de los poderes aliados, el coronel del ej\u00e9rcito de los EE. UU. Martin L. O&#8217;Donnell, el mi\u00e9rcoles. \u00abLa OTAN, la sede suprema de los poderes aliados de Europa, y todas las operaciones de comando aliadas se comprometen a defender cada kil\u00f3metro de territorio de la OTAN, incluido nuestro espacio a\u00e9reo\u00bb.<\/p>\n<p> <!----> <\/p>\n<div class=\"article-meta\">\n<div class=\"author-bio\">\n<p>Caitlin McFall es reportero de Fox News Digital Cubting Politics, US y World News.<\/p>\n<\/div>\n<\/div>\n<\/div>\n\n","protected":false},"excerpt":{"rendered":"<p>NUEVO\u00a1Ahora puedes escuchar art\u00edculos de Fox News! Solo una semana despu\u00e9s de que el presidente Trump se reuniera con el presidente polaco Karol Nawrocki en la Casa Blanca, Rusia dispar\u00f3 unas dos docenas de drones a la naci\u00f3n de la OTAN el mi\u00e9rcoles. El asalto llev\u00f3 a los aliados de la OTAN a responder militarmente &hellip;<\/p>\n","protected":false},"author":1,"featured_media":43154,"comment_status":"open","ping_status":"open","sticky":false,"template":"","format":"standard","meta":{"fifu_image_url":"https:\/\/static.foxnews.com\/foxnews.com\/content\/uploads\/2025\/09\/poland-f-16s.jpg","fifu_image_alt":"","footnotes":""},"categories":[13],"tags":[],"class_list":["post-43152","post","type-post","status-publish","format-standard","has-post-thumbnail","","category-mundo"],"_links":{"self":[{"href":"https:\/\/noticiasveraces.com\/index.php?rest_route=\/wp\/v2\/posts\/43152","targetHints":{"allow":["GET"]}}],"collection":[{"href":"https:\/\/noticiasveraces.com\/index.php?rest_route=\/wp\/v2\/posts"}],"about":[{"href":"https:\/\/noticiasveraces.com\/index.php?rest_route=\/wp\/v2\/types\/post"}],"author":[{"embeddable":true,"href":"https:\/\/noticiasveraces.com\/index.php?rest_route=\/wp\/v2\/users\/1"}],"replies":[{"embeddable":true,"href":"https:\/\/noticiasveraces.com\/index.php?rest_route=%2Fwp%2Fv2%2Fcomments&post=43152"}],"version-history":[{"count":0,"href":"https:\/\/noticiasveraces.com\/index.php?rest_route=\/wp\/v2\/posts\/43152\/revisions"}],"wp:featuredmedia":[{"embeddable":true,"href":"https:\/\/noticiasveraces.com\/index.php?rest_route=\/wp\/v2\/media\/43154"}],"wp:attachment":[{"href":"https:\/\/noticiasveraces.com\/index.php?rest_route=%2Fwp%2Fv2%2Fmedia&parent=43152"}],"wp:term":[{"taxonomy":"category","embeddable":true,"href":"https:\/\/noticiasveraces.com\/index.php?rest_route=%2Fwp%2Fv2%2Fcategories&post=43152"},{"taxonomy":"post_tag","embeddable":true,"href":"https:\/\/noticiasveraces.com\/index.php?rest_route=%2Fwp%2Fv2%2Ftags&post=43152"}],"curies":[{"name":"wp","href":"https:\/\/api.w.org\/{rel}","templated":true}]}}