{"id":43134,"date":"2025-09-14T08:28:45","date_gmt":"2025-09-14T12:28:45","guid":{"rendered":"https:\/\/noticiasveraces.com\/?p=43134"},"modified":"2025-09-14T08:28:45","modified_gmt":"2025-09-14T12:28:45","slug":"cientos-arrestados-en-francia-a-medida-que-estallan-las-protestas-de-bloquear-todo-en-todo-el-pais","status":"publish","type":"post","link":"https:\/\/noticiasveraces.com\/?p=43134","title":{"rendered":"Cientos arrestados en Francia a medida que estallan las protestas de &#8216;bloquear todo&#8217; en todo el pa\u00eds"},"content":{"rendered":"<p> \n<\/p>\n<div>\n<div id=\"beyondwords-wrapper\" class=\"beyondwords-wrapper\">\n<p><span class=\"label-bg\">NUEVO<\/span>\u00a1Ahora puedes escuchar art\u00edculos de Fox News!\n  <\/p>\n<\/div>\n<p class=\"speakable\">La polic\u00eda francesa arrest\u00f3 a cientos de manifestantes el mi\u00e9rcoles cuando bloquearon todo lo que estall\u00f3 en todo el pa\u00eds, con multitudes cerrando las carreteras, encendiendo fuegos y chocas con las autoridades. <\/p>\n<p class=\"speakable\">El Ministerio del Interior del Gobierno anunci\u00f3 295 arrestos en las primeras horas de lo que fue un d\u00eda planeado de manifestaciones a nivel nacional contra el presidente Emmanuel Macron, los recortes presupuestarios y otras quejas. El gobierno de Francia sufri\u00f3 un gran rev\u00e9s el lunes cuando el primer ministro Fran\u00e7ois Bayrou perdi\u00f3 una votaci\u00f3n de confianza parlamentaria, forzando su renuncia y reemplazo por S\u00e9bastien Lecornu. <\/p>\n<p>\u00abUn primer ministro acaba de ser expulsado y de inmediato obtenemos otro de la derecha\u00bb, dijo el mi\u00e9rcoles, Student Baptiste Sagot, de 21 a\u00f1os, a The Associated Press. \u00abEst\u00e1n tratando de hacer que las personas trabajadoras, los j\u00f3venes estudiantes, los jubilados, todas las personas en dificultades tengan todo el esfuerzo en lugar de gravar la riqueza\u00bb. <\/p>\n<p>Los grupos de manifestantes que repetidamente intentaron bloquear el Birtway de Par\u00eds durante la hora pico de la ma\u00f1ana fueron dispersados \u200b\u200bpor la polic\u00eda con gases lacrim\u00f3genos. En otra parte de la capital, los manifestantes acumularon botes de basura y arrojaron objetos a los oficiales de polic\u00eda. Los bomberos fueron llamados al vecindario del centro de Ch\u00e2telet despu\u00e9s de que estall\u00f3 un incendio en un restaurante, amenazando con extenderse a un edificio adyacente. <\/p>\n<p><strong>Macron nombra al cuarto primer ministro en un a\u00f1o a medida que la deuda lucha contra el l\u00edder centrista<\/strong><strong> <\/strong><\/p>\n<div class=\"image-ct inline\">\n<div class=\"m\"><picture><source media=\"(max-width: 767px)\" srcset=\"https:\/\/a57.foxnews.com\/static.foxnews.com\/foxnews.com\/content\/uploads\/2025\/09\/343\/192\/france-block-everything-protests-1.jpg?ve=1&amp;tl=1, https:\/\/a57.foxnews.com\/static.foxnews.com\/foxnews.com\/content\/uploads\/2025\/09\/686\/384\/france-block-everything-protests-1.jpg?ve=1&amp;tl=1 2x\" height=\"192\" width=\"343\"><source media=\"(min-width: 768px) and (max-width: 1023px)\" srcset=\"https:\/\/a57.foxnews.com\/static.foxnews.com\/foxnews.com\/content\/uploads\/2025\/09\/672\/378\/france-block-everything-protests-1.jpg?ve=1&amp;tl=1, https:\/\/a57.foxnews.com\/static.foxnews.com\/foxnews.com\/content\/uploads\/2025\/09\/1344\/756\/france-block-everything-protests-1.jpg?ve=1&amp;tl=1 2x\" height=\"378\" width=\"672\"><source media=\"(min-width: 1024px) and (max-width: 1279px)\" srcset=\"https:\/\/a57.foxnews.com\/static.foxnews.com\/foxnews.com\/content\/uploads\/2025\/09\/931\/523\/france-block-everything-protests-1.jpg?ve=1&amp;tl=1, https:\/\/a57.foxnews.com\/static.foxnews.com\/foxnews.com\/content\/uploads\/2025\/09\/1862\/1046\/france-block-everything-protests-1.jpg?ve=1&amp;tl=1 2x\" height=\"523\" width=\"931\"><source media=\"(min-width: 1280px)\" srcset=\"https:\/\/a57.foxnews.com\/static.foxnews.com\/foxnews.com\/content\/uploads\/2025\/09\/720\/405\/france-block-everything-protests-1.jpg?ve=1&amp;tl=1, https:\/\/a57.foxnews.com\/static.foxnews.com\/foxnews.com\/content\/uploads\/2025\/09\/1440\/810\/france-block-everything-protests-1.jpg?ve=1&amp;tl=1 2x\" height=\"405\" width=\"720\"><img loading=\"lazy\" decoding=\"async\" src=\"https:\/\/a57.foxnews.com\/static.foxnews.com\/foxnews.com\/content\/uploads\/2025\/09\/1200\/675\/france-block-everything-protests-1.jpg?ve=1&amp;tl=1\" alt=\"Paris Cafe incendio\" width=\"1200\" height=\"675\"\/><\/source><\/source><\/source><\/source><\/picture><\/div>\n<div class=\"info\">\n<div class=\"caption\">\n<p><span>Los oficiales de polic\u00eda reaccionan despu\u00e9s de que un proyectil golpe\u00f3 un caf\u00e9 y lo incendiaron en Par\u00eds, Francia, el mi\u00e9rcoles 10 de septiembre de 2025. <\/span> <span>(Tom Nicholson\/Getty Images)<\/span><\/p>\n<\/div>\n<\/div>\n<\/div>\n<p>La polic\u00eda parisina inform\u00f3 183 arrestos a media tarde, con m\u00e1s de 100 personas en custodia policial en otras partes de Francia, seg\u00fan el recuento del Ministerio del Interior. <\/p>\n<p>El ministro del Interior, Bruno Retailleau, dijo que los manifestantes incendiaron un autob\u00fas en la ciudad de Rennes, inform\u00f3 Reuters. <\/p>\n<p>Los bloqueos de carreteras, las ralentizaciones de tr\u00e1fico y otras protestas estaban generalizadas, desde la ciudad portuaria sur de Marsella hasta Lille y Caen en el norte, y desde Nantes y Rennes en Occidente hasta Grenoble y Lyon en el sureste. <\/p>\n<p><strong>La generaci\u00f3n violenta Z protesta en espiral con al menos 19 muertos en Nepal; El video muestra el edificio del parlamento en llamas<\/strong><strong> <\/strong><\/p>\n<div class=\"image-ct inline\">\n<div class=\"m\"><picture><source media=\"(max-width: 767px)\" srcset=\"https:\/\/a57.foxnews.com\/static.foxnews.com\/foxnews.com\/content\/uploads\/2025\/09\/343\/192\/france-block-everything-protests-2.jpg?ve=1&amp;tl=1, https:\/\/a57.foxnews.com\/static.foxnews.com\/foxnews.com\/content\/uploads\/2025\/09\/686\/384\/france-block-everything-protests-2.jpg?ve=1&amp;tl=1 2x\" height=\"192\" width=\"343\"><source media=\"(min-width: 768px) and (max-width: 1023px)\" srcset=\"https:\/\/a57.foxnews.com\/static.foxnews.com\/foxnews.com\/content\/uploads\/2025\/09\/672\/378\/france-block-everything-protests-2.jpg?ve=1&amp;tl=1, https:\/\/a57.foxnews.com\/static.foxnews.com\/foxnews.com\/content\/uploads\/2025\/09\/1344\/756\/france-block-everything-protests-2.jpg?ve=1&amp;tl=1 2x\" height=\"378\" width=\"672\"><source media=\"(min-width: 1024px) and (max-width: 1279px)\" srcset=\"https:\/\/a57.foxnews.com\/static.foxnews.com\/foxnews.com\/content\/uploads\/2025\/09\/931\/523\/france-block-everything-protests-2.jpg?ve=1&amp;tl=1, https:\/\/a57.foxnews.com\/static.foxnews.com\/foxnews.com\/content\/uploads\/2025\/09\/1862\/1046\/france-block-everything-protests-2.jpg?ve=1&amp;tl=1 2x\" height=\"523\" width=\"931\"><source media=\"(min-width: 1280px)\" srcset=\"https:\/\/a57.foxnews.com\/static.foxnews.com\/foxnews.com\/content\/uploads\/2025\/09\/720\/405\/france-block-everything-protests-2.jpg?ve=1&amp;tl=1, https:\/\/a57.foxnews.com\/static.foxnews.com\/foxnews.com\/content\/uploads\/2025\/09\/1440\/810\/france-block-everything-protests-2.jpg?ve=1&amp;tl=1 2x\" height=\"405\" width=\"720\"><img loading=\"lazy\" decoding=\"async\" src=\"https:\/\/a57.foxnews.com\/static.foxnews.com\/foxnews.com\/content\/uploads\/2025\/09\/1200\/675\/france-block-everything-protests-2.jpg?ve=1&amp;tl=1\" alt=\"El oficial de polic\u00eda choca con el manifestante en Par\u00eds\" width=\"1200\" height=\"675\"\/><\/source><\/source><\/source><\/source><\/picture><\/div>\n<div class=\"info\">\n<div class=\"caption\">\n<p><span>Se ve a un manifestante enfrentarse con un oficial de polic\u00eda en Par\u00eds, Francia, el mi\u00e9rcoles 10 de septiembre de 2025.<\/span> <span>(Jerome Gilles\/Nurphoto a trav\u00e9s de Getty Images)<\/span><\/p>\n<\/div>\n<\/div>\n<\/div>\n<p>El movimiento \u00abBloquons Tout\u00bb o \u00abBloque todo\u00bb, el movimiento cobraron impulso durante el verano en las redes sociales y en los chats encriptados, seg\u00fan la AP.  <\/p>\n<p>Su llamado a un d\u00eda de bloqueos, huelgas, boicots, manifestaciones y otros actos de protesta se produjo cuando Bayrou estaba preparando planes para reducir masivamente el gasto p\u00fablico en $ 51 mil millones para controlar el creciente d\u00e9ficit de Francia y billones de deudas.  <\/p>\n<div class=\"image-ct inline\">\n<div class=\"m\"><picture><source media=\"(max-width: 767px)\" srcset=\"https:\/\/a57.foxnews.com\/static.foxnews.com\/foxnews.com\/content\/uploads\/2025\/09\/343\/192\/france-block-everything-protests-4.jpg?ve=1&amp;tl=1, https:\/\/a57.foxnews.com\/static.foxnews.com\/foxnews.com\/content\/uploads\/2025\/09\/686\/384\/france-block-everything-protests-4.jpg?ve=1&amp;tl=1 2x\" height=\"192\" width=\"343\"><source media=\"(min-width: 768px) and (max-width: 1023px)\" srcset=\"https:\/\/a57.foxnews.com\/static.foxnews.com\/foxnews.com\/content\/uploads\/2025\/09\/672\/378\/france-block-everything-protests-4.jpg?ve=1&amp;tl=1, https:\/\/a57.foxnews.com\/static.foxnews.com\/foxnews.com\/content\/uploads\/2025\/09\/1344\/756\/france-block-everything-protests-4.jpg?ve=1&amp;tl=1 2x\" height=\"378\" width=\"672\"><source media=\"(min-width: 1024px) and (max-width: 1279px)\" srcset=\"https:\/\/a57.foxnews.com\/static.foxnews.com\/foxnews.com\/content\/uploads\/2025\/09\/931\/523\/france-block-everything-protests-4.jpg?ve=1&amp;tl=1, https:\/\/a57.foxnews.com\/static.foxnews.com\/foxnews.com\/content\/uploads\/2025\/09\/1862\/1046\/france-block-everything-protests-4.jpg?ve=1&amp;tl=1 2x\" height=\"523\" width=\"931\"><source media=\"(min-width: 1280px)\" srcset=\"https:\/\/a57.foxnews.com\/static.foxnews.com\/foxnews.com\/content\/uploads\/2025\/09\/720\/405\/france-block-everything-protests-4.jpg?ve=1&amp;tl=1, https:\/\/a57.foxnews.com\/static.foxnews.com\/foxnews.com\/content\/uploads\/2025\/09\/1440\/810\/france-block-everything-protests-4.jpg?ve=1&amp;tl=1 2x\" height=\"405\" width=\"720\"><img loading=\"lazy\" decoding=\"async\" src=\"https:\/\/a57.foxnews.com\/static.foxnews.com\/foxnews.com\/content\/uploads\/2025\/09\/1200\/675\/france-block-everything-protests-4.jpg?ve=1&amp;tl=1\" alt=\"Bloqueo de carreteras en Caen, Francia\" width=\"1200\" height=\"675\"\/><\/source><\/source><\/source><\/source><\/picture><\/div>\n<div class=\"info\">\n<div class=\"caption\">\n<p><span>Los manifestantes se re\u00fanen para bloquear el viaducto de C\u00e1fix durante las protestas de \u00abbloquear todo\u00bb en Caen, Francia, el mi\u00e9rcoles 10 de septiembre de 2025.<\/span> <span>(Lou Benoist\/AFP a trav\u00e9s de Getty Images)<\/span><\/p>\n<\/div>\n<\/div>\n<\/div>\n<p>Macron hab\u00eda designado a Bayrou en diciembre despu\u00e9s de una serie de renuncias durante el a\u00f1o, cuando otros tres primeros ministros dejaron el trabajo principal.  <\/p>\n<p>M\u00faltiples informes del lunes se\u00f1alaron que al final del primer trimestre de 2025, la deuda p\u00fablica de Francia equival\u00eda al 114% de su PIB. <\/p>\n<div class=\"image-ct inline\">\n<div class=\"m\"><picture><source media=\"(max-width: 767px)\" srcset=\"https:\/\/a57.foxnews.com\/static.foxnews.com\/foxnews.com\/content\/uploads\/2025\/09\/343\/192\/france-block-everything-protests-3.jpg?ve=1&amp;tl=1, https:\/\/a57.foxnews.com\/static.foxnews.com\/foxnews.com\/content\/uploads\/2025\/09\/686\/384\/france-block-everything-protests-3.jpg?ve=1&amp;tl=1 2x\" height=\"192\" width=\"343\"><source media=\"(min-width: 768px) and (max-width: 1023px)\" srcset=\"https:\/\/a57.foxnews.com\/static.foxnews.com\/foxnews.com\/content\/uploads\/2025\/09\/672\/378\/france-block-everything-protests-3.jpg?ve=1&amp;tl=1, https:\/\/a57.foxnews.com\/static.foxnews.com\/foxnews.com\/content\/uploads\/2025\/09\/1344\/756\/france-block-everything-protests-3.jpg?ve=1&amp;tl=1 2x\" height=\"378\" width=\"672\"><source media=\"(min-width: 1024px) and (max-width: 1279px)\" srcset=\"https:\/\/a57.foxnews.com\/static.foxnews.com\/foxnews.com\/content\/uploads\/2025\/09\/931\/523\/france-block-everything-protests-3.jpg?ve=1&amp;tl=1, https:\/\/a57.foxnews.com\/static.foxnews.com\/foxnews.com\/content\/uploads\/2025\/09\/1862\/1046\/france-block-everything-protests-3.jpg?ve=1&amp;tl=1 2x\" height=\"523\" width=\"931\"><source media=\"(min-width: 1280px)\" srcset=\"https:\/\/a57.foxnews.com\/static.foxnews.com\/foxnews.com\/content\/uploads\/2025\/09\/720\/405\/france-block-everything-protests-3.jpg?ve=1&amp;tl=1, https:\/\/a57.foxnews.com\/static.foxnews.com\/foxnews.com\/content\/uploads\/2025\/09\/1440\/810\/france-block-everything-protests-3.jpg?ve=1&amp;tl=1 2x\" height=\"405\" width=\"720\"><img loading=\"lazy\" decoding=\"async\" src=\"https:\/\/a57.foxnews.com\/static.foxnews.com\/foxnews.com\/content\/uploads\/2025\/09\/1200\/675\/france-block-everything-protests-3.jpg?ve=1&amp;tl=1\" alt=\"Ca\u00f1\u00f3n de agua rociado en los manifestantes en Lille, Francia\" width=\"1200\" height=\"675\"\/><\/source><\/source><\/source><\/source><\/picture><\/div>\n<div class=\"info\">\n<div class=\"caption\">\n<p><span>Los manifestantes del movimiento \u00abBloquear todo\u00bb se cubren de un canon de agua detr\u00e1s de un paraguas en Lille, en el norte de Francia, el mi\u00e9rcoles 10 de septiembre de 2025. <\/span> <span>(AP\/Jean-Francois Badias)<\/span><\/p>\n<\/div>\n<\/div>\n<\/div>\n<p><strong>Haga clic aqu\u00ed para obtener la aplicaci\u00f3n Fox News<\/strong><strong> <\/strong><\/p>\n<p>Alrededor de 80,000 polic\u00edas fueron desplegados en toda Francia el mi\u00e9rcoles para manejar las protestas, inform\u00f3 la AP. <\/p>\n<p><i>Caitlin McFall de Fox News Digital y The Associated Press contribuyeron a este informe. <\/i><\/p>\n<p> <!----> <\/p>\n<div class=\"article-meta\">\n<div class=\"author-bio\">\n<p>Greg Norman es reportero de Fox News Digital.<\/p>\n<\/div>\n<\/div>\n<\/div>\n\n","protected":false},"excerpt":{"rendered":"<p>NUEVO\u00a1Ahora puedes escuchar art\u00edculos de Fox News! La polic\u00eda francesa arrest\u00f3 a cientos de manifestantes el mi\u00e9rcoles cuando bloquearon todo lo que estall\u00f3 en todo el pa\u00eds, con multitudes cerrando las carreteras, encendiendo fuegos y chocas con las autoridades. El Ministerio del Interior del Gobierno anunci\u00f3 295 arrestos en las primeras horas de lo que &hellip;<\/p>\n","protected":false},"author":1,"featured_media":43136,"comment_status":"open","ping_status":"open","sticky":false,"template":"","format":"standard","meta":{"fifu_image_url":"https:\/\/static.foxnews.com\/foxnews.com\/content\/uploads\/2025\/09\/france-block-everything-protests-1.jpg","fifu_image_alt":"","footnotes":""},"categories":[13],"tags":[],"class_list":["post-43134","post","type-post","status-publish","format-standard","has-post-thumbnail","","category-mundo"],"_links":{"self":[{"href":"https:\/\/noticiasveraces.com\/index.php?rest_route=\/wp\/v2\/posts\/43134","targetHints":{"allow":["GET"]}}],"collection":[{"href":"https:\/\/noticiasveraces.com\/index.php?rest_route=\/wp\/v2\/posts"}],"about":[{"href":"https:\/\/noticiasveraces.com\/index.php?rest_route=\/wp\/v2\/types\/post"}],"author":[{"embeddable":true,"href":"https:\/\/noticiasveraces.com\/index.php?rest_route=\/wp\/v2\/users\/1"}],"replies":[{"embeddable":true,"href":"https:\/\/noticiasveraces.com\/index.php?rest_route=%2Fwp%2Fv2%2Fcomments&post=43134"}],"version-history":[{"count":0,"href":"https:\/\/noticiasveraces.com\/index.php?rest_route=\/wp\/v2\/posts\/43134\/revisions"}],"wp:featuredmedia":[{"embeddable":true,"href":"https:\/\/noticiasveraces.com\/index.php?rest_route=\/wp\/v2\/media\/43136"}],"wp:attachment":[{"href":"https:\/\/noticiasveraces.com\/index.php?rest_route=%2Fwp%2Fv2%2Fmedia&parent=43134"}],"wp:term":[{"taxonomy":"category","embeddable":true,"href":"https:\/\/noticiasveraces.com\/index.php?rest_route=%2Fwp%2Fv2%2Fcategories&post=43134"},{"taxonomy":"post_tag","embeddable":true,"href":"https:\/\/noticiasveraces.com\/index.php?rest_route=%2Fwp%2Fv2%2Ftags&post=43134"}],"curies":[{"name":"wp","href":"https:\/\/api.w.org\/{rel}","templated":true}]}}