{"id":43131,"date":"2025-09-14T07:27:07","date_gmt":"2025-09-14T11:27:07","guid":{"rendered":"https:\/\/noticiasveraces.com\/?p=43131"},"modified":"2025-09-14T07:27:07","modified_gmt":"2025-09-14T11:27:07","slug":"los-lideres-mundiales-reaccionan-al-asesinato-de-charlie-kirk","status":"publish","type":"post","link":"https:\/\/noticiasveraces.com\/?p=43131","title":{"rendered":"Los l\u00edderes mundiales reaccionan al asesinato de Charlie Kirk"},"content":{"rendered":"<p> \n<\/p>\n<div>\n<div id=\"beyondwords-wrapper\" class=\"beyondwords-wrapper\">\n<p><span class=\"label-bg\">NUEVO<\/span>\u00a1Ahora puedes escuchar art\u00edculos de Fox News!\n  <\/p>\n<\/div>\n<p class=\"speakable\">Los l\u00edderes mundiales reaccionaron el mi\u00e9rcoles a la noticia de que la personalidad conservadora de los medios y cofundador de Turning Point USA, Charlie Kirk, de 31 a\u00f1os, esposo y padre de dos hijos, fue asesinado durante un evento de oratoria en la Universidad de Utah Valley. <\/p>\n<p class=\"speakable\">El presidente Donald Trump confirm\u00f3 en un puesto de redes sociales que Kirk, que fue hospitalizado despu\u00e9s de recibir un disparo y sufrir una herida en el cuello, hab\u00eda sido asesinado. <\/p>\n<p><strong><u>Actualizaciones en vivo: Manhunt para Charlie Kirk Shooter contin\u00faa<\/u><\/strong><\/p>\n<div class=\"image-ct inline\">\n<div class=\"m\"><picture><source media=\"(max-width: 767px)\" srcset=\"https:\/\/a57.foxnews.com\/static.foxnews.com\/foxnews.com\/content\/uploads\/2025\/09\/343\/192\/donald-trump-charlie-kirk.jpg?ve=1&amp;tl=1, https:\/\/a57.foxnews.com\/static.foxnews.com\/foxnews.com\/content\/uploads\/2025\/09\/686\/384\/donald-trump-charlie-kirk.jpg?ve=1&amp;tl=1 2x\" height=\"192\" width=\"343\"><source media=\"(min-width: 768px) and (max-width: 1023px)\" srcset=\"https:\/\/a57.foxnews.com\/static.foxnews.com\/foxnews.com\/content\/uploads\/2025\/09\/672\/378\/donald-trump-charlie-kirk.jpg?ve=1&amp;tl=1, https:\/\/a57.foxnews.com\/static.foxnews.com\/foxnews.com\/content\/uploads\/2025\/09\/1344\/756\/donald-trump-charlie-kirk.jpg?ve=1&amp;tl=1 2x\" height=\"378\" width=\"672\"><source media=\"(min-width: 1024px) and (max-width: 1279px)\" srcset=\"https:\/\/a57.foxnews.com\/static.foxnews.com\/foxnews.com\/content\/uploads\/2025\/09\/931\/523\/donald-trump-charlie-kirk.jpg?ve=1&amp;tl=1, https:\/\/a57.foxnews.com\/static.foxnews.com\/foxnews.com\/content\/uploads\/2025\/09\/1862\/1046\/donald-trump-charlie-kirk.jpg?ve=1&amp;tl=1 2x\" height=\"523\" width=\"931\"><source media=\"(min-width: 1280px)\" srcset=\"https:\/\/a57.foxnews.com\/static.foxnews.com\/foxnews.com\/content\/uploads\/2025\/09\/720\/405\/donald-trump-charlie-kirk.jpg?ve=1&amp;tl=1, https:\/\/a57.foxnews.com\/static.foxnews.com\/foxnews.com\/content\/uploads\/2025\/09\/1440\/810\/donald-trump-charlie-kirk.jpg?ve=1&amp;tl=1 2x\" height=\"405\" width=\"720\"><img loading=\"lazy\" decoding=\"async\" src=\"https:\/\/a57.foxnews.com\/static.foxnews.com\/foxnews.com\/content\/uploads\/2025\/09\/1200\/675\/donald-trump-charlie-kirk.jpg?ve=1&amp;tl=1\" alt=\"El presidente Trump participa en la discusi\u00f3n en panel en la pr\u00f3xima cumbre de la pr\u00f3xima Casa Blanca.\" width=\"1200\" height=\"675\"\/><\/source><\/source><\/source><\/source><\/picture><\/div>\n<div class=\"info\">\n<div class=\"caption\">\n<p><span>El presidente Donald Trump da la mano al activista conservador Charlie Kirk en un foro denominado la pr\u00f3xima cumbre de la pr\u00f3xima generaci\u00f3n en la Casa Blanca en Washington, DC, el 22 de marzo de 2018.<\/span> <span>(Mark Wilson\/Getty Images)<\/span><\/p>\n<\/div>\n<\/div>\n<\/div>\n<h2>Los l\u00edderes mundiales reaccionan<\/h2>\n<h3>HUNGR\u00cdA<\/h3>\n<p>El primer ministro h\u00fangaro, Viktor Orban, acudi\u00f3 a las redes sociales el jueves y dijo: \u00abAyer, perdimos un verdadero defensor de la fe y la libertad\u00bb.<\/p>\n<p>\u00abNuestras m\u00e1s profundas condolencias van a la familia Kirk y al pueblo estadounidense\u00bb, agreg\u00f3. <\/p>\n<h3>FRANCIA<\/h3>\n<p>Un portavoz del Ministerio de Relaciones Exteriores habl\u00f3 en nombre de Par\u00eds y dijo: \u00abFrancia expresa su profunda conmoci\u00f3n por el asesinato de Charlie Kirk\u00bb.<\/p>\n<p>\u00abFrancia reitera su rechazo absoluto de todas las formas de violencia pol\u00edtica y reafirma su compromiso con la necesidad de un di\u00e1logo tranquilo y respetuoso, una base esencial para cualquier democracia\u00bb, agreg\u00f3 el portavoz en un comunicado enviado a Fox News Digital. <\/p>\n<h3>ISRAEL<\/h3>\n<p>El primer ministro israel\u00ed, Benjamin Netanyahu, fue uno de los primeros en compartir su dolor en las noticias en las redes sociales el mi\u00e9rcoles por la noche y dijo: \u00abCharlie Kirk fue asesinado por hablar verdad y defender la libertad. <\/p>\n<p>\u00abUn amigo de coraz\u00f3n le\u00f3n de Israel, luch\u00f3 contra las mentiras y se puso de pie para la civilizaci\u00f3n judeocristiana\u00bb, agreg\u00f3, y se\u00f1al\u00f3 que habl\u00f3 con Kirk hace solo dos semanas y lo invit\u00f3 a Israel.<\/p>\n<p>\u00abLamentablemente, esa visita no tendr\u00e1 lugar. Perdimos un ser humano incre\u00edble\u00bb, agreg\u00f3 Netanyahu. \u00abSu orgullo ilimitado en Estados Unidos y su valiente creencia en la libertad de expresi\u00f3n dejar\u00e1n un impacto duradero. Descansa en paz, Charlie Kirk\u00bb.<\/p>\n<h3>ITALIA<\/h3>\n<p>La primera ministra de Italia, Giorgia Meloni, tambi\u00e9n ofreci\u00f3 sus condolencias y dijo en X que estaba \u00absorprendida por la noticia de la muerte de Charlie Kirk\u00bb.<\/p>\n<p>\u00abUn asesinato atroz, una herida profunda para la democracia y para aquellos que creen en la libertad\u00bb, dijo. \u00abMis condolencias a su familia, a sus seres queridos y a la comunidad conservadora estadounidense\u00bb.<\/p>\n<div class=\"image-ct inline\">\n<div class=\"m\"><picture><source media=\"(max-width: 767px)\" srcset=\"https:\/\/a57.foxnews.com\/static.foxnews.com\/foxnews.com\/content\/uploads\/2025\/09\/343\/192\/charlie-kirk-and-erika-kirk-on-christmas-2024.jpg?ve=1&amp;tl=1, https:\/\/a57.foxnews.com\/static.foxnews.com\/foxnews.com\/content\/uploads\/2025\/09\/686\/384\/charlie-kirk-and-erika-kirk-on-christmas-2024.jpg?ve=1&amp;tl=1 2x\" height=\"192\" width=\"343\"><source media=\"(min-width: 768px) and (max-width: 1023px)\" srcset=\"https:\/\/a57.foxnews.com\/static.foxnews.com\/foxnews.com\/content\/uploads\/2025\/09\/672\/378\/charlie-kirk-and-erika-kirk-on-christmas-2024.jpg?ve=1&amp;tl=1, https:\/\/a57.foxnews.com\/static.foxnews.com\/foxnews.com\/content\/uploads\/2025\/09\/1344\/756\/charlie-kirk-and-erika-kirk-on-christmas-2024.jpg?ve=1&amp;tl=1 2x\" height=\"378\" width=\"672\"><source media=\"(min-width: 1024px) and (max-width: 1279px)\" srcset=\"https:\/\/a57.foxnews.com\/static.foxnews.com\/foxnews.com\/content\/uploads\/2025\/09\/931\/523\/charlie-kirk-and-erika-kirk-on-christmas-2024.jpg?ve=1&amp;tl=1, https:\/\/a57.foxnews.com\/static.foxnews.com\/foxnews.com\/content\/uploads\/2025\/09\/1862\/1046\/charlie-kirk-and-erika-kirk-on-christmas-2024.jpg?ve=1&amp;tl=1 2x\" height=\"523\" width=\"931\"><source media=\"(min-width: 1280px)\" srcset=\"https:\/\/a57.foxnews.com\/static.foxnews.com\/foxnews.com\/content\/uploads\/2025\/09\/720\/405\/charlie-kirk-and-erika-kirk-on-christmas-2024.jpg?ve=1&amp;tl=1, https:\/\/a57.foxnews.com\/static.foxnews.com\/foxnews.com\/content\/uploads\/2025\/09\/1440\/810\/charlie-kirk-and-erika-kirk-on-christmas-2024.jpg?ve=1&amp;tl=1 2x\" height=\"405\" width=\"720\"><img loading=\"lazy\" decoding=\"async\" src=\"https:\/\/a57.foxnews.com\/static.foxnews.com\/foxnews.com\/content\/uploads\/2025\/09\/1200\/675\/charlie-kirk-and-erika-kirk-on-christmas-2024.jpg?ve=1&amp;tl=1\" alt=\"Charlie Kirk con familia\" width=\"1200\" height=\"675\"\/><\/source><\/source><\/source><\/source><\/picture><\/div>\n<div class=\"info\">\n<div class=\"caption\">\n<p><span>Charile Kirk y su esposa, Erika Lane Frantzve y sus dos hijos en Navidad en diciembre de 2024.<\/span> <span>(Charlie Kirk a trav\u00e9s de Facebook)<\/span><\/p>\n<\/div>\n<\/div>\n<\/div>\n<p><strong>Asesinato de Charlie Kirk: persona de inter\u00e9s bajo custodia despu\u00e9s del tiroteo en el campus de Utah<\/strong><\/p>\n<h3>Argentina<\/h3>\n<p>El presidente de Argentina Javier Milei comparti\u00f3 una foto de s\u00ed mismo con Kirk y el ex representante conservador de la Florida Matt Gaetz junto con sus condolencias a la familia de Kirk \u00aby con todos los j\u00f3venes del mundo que lo admiraban y lo escucharon\u00bb.<\/p>\n<p>\u00abUn formidable diseminador de las ideas de libertad y defensor firme de Occidente\u00bb, dijo Milei, antes de llamarlo la \u00abv\u00edctima de un asesinato atroz\u00bb y culpar a la \u00abizquierda\u00bb, aunque los funcionarios de la ley no han confirmado qui\u00e9n le dispar\u00f3 a Kirk. <\/p>\n<p>\u00abEl mundo entero perdi\u00f3 un ser humano incre\u00edble\u00bb, agreg\u00f3.<\/p>\n<h3>REINO UNIDO<\/h3>\n<p>El primer ministro del Reino Unido, Keir Starmer, tambi\u00e9n expres\u00f3 sus condolencias y critic\u00f3 todas las formas de violencia pol\u00edtica en una publicaci\u00f3n sobre X, se\u00f1alando que sus \u00abpensamientos esta noche est\u00e1n con los seres queridos de Charlie Kirk\u00bb. <\/p>\n<p>\u00abEs desgarrador que una joven familia haya sido robada de un padre y un esposo\u00bb, agreg\u00f3. \u00abTodos debemos ser libres de debatir abiertamente y libremente sin miedo, no puede haber justificaci\u00f3n para la violencia pol\u00edtica\u00bb.<\/p>\n<p>Hubo numerosos mensajes de protesta por el liderazgo en todo el Reino Unido, incluso del l\u00edder de Reform UK, Nigel Farage, quien tambi\u00e9n comparti\u00f3 una imagen de s\u00ed mismo con Kirk y dijo: \u00abEste es un d\u00eda muy oscuro para la democracia estadounidense\u00bb.<\/p>\n<p>\u00abEstoy desesperadamente triste por Charlie, su esposa e hijos\u00bb, agreg\u00f3. <\/p>\n<div class=\"image-ct inline\">\n<div class=\"m\"><picture><source media=\"(max-width: 767px)\" srcset=\"https:\/\/a57.foxnews.com\/static.foxnews.com\/foxnews.com\/content\/uploads\/2025\/09\/343\/192\/charlie-kirk-shot-utah-108.jpg?ve=1&amp;tl=1, https:\/\/a57.foxnews.com\/static.foxnews.com\/foxnews.com\/content\/uploads\/2025\/09\/686\/384\/charlie-kirk-shot-utah-108.jpg?ve=1&amp;tl=1 2x\" height=\"192\" width=\"343\"><source media=\"(min-width: 768px) and (max-width: 1023px)\" srcset=\"https:\/\/a57.foxnews.com\/static.foxnews.com\/foxnews.com\/content\/uploads\/2025\/09\/672\/378\/charlie-kirk-shot-utah-108.jpg?ve=1&amp;tl=1, https:\/\/a57.foxnews.com\/static.foxnews.com\/foxnews.com\/content\/uploads\/2025\/09\/1344\/756\/charlie-kirk-shot-utah-108.jpg?ve=1&amp;tl=1 2x\" height=\"378\" width=\"672\"><source media=\"(min-width: 1024px) and (max-width: 1279px)\" srcset=\"https:\/\/a57.foxnews.com\/static.foxnews.com\/foxnews.com\/content\/uploads\/2025\/09\/931\/523\/charlie-kirk-shot-utah-108.jpg?ve=1&amp;tl=1, https:\/\/a57.foxnews.com\/static.foxnews.com\/foxnews.com\/content\/uploads\/2025\/09\/1862\/1046\/charlie-kirk-shot-utah-108.jpg?ve=1&amp;tl=1 2x\" height=\"523\" width=\"931\"><source media=\"(min-width: 1280px)\" srcset=\"https:\/\/a57.foxnews.com\/static.foxnews.com\/foxnews.com\/content\/uploads\/2025\/09\/720\/405\/charlie-kirk-shot-utah-108.jpg?ve=1&amp;tl=1, https:\/\/a57.foxnews.com\/static.foxnews.com\/foxnews.com\/content\/uploads\/2025\/09\/1440\/810\/charlie-kirk-shot-utah-108.jpg?ve=1&amp;tl=1 2x\" height=\"405\" width=\"720\"><img loading=\"lazy\" decoding=\"async\" src=\"https:\/\/a57.foxnews.com\/static.foxnews.com\/foxnews.com\/content\/uploads\/2025\/09\/1200\/675\/charlie-kirk-shot-utah-108.jpg?ve=1&amp;tl=1\" alt=\"Charlie Kirk y su familia\" width=\"1200\" height=\"675\"\/><\/source><\/source><\/source><\/source><\/picture><\/div>\n<div class=\"info\">\n<div class=\"caption\">\n<p><span>Charile Kirk y su esposa, Erika Lane Frantzve y sus dos hijos, antes de su asesinato el 10 de septiembre de 2025.<\/span> <span>(Erika Kirk a trav\u00e9s de Instagram)<\/span><\/p>\n<\/div>\n<\/div>\n<\/div>\n<h3>NUEVA ZELANDA<\/h3>\n<p>El Ministro de Asuntos Exteriores de Nueva Zelanda, Winston Peters, tambi\u00e9n denunci\u00f3 el surgimiento de la violencia pol\u00edtica y la amenaza que representa para la democracia. <\/p>\n<p>\u00abEs tr\u00e1gico que ahora vivamos en un mundo que las diferencias de opini\u00f3n se encuentran con un arma\u00bb, dijo sobre X, se\u00f1alando que la muerte de Kirk no es simplemente \u00abviolencia pol\u00edtica\u00bb sino \u00abun asesinato\u00bb.<\/p>\n<p><strong>Haga clic aqu\u00ed para obtener la aplicaci\u00f3n Fox News<\/strong><\/p>\n<p>\u00abLa tragedia absoluta es que Kirk viaj\u00f3 ampliamente por los campus universitarios para dar un micr\u00f3fono abierto y un debate a todos, y todos fueron bienvenidos\u00bb, dijo Peters. \u00abLa esencia de la democracia est\u00e1 amenazada en todo el mundo y debemos hacer todo lo posible para protegerla\u00bb.<\/p>\n<p> <!----> <\/p>\n<div class=\"article-meta\">\n<div class=\"author-bio\">\n<p>Caitlin McFall es reportero de Fox News Digital Cubting Politics, US y World News.<\/p>\n<\/div>\n<\/div>\n<\/div>\n\n","protected":false},"excerpt":{"rendered":"<p>NUEVO\u00a1Ahora puedes escuchar art\u00edculos de Fox News! Los l\u00edderes mundiales reaccionaron el mi\u00e9rcoles a la noticia de que la personalidad conservadora de los medios y cofundador de Turning Point USA, Charlie Kirk, de 31 a\u00f1os, esposo y padre de dos hijos, fue asesinado durante un evento de oratoria en la Universidad de Utah Valley. El &hellip;<\/p>\n","protected":false},"author":1,"featured_media":43133,"comment_status":"open","ping_status":"open","sticky":false,"template":"","format":"standard","meta":{"fifu_image_url":"https:\/\/static.foxnews.com\/foxnews.com\/content\/uploads\/2025\/09\/charlie-kirk-and-erika-kirk-on-christmas-2024.jpg","fifu_image_alt":"","footnotes":""},"categories":[13],"tags":[],"class_list":["post-43131","post","type-post","status-publish","format-standard","has-post-thumbnail","","category-mundo"],"_links":{"self":[{"href":"https:\/\/noticiasveraces.com\/index.php?rest_route=\/wp\/v2\/posts\/43131","targetHints":{"allow":["GET"]}}],"collection":[{"href":"https:\/\/noticiasveraces.com\/index.php?rest_route=\/wp\/v2\/posts"}],"about":[{"href":"https:\/\/noticiasveraces.com\/index.php?rest_route=\/wp\/v2\/types\/post"}],"author":[{"embeddable":true,"href":"https:\/\/noticiasveraces.com\/index.php?rest_route=\/wp\/v2\/users\/1"}],"replies":[{"embeddable":true,"href":"https:\/\/noticiasveraces.com\/index.php?rest_route=%2Fwp%2Fv2%2Fcomments&post=43131"}],"version-history":[{"count":0,"href":"https:\/\/noticiasveraces.com\/index.php?rest_route=\/wp\/v2\/posts\/43131\/revisions"}],"wp:featuredmedia":[{"embeddable":true,"href":"https:\/\/noticiasveraces.com\/index.php?rest_route=\/wp\/v2\/media\/43133"}],"wp:attachment":[{"href":"https:\/\/noticiasveraces.com\/index.php?rest_route=%2Fwp%2Fv2%2Fmedia&parent=43131"}],"wp:term":[{"taxonomy":"category","embeddable":true,"href":"https:\/\/noticiasveraces.com\/index.php?rest_route=%2Fwp%2Fv2%2Fcategories&post=43131"},{"taxonomy":"post_tag","embeddable":true,"href":"https:\/\/noticiasveraces.com\/index.php?rest_route=%2Fwp%2Fv2%2Ftags&post=43131"}],"curies":[{"name":"wp","href":"https:\/\/api.w.org\/{rel}","templated":true}]}}