{"id":43128,"date":"2025-09-14T06:49:15","date_gmt":"2025-09-14T10:49:15","guid":{"rendered":"https:\/\/noticiasveraces.com\/?p=43128"},"modified":"2025-09-14T06:49:15","modified_gmt":"2025-09-14T10:49:15","slug":"sudan-mientras-los-ninos-sufren-por-el-conflicto-la-escuela-sigue-siendo-una-esperanza-lejana","status":"publish","type":"post","link":"https:\/\/noticiasveraces.com\/?p=43128","title":{"rendered":"Sud\u00e1n: Mientras los ni\u00f1os sufren por el conflicto, la escuela sigue siendo una esperanza lejana"},"content":{"rendered":"<p> \n<br \/><img decoding=\"async\" src=\"https:\/\/global.unitednations.entermediadb.net\/assets\/mediadb\/services\/module\/asset\/downloads\/preset\/Collections\/Embargoed\/04-04-2025-UNICEF-Sudan-01.jpg\/image560x340cropped.jpg\" \/><\/p>\n<div>\n<p>El Programa Mundial de Alimentos (PMA) advirti\u00f3 este viernes que las familias desplazadas en algunas zonas de Sud\u00e1n no han recibido ninguna ayuda en tres meses, y anunci\u00f3 que, por primera vez, <strong>la falta de financiaci\u00f3n le ha obligado a retirar su apoyo<\/strong> en zonas a las que no tiene acceso.<\/p>\n<p>\u201cLa magnitud de las necesidades en Sud\u00e1n es tan grande que tenemos que tomar decisiones dif\u00edciles sobre qui\u00e9n recibe asistencia y qui\u00e9n no. Son decisiones desgarradoras\u201d, dijo Leni Kinzly, del PMA, en un llamado urgente a obtener m\u00e1s fondos internacionales para ayudar a todos los afectados por m\u00e1s de dos a\u00f1os de guerra.<\/p>\n<p>Los ni\u00f1os son especialmente vulnerables, han advertido los organismos humanitarios, con la malnutrici\u00f3n aumentando r\u00e1pidamente, especialmente entre los m\u00e1s peque\u00f1os y sus madres.<\/p>\n<h2>La educaci\u00f3n, la \u00faltima v\u00edctima<\/h2>\n<p>Seg\u00fan el Fondo de Poblaci\u00f3n de las Naciones Unidas (UNFPA) y socios en el \u00e1mbito educativo, alrededor de 13 millones de los 17 millones de ni\u00f1os que permanecen en Sud\u00e1n est\u00e1n fuera de la escuela.<\/p>\n<p>Esto incluye a siete millones inscritos pero que no pueden asistir a clases debido al conflicto o al desplazamiento, adem\u00e1s de seis millones de ni\u00f1os en edad escolar que ni siquiera se han inscrito para el a\u00f1o acad\u00e9mico.<\/p>\n<p>No obstante, el UNFPA inform\u00f3 que, hasta este mes, el 45 % de las escuelas en Sud\u00e1n (casi 9000) han reabierto, citando datos del Grupo de Educaci\u00f3n Global, que agrupa a 60 entidades de la ONU y otras ONG.<\/p>\n<p>Aunque la situaci\u00f3n en Sud\u00e1n sigue siendo tan grave que volver a la escuela puede no parecer prioritario, las agencias humanitarias insisten en que <strong>la falta de educaci\u00f3n tiene un impacto devastador en las vidas de los j\u00f3venes<\/strong>ya que en las escuelas pueden recibir mucho m\u00e1s que ense\u00f1anza: comida, agua potable, saneamiento e incluso apoyo emocional.<\/p>\n<p>En escuelas reabiertas con apoyo de <em>Salvar a los ni\u00f1os<\/em>por ejemplo, los estudiantes tambi\u00e9n reciben comidas, agua segura, saneamiento y orientaci\u00f3n psicol\u00f3gica por parte de docentes capacitados para ayudarles a procesar su trauma.<\/p>\n<h2>Reconstruyendo vidas<\/h2>\n<p>De noviembre de 2024 a julio de este a\u00f1o, m\u00e1s de dos millones de personas han regresado a sus antiguos hogares en Sud\u00e1n, en alrededor de 1611 localidades.<\/p>\n<p>La mayor\u00eda de estos retornados han llegado a:<\/p>\n<ul>\n<li>AJ Jazirah (48 %),<\/li>\n<li>Jartum (30 %),<\/li>\n<li>Sennar (9 %),<\/li>\n<li>Nilo Azul (7 %), y<\/li>\n<li>Nilo Blanco (5 %)<\/li>\n<\/ul>\n<p>El sistema de seguimiento de desplazamientos de la Organizaci\u00f3n Internacional para las Migraciones (OIM) se\u00f1ala que solo alrededor del 1% volvi\u00f3 a Nilo del Norte y Darfur Occidental.<\/p>\n<p>Un desglose de los datos de la OIM muestra que:<\/p>\n<ul>\n<li>Aproximadamente el 77% (1,5 millones) regresaron desde lugares temporales dentro de Sud\u00e1n.<\/li>\n<li>El 23% restante (alrededor de 455.000) volvi\u00f3 desde el extranjero.<\/li>\n<\/ul>\n<p>Esto representa solo una fracci\u00f3n de los m\u00e1s de 4,2 millones de refugiados que cruzaron a pa\u00edses vecinos desde que estall\u00f3 la guerra el 15 de abril de 2023, entre las Fuerzas Armadas Sudanesas (SAF) y las Fuerzas de Apoyo R\u00e1pido (RSF).<\/p>\n<p>Otros hallazgos clave sobre el <strong>desplazamiento interno<\/strong> en los 18 estados de Sud\u00e1n:<\/p>\n<ul>\n<li>Al inicio de la guerra, las personas fueron desplazadas principalmente de Jartum (31%), Darfur del Sur (21%) y Darfur del Norte (20%).<\/li>\n<li>La mayor proporci\u00f3n de desplazados internos se encuentra en Darfur del Sur (19%), Darfur del Norte (18%) y Darfur Central (10%).<\/li>\n<li>M\u00e1s de la mitad (53%) de los que huyen de la violencia son ni\u00f1os.<\/li>\n<\/ul>\n<h2>Una vida que se escapa<\/h2>\n<p>Entre las j\u00f3venes v\u00edctimas del conflicto, la peque\u00f1a Aysha Jebrellah, de 18 meses, fue ingresada para recibir tratamiento por desnutrici\u00f3n aguda severa en el Hospital Pedi\u00e1trico de Puerto Sud\u00e1n.<\/p>\n<p>Su madre, Aziza, ha estado a su lado mientras los equipos m\u00e9dicos le proporcionan apoyo nutricional vital y tratan las complicaciones m\u00e9dicas derivadas de su condici\u00f3n.<\/p>\n<p>Aziza fue desplazada junto con su familia desde Jartum cuando estall\u00f3 el conflicto hace m\u00e1s de dos a\u00f1os. Primero huyeron a Kassala y luego se trasladaron a Puerto Sud\u00e1n, donde ahora viven con parientes.<\/p>\n<p>Relat\u00f3 que su hija sufri\u00f3 diarrea y fiebre durante unas dos semanas antes de ser ingresada en el hospital. Para entonces, ya no com\u00eda y parec\u00eda apagarse ante sus ojos.<\/p>\n<p>\u201cCuando se negaba incluso a probar bocado y segu\u00eda debilit\u00e1ndose, tuve miedo de perderla\u201d, cuenta Aziza. \u201cAhora tengo esperanza de que se recupere\u201d.<\/p>\n<p>Para apoyar las necesidades sanitarias en Sud\u00e1n, la Organizaci\u00f3n Mundial de la Salud (OMS) lanz\u00f3 un llamado por 135 millones de d\u00f3lares, pero hasta ahora solo se ha financiado un quinto.<\/p>\n<p>\u00ab<strong>Es solo una fracci\u00f3n de lo que se necesita con urgencia<\/strong>\u201d, afirm\u00f3 la agencia.<\/p>\n<\/div>\n\n","protected":false},"excerpt":{"rendered":"<p>El Programa Mundial de Alimentos (PMA) advirti\u00f3 este viernes que las familias desplazadas en algunas zonas de Sud\u00e1n no han recibido ninguna ayuda en tres meses, y anunci\u00f3 que, por primera vez, la falta de financiaci\u00f3n le ha obligado a retirar su apoyo en zonas a las que no tiene acceso. \u201cLa magnitud de las &hellip;<\/p>\n","protected":false},"author":1,"featured_media":43130,"comment_status":"open","ping_status":"open","sticky":false,"template":"","format":"standard","meta":{"fifu_image_url":"https:\/\/global.unitednations.entermediadb.net\/assets\/mediadb\/services\/module\/asset\/downloads\/preset\/Collections\/Embargoed\/04-04-2025-UNICEF-Sudan-01.jpg\/image770x420cropped.jpg","fifu_image_alt":"","footnotes":""},"categories":[3],"tags":[],"class_list":["post-43128","post","type-post","status-publish","format-standard","has-post-thumbnail","","category-negocio"],"_links":{"self":[{"href":"https:\/\/noticiasveraces.com\/index.php?rest_route=\/wp\/v2\/posts\/43128","targetHints":{"allow":["GET"]}}],"collection":[{"href":"https:\/\/noticiasveraces.com\/index.php?rest_route=\/wp\/v2\/posts"}],"about":[{"href":"https:\/\/noticiasveraces.com\/index.php?rest_route=\/wp\/v2\/types\/post"}],"author":[{"embeddable":true,"href":"https:\/\/noticiasveraces.com\/index.php?rest_route=\/wp\/v2\/users\/1"}],"replies":[{"embeddable":true,"href":"https:\/\/noticiasveraces.com\/index.php?rest_route=%2Fwp%2Fv2%2Fcomments&post=43128"}],"version-history":[{"count":0,"href":"https:\/\/noticiasveraces.com\/index.php?rest_route=\/wp\/v2\/posts\/43128\/revisions"}],"wp:featuredmedia":[{"embeddable":true,"href":"https:\/\/noticiasveraces.com\/index.php?rest_route=\/wp\/v2\/media\/43130"}],"wp:attachment":[{"href":"https:\/\/noticiasveraces.com\/index.php?rest_route=%2Fwp%2Fv2%2Fmedia&parent=43128"}],"wp:term":[{"taxonomy":"category","embeddable":true,"href":"https:\/\/noticiasveraces.com\/index.php?rest_route=%2Fwp%2Fv2%2Fcategories&post=43128"},{"taxonomy":"post_tag","embeddable":true,"href":"https:\/\/noticiasveraces.com\/index.php?rest_route=%2Fwp%2Fv2%2Ftags&post=43128"}],"curies":[{"name":"wp","href":"https:\/\/api.w.org\/{rel}","templated":true}]}}