{"id":43112,"date":"2025-09-14T06:26:17","date_gmt":"2025-09-14T10:26:17","guid":{"rendered":"https:\/\/noticiasveraces.com\/?p=43112"},"modified":"2025-09-14T06:26:17","modified_gmt":"2025-09-14T10:26:17","slug":"la-tension-del-reservista-de-idf-intensifica-el-debate-del-borrador-ultraortodoxo-a-medida-que-la-guerra-de-gaza-se-expande","status":"publish","type":"post","link":"https:\/\/noticiasveraces.com\/?p=43112","title":{"rendered":"La tensi\u00f3n del reservista de IDF intensifica el debate del borrador ultraortodoxo a medida que la guerra de Gaza se expande"},"content":{"rendered":"<p> \n<\/p>\n<div>\n<div class=\"featured featured-video video-ct\" data-v-324c3b57=\"\"><!----> <\/p>\n<div class=\"contain\" data-v-324c3b57=\"\">  <!----> <\/p>\n<div class=\"info\" data-v-324c3b57=\"\">\n<div class=\"caption\" data-v-324c3b57=\"\">\n<h4 class=\"title\" data-v-324c3b57=\"\">Tropas de las FDI en Gaza<\/h4>\n<p data-v-324c3b57=\"\">La FDI dice que recientemente oper\u00f3 y concluy\u00f3 el rodeo de Tel al-Sultan en Gaza. (Video de IDF).<\/p>\n<\/div>\n<\/div>\n<\/div>\n<\/div>\n<div id=\"beyondwords-wrapper\" class=\"beyondwords-wrapper\">\n<p><span class=\"label-bg\">NUEVO<\/span>\u00a1Ahora puedes escuchar art\u00edculos de Fox News!\n  <\/p>\n<\/div>\n<p class=\"speakable\">A medida que Israel moviliza a 60,000 reservistas adicionales para su ofensiva de la ciudad de Gaza, el primer ministro Benjamin Netanyahu enfrenta un enfrentamiento sobre el servicio militar obligatorio para la comunidad ultraortodoxa, un debate agudizado por la tensi\u00f3n de los reservistas sacados de sus familias durante meses a la vez.<\/p>\n<p class=\"speakable\">Durante la Guerra de Independencia de Israel de 1948, el primer ministro David Ben-Gurion lleg\u00f3 a un acuerdo con la comunidad ultraortodoxa para eximir a los estudiantes b\u00edblicos a tiempo completo del ej\u00e9rcito. El acuerdo, conocido como \u00abTorato Manuto\u00bb, literalmente \u00absu Tor\u00e1 es su ocupaci\u00f3n\u00bb, originalmente se aplic\u00f3 a solo unos pocos cientos de estudiantes. <\/p>\n<p>Hoy, esa comunidad representa aproximadamente el 15% de la poblaci\u00f3n de 10 millones de Israel, una acci\u00f3n que se proyecta que crecer\u00e1 a aproximadamente un tercio para 2050 debido a las altas tasas de natalidad.<\/p>\n<p><strong>Netanyahu de Israel se aferra al poder, el intento de disolver el gobierno se queda corto<\/strong><\/p>\n<div class=\"image-ct inline\">\n<div class=\"m\"><picture><source media=\"(max-width: 767px)\" srcset=\"https:\/\/a57.foxnews.com\/static.foxnews.com\/foxnews.com\/content\/uploads\/2025\/08\/343\/192\/eyal-zamir-idf-gaza-1.jpg?ve=1&amp;tl=1, https:\/\/a57.foxnews.com\/static.foxnews.com\/foxnews.com\/content\/uploads\/2025\/08\/686\/384\/eyal-zamir-idf-gaza-1.jpg?ve=1&amp;tl=1 2x\" height=\"192\" width=\"343\"><source media=\"(min-width: 768px) and (max-width: 1023px)\" srcset=\"https:\/\/a57.foxnews.com\/static.foxnews.com\/foxnews.com\/content\/uploads\/2025\/08\/672\/378\/eyal-zamir-idf-gaza-1.jpg?ve=1&amp;tl=1, https:\/\/a57.foxnews.com\/static.foxnews.com\/foxnews.com\/content\/uploads\/2025\/08\/1344\/756\/eyal-zamir-idf-gaza-1.jpg?ve=1&amp;tl=1 2x\" height=\"378\" width=\"672\"><source media=\"(min-width: 1024px) and (max-width: 1279px)\" srcset=\"https:\/\/a57.foxnews.com\/static.foxnews.com\/foxnews.com\/content\/uploads\/2025\/08\/931\/523\/eyal-zamir-idf-gaza-1.jpg?ve=1&amp;tl=1, https:\/\/a57.foxnews.com\/static.foxnews.com\/foxnews.com\/content\/uploads\/2025\/08\/1862\/1046\/eyal-zamir-idf-gaza-1.jpg?ve=1&amp;tl=1 2x\" height=\"523\" width=\"931\"><source media=\"(min-width: 1280px)\" srcset=\"https:\/\/a57.foxnews.com\/static.foxnews.com\/foxnews.com\/content\/uploads\/2025\/08\/720\/405\/eyal-zamir-idf-gaza-1.jpg?ve=1&amp;tl=1, https:\/\/a57.foxnews.com\/static.foxnews.com\/foxnews.com\/content\/uploads\/2025\/08\/1440\/810\/eyal-zamir-idf-gaza-1.jpg?ve=1&amp;tl=1 2x\" height=\"405\" width=\"720\"><img loading=\"lazy\" decoding=\"async\" src=\"https:\/\/a57.foxnews.com\/static.foxnews.com\/foxnews.com\/content\/uploads\/2025\/08\/1200\/675\/eyal-zamir-idf-gaza-1.jpg?ve=1&amp;tl=1\" alt=\"IDF Jefe de Staff Spild Eyal Zamir\" width=\"1200\" height=\"675\"\/><\/source><\/source><\/source><\/source><\/picture><\/div>\n<div class=\"info\">\n<div class=\"caption\">\n<p><span>El jefe del personal general, LTG Eyal Zamir, realiz\u00f3 una gira de campo en la Franja de Gaza.<\/span> <span>(Unidad de Spokesman de las FDI)<\/span><\/p>\n<\/div>\n<\/div>\n<\/div>\n<p>Cuando la Kn\u00e9set se rompi\u00f3 para su receso de verano a fines de julio, la coalici\u00f3n del primer ministro Benjamin Netanyahu estaba al borde del colapso sobre el tema reclutado, incluso cuando la guerra contra Hamas en Gaza se intensific\u00f3.<\/p>\n<p>El legislador de Likud Yuli Edelstein le dijo a Fox News Digital que el resultado ideal ver\u00eda a los estudiantes de Tor\u00e1 a tiempo completo continuar sus estudios, mientras que aquellos que no participan en el aprendizaje religioso se alistan en las FDI.<\/p>\n<p>\u00abEl Ej\u00e9rcito los necesita, Israel los necesita, y es manejable, podemos hacerlo. Lo que lo hace dif\u00edcil es la falta de un mecanismo de supervisi\u00f3n que los Haredim aceptaran\u00bb, dijo Edelstein.<\/p>\n<p>En julio, el partido Likud de Netanyahu elimin\u00f3 a Edelstein como presidente del influyente Comit\u00e9 de Asuntos Exteriores y Defensa de la Kn\u00e9set despu\u00e9s de que acus\u00f3 p\u00fablicamente a los legisladores de Haredi de negarse a comprometerse en la legislaci\u00f3n que el cuerpo estaba listo para avanzar.<\/p>\n<p>La sacudida se produjo una semana despu\u00e9s de que los partidos ultraortodoxos unidos el juda\u00edsmo de la Tor\u00e1 unida y Shas se retir\u00f3 de la coalici\u00f3n en protesta por la falta de aprobaci\u00f3n de la legislaci\u00f3n eximiendo a los hombres haredi del servicio militar. Sin embargo, no se unieron a unirse a las mociones de oposici\u00f3n sin confianza que podr\u00edan derrocar al gobierno.<\/p>\n<div class=\"image-ct inline\">\n<div class=\"m\"><picture><source media=\"(max-width: 767px)\" srcset=\"https:\/\/a57.foxnews.com\/static.foxnews.com\/foxnews.com\/content\/uploads\/2025\/09\/343\/192\/ultra-orthodox-jews-army-protest-israel.jpg?ve=1&amp;tl=1, https:\/\/a57.foxnews.com\/static.foxnews.com\/foxnews.com\/content\/uploads\/2025\/09\/686\/384\/ultra-orthodox-jews-army-protest-israel.jpg?ve=1&amp;tl=1 2x\" height=\"192\" width=\"343\"><source media=\"(min-width: 768px) and (max-width: 1023px)\" srcset=\"https:\/\/a57.foxnews.com\/static.foxnews.com\/foxnews.com\/content\/uploads\/2025\/09\/672\/378\/ultra-orthodox-jews-army-protest-israel.jpg?ve=1&amp;tl=1, https:\/\/a57.foxnews.com\/static.foxnews.com\/foxnews.com\/content\/uploads\/2025\/09\/1344\/756\/ultra-orthodox-jews-army-protest-israel.jpg?ve=1&amp;tl=1 2x\" height=\"378\" width=\"672\"><source media=\"(min-width: 1024px) and (max-width: 1279px)\" srcset=\"https:\/\/a57.foxnews.com\/static.foxnews.com\/foxnews.com\/content\/uploads\/2025\/09\/931\/523\/ultra-orthodox-jews-army-protest-israel.jpg?ve=1&amp;tl=1, https:\/\/a57.foxnews.com\/static.foxnews.com\/foxnews.com\/content\/uploads\/2025\/09\/1862\/1046\/ultra-orthodox-jews-army-protest-israel.jpg?ve=1&amp;tl=1 2x\" height=\"523\" width=\"931\"><source media=\"(min-width: 1280px)\" srcset=\"https:\/\/a57.foxnews.com\/static.foxnews.com\/foxnews.com\/content\/uploads\/2025\/09\/720\/405\/ultra-orthodox-jews-army-protest-israel.jpg?ve=1&amp;tl=1, https:\/\/a57.foxnews.com\/static.foxnews.com\/foxnews.com\/content\/uploads\/2025\/09\/1440\/810\/ultra-orthodox-jews-army-protest-israel.jpg?ve=1&amp;tl=1 2x\" height=\"405\" width=\"720\"><img loading=\"lazy\" decoding=\"async\" src=\"https:\/\/a57.foxnews.com\/static.foxnews.com\/foxnews.com\/content\/uploads\/2025\/09\/1200\/675\/ultra-orthodox-jews-army-protest-israel.jpg?ve=1&amp;tl=1\" alt=\"Los jud\u00edos ultraortodoxos de Israel protestan el alistamiento militar\" width=\"1200\" height=\"675\"\/><\/source><\/source><\/source><\/source><\/picture><\/div>\n<div class=\"info\">\n<div class=\"caption\">\n<p><span>Los ni\u00f1os jud\u00edos ultraortodoxos se sientan frente a oficiales de polic\u00eda montados durante una manifestaci\u00f3n contra el draft al ej\u00e9rcito israel\u00ed el 27 de junio de 2024 en Bnei Brak, Israel.<\/span> <span>(Son im\u00e1genes de Ron\/Medio Oriente\/AFP Vitty Images)<\/span><\/p>\n<\/div>\n<\/div>\n<\/div>\n<p><strong>Israel advierte sobre un ataque inminente a la ciudad de Gaza, insta a los residentes a huir<\/strong><\/p>\n<p>La Kn\u00e9set se vuelve a reunir para su sesi\u00f3n de invierno el pr\u00f3ximo mes, dando a Netanyahu un poco m\u00e1s de un mes para negociar un acuerdo.<\/p>\n<p>\u00abInsistimos en que cualquiera que se una al ej\u00e9rcito como Haredi deber\u00eda irse como Haredi, e insistimos en que el ej\u00e9rcito construya la infraestructura para hacer eso posible. Realmente entendemos la sensibilidad\u00bb, dijo Edelstein a Fox News Digital.<\/p>\n<p>\u00abLos rabinos, por ahora, no est\u00e1n a favor de que Haredim se una al ej\u00e9rcito, no todos ellos, por supuesto, pero tambi\u00e9n estamos tratando de trabajar con ellos\u00bb, agreg\u00f3.<\/p>\n<p>Ido Keren es el fundador de \u00abKatef le Katef\u00bb (\u00abhombro con hombro\u00bb), una organizaci\u00f3n de j\u00f3venes reservistas militares de todo el espectro pol\u00edtico de Israel que aboga por el reclutamiento universal, tanto como una necesidad de seguridad como una cuesti\u00f3n de igualdad \u00ab.<\/p>\n<div class=\"image-ct inline\">\n<div class=\"m\"><picture><source media=\"(max-width: 767px)\" srcset=\"https:\/\/a57.foxnews.com\/static.foxnews.com\/foxnews.com\/content\/uploads\/2025\/09\/343\/192\/ultra-orthodox-protest-against-idf.jpg?ve=1&amp;tl=1, https:\/\/a57.foxnews.com\/static.foxnews.com\/foxnews.com\/content\/uploads\/2025\/09\/686\/384\/ultra-orthodox-protest-against-idf.jpg?ve=1&amp;tl=1 2x\" height=\"192\" width=\"343\"><source media=\"(min-width: 768px) and (max-width: 1023px)\" srcset=\"https:\/\/a57.foxnews.com\/static.foxnews.com\/foxnews.com\/content\/uploads\/2025\/09\/672\/378\/ultra-orthodox-protest-against-idf.jpg?ve=1&amp;tl=1, https:\/\/a57.foxnews.com\/static.foxnews.com\/foxnews.com\/content\/uploads\/2025\/09\/1344\/756\/ultra-orthodox-protest-against-idf.jpg?ve=1&amp;tl=1 2x\" height=\"378\" width=\"672\"><source media=\"(min-width: 1024px) and (max-width: 1279px)\" srcset=\"https:\/\/a57.foxnews.com\/static.foxnews.com\/foxnews.com\/content\/uploads\/2025\/09\/931\/523\/ultra-orthodox-protest-against-idf.jpg?ve=1&amp;tl=1, https:\/\/a57.foxnews.com\/static.foxnews.com\/foxnews.com\/content\/uploads\/2025\/09\/1862\/1046\/ultra-orthodox-protest-against-idf.jpg?ve=1&amp;tl=1 2x\" height=\"523\" width=\"931\"><source media=\"(min-width: 1280px)\" srcset=\"https:\/\/a57.foxnews.com\/static.foxnews.com\/foxnews.com\/content\/uploads\/2025\/09\/720\/405\/ultra-orthodox-protest-against-idf.jpg?ve=1&amp;tl=1, https:\/\/a57.foxnews.com\/static.foxnews.com\/foxnews.com\/content\/uploads\/2025\/09\/1440\/810\/ultra-orthodox-protest-against-idf.jpg?ve=1&amp;tl=1 2x\" height=\"405\" width=\"720\"><img loading=\"lazy\" decoding=\"async\" src=\"https:\/\/a57.foxnews.com\/static.foxnews.com\/foxnews.com\/content\/uploads\/2025\/09\/1200\/675\/ultra-orthodox-protest-against-idf.jpg?ve=1&amp;tl=1\" alt=\"Protesta del grupo ultraortodoxo contra el reclutamiento en Israel\" width=\"1200\" height=\"675\"\/><\/source><\/source><\/source><\/source><\/picture><\/div>\n<div class=\"info\">\n<div class=\"caption\">\n<p><span> El grupo jud\u00edo ultraortodoxo se re\u00fane para protestar contra el reclutamiento frente a la Rama Militar de Tel Hashomer en Tel Aviv, Israel el 6 de agosto de 2024. <\/span> <span>(Matan Golan\/Anadolu a trav\u00e9s de Getty Images)<\/span><\/p>\n<\/div>\n<\/div>\n<\/div>\n<p>\u00abEl jefe de personal de las FDI ha dicho que hay una escasez de 10,000 a 12,000 soldados, y estos vac\u00edos deben ser llenos\u00bb, dijo Keren a Fox News Digital. \u00abSi bien 64,000 haredim son elegibles para el alistamiento, no se unen. Durante este tiempo, los reservistas contin\u00faan sirviendo sin pausa.<\/p>\n<p>\u00abNo es l\u00f3gico que los grupos enteros en la sociedad israel\u00ed sirvan y paguen impuestos\u00bb, continu\u00f3, \u00abmientras que otro grupo no sirve, no paga impuestos y obtiene un viaje gratuito gracias a los dem\u00e1s. El estado jud\u00edo se basa en valores de responsabilidad mutua y unidad\u00bb.<\/p>\n<div class=\"image-ct inline\">\n<div class=\"m\"><picture><source media=\"(max-width: 767px)\" srcset=\"https:\/\/a57.foxnews.com\/static.foxnews.com\/foxnews.com\/content\/uploads\/2025\/09\/343\/192\/idf-reservists-protesting.jpg?ve=1&amp;tl=1, https:\/\/a57.foxnews.com\/static.foxnews.com\/foxnews.com\/content\/uploads\/2025\/09\/686\/384\/idf-reservists-protesting.jpg?ve=1&amp;tl=1 2x\" height=\"192\" width=\"343\"><source media=\"(min-width: 768px) and (max-width: 1023px)\" srcset=\"https:\/\/a57.foxnews.com\/static.foxnews.com\/foxnews.com\/content\/uploads\/2025\/09\/672\/378\/idf-reservists-protesting.jpg?ve=1&amp;tl=1, https:\/\/a57.foxnews.com\/static.foxnews.com\/foxnews.com\/content\/uploads\/2025\/09\/1344\/756\/idf-reservists-protesting.jpg?ve=1&amp;tl=1 2x\" height=\"378\" width=\"672\"><source media=\"(min-width: 1024px) and (max-width: 1279px)\" srcset=\"https:\/\/a57.foxnews.com\/static.foxnews.com\/foxnews.com\/content\/uploads\/2025\/09\/931\/523\/idf-reservists-protesting.jpg?ve=1&amp;tl=1, https:\/\/a57.foxnews.com\/static.foxnews.com\/foxnews.com\/content\/uploads\/2025\/09\/1862\/1046\/idf-reservists-protesting.jpg?ve=1&amp;tl=1 2x\" height=\"523\" width=\"931\"><source media=\"(min-width: 1280px)\" srcset=\"https:\/\/a57.foxnews.com\/static.foxnews.com\/foxnews.com\/content\/uploads\/2025\/09\/720\/405\/idf-reservists-protesting.jpg?ve=1&amp;tl=1, https:\/\/a57.foxnews.com\/static.foxnews.com\/foxnews.com\/content\/uploads\/2025\/09\/1440\/810\/idf-reservists-protesting.jpg?ve=1&amp;tl=1 2x\" height=\"405\" width=\"720\"><img loading=\"lazy\" decoding=\"async\" src=\"https:\/\/a57.foxnews.com\/static.foxnews.com\/foxnews.com\/content\/uploads\/2025\/09\/1200\/675\/idf-reservists-protesting.jpg?ve=1&amp;tl=1\" alt=\"Protesta de reservistas de IDF\" width=\"1200\" height=\"675\"\/><\/source><\/source><\/source><\/source><\/picture><\/div>\n<div class=\"info\">\n<div class=\"caption\">\n<p><span>Los reservistas del ej\u00e9rcito israel\u00ed protestan contra un proyecto de ley que otorgar\u00eda exenciones a los jud\u00edos ultraortodoxos de servir en el ej\u00e9rcito, fuera del Ministerio de Defensa Israel\u00ed en Tel Aviv el 26 de diciembre de 2024.<\/span> <span>(Jack Guez\/AFP a trav\u00e9s de Getty Images)<\/span><\/p>\n<\/div>\n<\/div>\n<\/div>\n<p>Keren argument\u00f3 que la soluci\u00f3n radica en hacer cumplir un proyecto de ley universal respaldado por sanciones econ\u00f3micas, en lugar de penales. Reducir los presupuestos p\u00fablicos para aquellos que se niegan a servir, dijo, empujar\u00eda a Haredim a alistarse e ingresar a la fuerza laboral, permiti\u00e9ndoles contribuir a la sociedad israel\u00ed.<\/p>\n<p>Moshe Roth, un ex legislador del Partido de Juda\u00edsmo de la Tor\u00e1 Unida Ultra Nortodoxa, dijo a Fox News Digital que las ra\u00edces del debate se remontan a la fundaci\u00f3n de Israel. \u00abDel establecimiento del estado, se entendi\u00f3 que, como la gente del libro, es vital para la existencia espiritual y nacional del pa\u00eds que una parte de la poblaci\u00f3n se dedica al estudio de la Tor\u00e1\u00bb, dijo.<\/p>\n<p>Roth se\u00f1al\u00f3 que hace unos 20 a\u00f1os, el Tribunal Superior de Israel consider\u00f3 el acuerdo de status quo ilegal por violar el principio de igualdad. Desde entonces, la Kn\u00e9set ha intentado repetidamente, y fallado, aprobar una legislaci\u00f3n abordando el borrador de Haredi.<\/p>\n<div class=\"image-ct inline\">\n<div class=\"m\"><picture><source media=\"(max-width: 767px)\" srcset=\"https:\/\/a57.foxnews.com\/static.foxnews.com\/foxnews.com\/content\/uploads\/2025\/06\/343\/192\/netanyahu-3.jpg?ve=1&amp;tl=1, https:\/\/a57.foxnews.com\/static.foxnews.com\/foxnews.com\/content\/uploads\/2025\/06\/686\/384\/netanyahu-3.jpg?ve=1&amp;tl=1 2x\" height=\"192\" width=\"343\"><source media=\"(min-width: 768px) and (max-width: 1023px)\" srcset=\"https:\/\/a57.foxnews.com\/static.foxnews.com\/foxnews.com\/content\/uploads\/2025\/06\/672\/378\/netanyahu-3.jpg?ve=1&amp;tl=1, https:\/\/a57.foxnews.com\/static.foxnews.com\/foxnews.com\/content\/uploads\/2025\/06\/1344\/756\/netanyahu-3.jpg?ve=1&amp;tl=1 2x\" height=\"378\" width=\"672\"><source media=\"(min-width: 1024px) and (max-width: 1279px)\" srcset=\"https:\/\/a57.foxnews.com\/static.foxnews.com\/foxnews.com\/content\/uploads\/2025\/06\/931\/523\/netanyahu-3.jpg?ve=1&amp;tl=1, https:\/\/a57.foxnews.com\/static.foxnews.com\/foxnews.com\/content\/uploads\/2025\/06\/1862\/1046\/netanyahu-3.jpg?ve=1&amp;tl=1 2x\" height=\"523\" width=\"931\"><source media=\"(min-width: 1280px)\" srcset=\"https:\/\/a57.foxnews.com\/static.foxnews.com\/foxnews.com\/content\/uploads\/2025\/06\/720\/405\/netanyahu-3.jpg?ve=1&amp;tl=1, https:\/\/a57.foxnews.com\/static.foxnews.com\/foxnews.com\/content\/uploads\/2025\/06\/1440\/810\/netanyahu-3.jpg?ve=1&amp;tl=1 2x\" height=\"405\" width=\"720\"><img loading=\"lazy\" decoding=\"async\" src=\"https:\/\/a57.foxnews.com\/static.foxnews.com\/foxnews.com\/content\/uploads\/2025\/06\/1200\/675\/netanyahu-3.jpg?ve=1&amp;tl=1\" alt=\"Netanyahu toca aviones en la base a\u00e9rea\" width=\"1200\" height=\"675\"\/><\/source><\/source><\/source><\/source><\/picture><\/div>\n<div class=\"info\">\n<div class=\"caption\">\n<p><span>El primer ministro Bejamin Netanyahu visite la base a\u00e9rea de Tel Nof el 16 de junio de 2025, acompa\u00f1ado por el ministro de Defensa, Israel Katz, y el Jefe de Gabinete de los FDI, el teniente general Eyal Zamir.<\/span> <span>(GPO)<\/span><\/p>\n<\/div>\n<\/div>\n<\/div>\n<p>\u00abSe ha vuelto pol\u00edticamente cargado y armado. Muchos partidos lo usan como una herramienta para ganar votos, lo que ha hecho que la aprobaci\u00f3n de una ley sea extremadamente dif\u00edcil. Incluso cuando la Kn\u00e9set tiene \u00e9xito, el Tribunal Superior a menudo gobierna que se queda corto\u00bb, dijo Roth. \u00abDesde el 7 de octubre, el problema se ha vuelto a\u00fan m\u00e1s sensible\u00bb.<\/p>\n<p>Seg\u00fan Roth, las FDI se resistieron a redactar Haredim debido a razones culturales. \u00abEl ej\u00e9rcito es progresivo, y los estudiantes de Yeshiva cambiar\u00edan su car\u00e1cter y disuaden a las mujeres de estar integradas. Cambiar\u00e1 la situaci\u00f3n dram\u00e1ticamente; el ej\u00e9rcito no est\u00e1 demasiado interesado en eso\u00bb, dijo.<\/p>\n<p><strong>Israel se lanzar\u00e1 ofensivo de la ciudad de Gaza: altas apuestas, altos costos por delante<\/strong><\/p>\n<p>Durante un recorrido por la Franja de Gaza a fines del mes pasado, el Jefe de Gabinete de la FID, el teniente general Eyal Zamir, pidi\u00f3 alistamiento de todos los sectores.<\/p>\n<p>\u00abLa seguridad de Israel requiere la asociaci\u00f3n completa de todas las partes de la naci\u00f3n. Este es un deber c\u00edvico y un imperativo nacional. Llamo a todos a solicitar y contribuir a su parte por igual; esta es la llamada de la hora\u00bb, dijo Zamir.<\/p>\n<div class=\"image-ct inline\">\n<div class=\"m\"><picture><source media=\"(max-width: 767px)\" srcset=\"https:\/\/a57.foxnews.com\/static.foxnews.com\/foxnews.com\/content\/uploads\/2025\/09\/343\/192\/haredi-soldiers-idf.jpg?ve=1&amp;tl=1, https:\/\/a57.foxnews.com\/static.foxnews.com\/foxnews.com\/content\/uploads\/2025\/09\/686\/384\/haredi-soldiers-idf.jpg?ve=1&amp;tl=1 2x\" height=\"192\" width=\"343\"><source media=\"(min-width: 768px) and (max-width: 1023px)\" srcset=\"https:\/\/a57.foxnews.com\/static.foxnews.com\/foxnews.com\/content\/uploads\/2025\/09\/672\/378\/haredi-soldiers-idf.jpg?ve=1&amp;tl=1, https:\/\/a57.foxnews.com\/static.foxnews.com\/foxnews.com\/content\/uploads\/2025\/09\/1344\/756\/haredi-soldiers-idf.jpg?ve=1&amp;tl=1 2x\" height=\"378\" width=\"672\"><source media=\"(min-width: 1024px) and (max-width: 1279px)\" srcset=\"https:\/\/a57.foxnews.com\/static.foxnews.com\/foxnews.com\/content\/uploads\/2025\/09\/931\/523\/haredi-soldiers-idf.jpg?ve=1&amp;tl=1, https:\/\/a57.foxnews.com\/static.foxnews.com\/foxnews.com\/content\/uploads\/2025\/09\/1862\/1046\/haredi-soldiers-idf.jpg?ve=1&amp;tl=1 2x\" height=\"523\" width=\"931\"><source media=\"(min-width: 1280px)\" srcset=\"https:\/\/a57.foxnews.com\/static.foxnews.com\/foxnews.com\/content\/uploads\/2025\/09\/720\/405\/haredi-soldiers-idf.jpg?ve=1&amp;tl=1, https:\/\/a57.foxnews.com\/static.foxnews.com\/foxnews.com\/content\/uploads\/2025\/09\/1440\/810\/haredi-soldiers-idf.jpg?ve=1&amp;tl=1 2x\" height=\"405\" width=\"720\"><img loading=\"lazy\" decoding=\"async\" src=\"https:\/\/a57.foxnews.com\/static.foxnews.com\/foxnews.com\/content\/uploads\/2025\/09\/1200\/675\/haredi-soldiers-idf.jpg?ve=1&amp;tl=1\" alt=\"IDF Haredi Soldados\" width=\"1200\" height=\"675\"\/><\/source><\/source><\/source><\/source><\/picture><\/div>\n<div class=\"info\">\n<div class=\"caption\">\n<p><span>Los soldados de Netzach Yehuda leen un pergamino de la Tor\u00e1 durante el entrenamiento del batall\u00f3n. Netzach Yehuda es un batall\u00f3n Haredi de la Brigada Kfir en las FDI. <\/span> <span>(Hillel Maeir\/TPS-IL)<\/span><\/p>\n<\/div>\n<\/div>\n<\/div>\n<p>Mientras tanto, las FDI est\u00e1n avanzando para acomodar soldados religiosos. En enero, docenas de reclutas ultraortodoxos se unieron a la nueva brigada de los militares. El Batall\u00f3n Netzah Yehuda, anteriormente Nahal Haredi, permite a los hombres Haredi servir como soldados de combate mientras observan pr\u00e1cticas religiosas estrictas.<\/p>\n<p>En junio, las FDI anunciaron que emitir\u00eda m\u00e1s de 50,000 \u00f3rdenes de borrador a los estudiantes de Yeshiva ultraortodoxos y aumentar\u00eda la aplicaci\u00f3n de la evasi\u00f3n del borrador.<\/p>\n<p>\u00abEstamos intentando cambiar una situaci\u00f3n que ha existido durante 77 a\u00f1os\u00bb, dijo Edelstein de Likud a Fox News Digital. \u00abEs un cambio grande y dif\u00edcil, un cambio aterrador, pero es necesario\u00bb.<\/p>\n<p><strong>Haga clic aqu\u00ed para obtener la aplicaci\u00f3n Fox News<\/strong><\/p>\n<p>\u00abNo tenemos otra opci\u00f3n, tanto por razones militares como sociales\u00bb, dijo.<\/p>\n<p> <!----> <\/p>\n<div class=\"article-meta\">\n<div class=\"author-bio\">\n<p>Amelie Botbol es una periodista independiente con sede en Tel Aviv. Sus art\u00edculos han aparecido en el New York Post, el National Post de Canad\u00e1 y el Washington Times. Amelie se puede seguir en x @datrePorter <\/p>\n<\/div>\n<\/div>\n<\/div>\n\n","protected":false},"excerpt":{"rendered":"<p>Tropas de las FDI en Gaza La FDI dice que recientemente oper\u00f3 y concluy\u00f3 el rodeo de Tel al-Sultan en Gaza. (Video de IDF). NUEVO\u00a1Ahora puedes escuchar art\u00edculos de Fox News! A medida que Israel moviliza a 60,000 reservistas adicionales para su ofensiva de la ciudad de Gaza, el primer ministro Benjamin Netanyahu enfrenta un &hellip;<\/p>\n","protected":false},"author":1,"featured_media":43114,"comment_status":"open","ping_status":"open","sticky":false,"template":"","format":"standard","meta":{"fifu_image_url":"https:\/\/static.foxnews.com\/foxnews.com\/content\/uploads\/2025\/09\/israeli-flag-flutters-over-jerusalem.jpg","fifu_image_alt":"","footnotes":""},"categories":[13],"tags":[],"class_list":["post-43112","post","type-post","status-publish","format-standard","has-post-thumbnail","","category-mundo"],"_links":{"self":[{"href":"https:\/\/noticiasveraces.com\/index.php?rest_route=\/wp\/v2\/posts\/43112","targetHints":{"allow":["GET"]}}],"collection":[{"href":"https:\/\/noticiasveraces.com\/index.php?rest_route=\/wp\/v2\/posts"}],"about":[{"href":"https:\/\/noticiasveraces.com\/index.php?rest_route=\/wp\/v2\/types\/post"}],"author":[{"embeddable":true,"href":"https:\/\/noticiasveraces.com\/index.php?rest_route=\/wp\/v2\/users\/1"}],"replies":[{"embeddable":true,"href":"https:\/\/noticiasveraces.com\/index.php?rest_route=%2Fwp%2Fv2%2Fcomments&post=43112"}],"version-history":[{"count":0,"href":"https:\/\/noticiasveraces.com\/index.php?rest_route=\/wp\/v2\/posts\/43112\/revisions"}],"wp:featuredmedia":[{"embeddable":true,"href":"https:\/\/noticiasveraces.com\/index.php?rest_route=\/wp\/v2\/media\/43114"}],"wp:attachment":[{"href":"https:\/\/noticiasveraces.com\/index.php?rest_route=%2Fwp%2Fv2%2Fmedia&parent=43112"}],"wp:term":[{"taxonomy":"category","embeddable":true,"href":"https:\/\/noticiasveraces.com\/index.php?rest_route=%2Fwp%2Fv2%2Fcategories&post=43112"},{"taxonomy":"post_tag","embeddable":true,"href":"https:\/\/noticiasveraces.com\/index.php?rest_route=%2Fwp%2Fv2%2Ftags&post=43112"}],"curies":[{"name":"wp","href":"https:\/\/api.w.org\/{rel}","templated":true}]}}