{"id":43047,"date":"2025-09-13T16:45:04","date_gmt":"2025-09-13T20:45:04","guid":{"rendered":"https:\/\/noticiasveraces.com\/?p=43047"},"modified":"2025-09-13T16:45:04","modified_gmt":"2025-09-13T20:45:04","slug":"condemios-de-estados-unidos-votan-como-el-grupo-terrorista-de-regalo-para-hamas","status":"publish","type":"post","link":"https:\/\/noticiasveraces.com\/?p=43047","title":{"rendered":"Condemios de Estados Unidos votan como el grupo terrorista de &#8216;regalo para Hamas&#8217;"},"content":{"rendered":"<p> \n<\/p>\n<div>\n<div id=\"beyondwords-wrapper\" class=\"beyondwords-wrapper\">\n<p><span class=\"label-bg\">NUEVO<\/span>\u00a1Ahora puedes escuchar art\u00edculos de Fox News!\n  <\/p>\n<\/div>\n<p class=\"speakable\">La administraci\u00f3n Trump conden\u00f3 el impulso saud\u00ed y franc\u00e9s por el estado palestino en el <u>Naciones Unidas<\/u> El viernes despu\u00e9s de que la Asamblea General aprob\u00f3 la \u00abDeclaraci\u00f3n de Nueva York\u00bb por una votaci\u00f3n de 142 a favor, con Estados Unidos y otros nueve votando en contra y 12 abstenciones. <\/p>\n<p class=\"speakable\">El consejero de las Naciones Unidas de los Estados Unidos, Morgan Ortago, conden\u00f3 la votaci\u00f3n. <\/p>\n<p>\u00abNo se equivoquen: esta resoluci\u00f3n es un regalo para Hamas\u00bb, dijo a los miembros de la Asamblea General.<\/p>\n<p>\u00abEstados Unidos no participar\u00e1 en este insulto a las v\u00edctimas del 7 de octubre, pero continuaremos liderando los esfuerzos del mundo real para poner fin a los combates y entregar una paz permanente. La resoluci\u00f3n de hoy es otro gesto contraproducente que solo recompensa a Hamas, arrastra la guerra y reduce los esfuerzos muy diplom\u00e1ticos para liberar a los rehenes y terminar con la gaza\u00bb.<\/p>\n<p><strong><u>Trump rechaza el movimiento de Macron cuando EE. UU. Salta una cumbre de la ONU en el estado palestino<\/u><\/strong><\/p>\n<p>Un funcionario de la Casa Blanca le dijo a Fox News Digital despu\u00e9s de la votaci\u00f3n: \u00abComo declar\u00f3 el presidente, estar\u00eda recompensando a Hamas y estar\u00eda obstaculizando los esfuerzos para traer a casa a los rehenes si reconoce a un estado palestino, y no cree que deber\u00edan ser recompensados. Entonces, no va a hacer eso\u00bb.<\/p>\n<div class=\"image-ct inline\">\n<div class=\"m\"><picture><source media=\"(max-width: 767px)\" srcset=\"https:\/\/a57.foxnews.com\/static.foxnews.com\/foxnews.com\/content\/uploads\/2025\/09\/343\/192\/morgan-ortagus-un.jpg?ve=1&amp;tl=1, https:\/\/a57.foxnews.com\/static.foxnews.com\/foxnews.com\/content\/uploads\/2025\/09\/686\/384\/morgan-ortagus-un.jpg?ve=1&amp;tl=1 2x\" height=\"192\" width=\"343\"><source media=\"(min-width: 768px) and (max-width: 1023px)\" srcset=\"https:\/\/a57.foxnews.com\/static.foxnews.com\/foxnews.com\/content\/uploads\/2025\/09\/672\/378\/morgan-ortagus-un.jpg?ve=1&amp;tl=1, https:\/\/a57.foxnews.com\/static.foxnews.com\/foxnews.com\/content\/uploads\/2025\/09\/1344\/756\/morgan-ortagus-un.jpg?ve=1&amp;tl=1 2x\" height=\"378\" width=\"672\"><source media=\"(min-width: 1024px) and (max-width: 1279px)\" srcset=\"https:\/\/a57.foxnews.com\/static.foxnews.com\/foxnews.com\/content\/uploads\/2025\/09\/931\/523\/morgan-ortagus-un.jpg?ve=1&amp;tl=1, https:\/\/a57.foxnews.com\/static.foxnews.com\/foxnews.com\/content\/uploads\/2025\/09\/1862\/1046\/morgan-ortagus-un.jpg?ve=1&amp;tl=1 2x\" height=\"523\" width=\"931\"><source media=\"(min-width: 1280px)\" srcset=\"https:\/\/a57.foxnews.com\/static.foxnews.com\/foxnews.com\/content\/uploads\/2025\/09\/720\/405\/morgan-ortagus-un.jpg?ve=1&amp;tl=1, https:\/\/a57.foxnews.com\/static.foxnews.com\/foxnews.com\/content\/uploads\/2025\/09\/1440\/810\/morgan-ortagus-un.jpg?ve=1&amp;tl=1 2x\" height=\"405\" width=\"720\"><img loading=\"lazy\" decoding=\"async\" src=\"https:\/\/a57.foxnews.com\/static.foxnews.com\/foxnews.com\/content\/uploads\/2025\/09\/1200\/675\/morgan-ortagus-un.jpg?ve=1&amp;tl=1\" alt=\"Morgan Ortago\" width=\"1200\" height=\"675\"\/><\/source><\/source><\/source><\/source><\/picture><\/div>\n<div class=\"info\">\n<div class=\"caption\">\n<p><span>Morgan Ortago, consejero estadounidense, habla en la Asamblea General de las Naciones Unidas el 12 de septiembre de 2025.<\/span> <span>(UNTV)<\/span><\/p>\n<\/div>\n<\/div>\n<\/div>\n<p>Propuesta durante una conferencia de las Naciones Unidas en julio, la declaraci\u00f3n est\u00e1 destinada a trazar lo que sus patrocinadores describen como un camino \u00abirreversible\u00bb hacia la estadidad palestina. Condena a Hamas para los ataques del 7 de octubre, exige la liberaci\u00f3n de rehenes y pide a Hamas para renunciar al control de Gaza y entregar sus armas a la autoridad palestina.<\/p>\n<p>En Par\u00eds, el Ministerio de Relaciones Exteriores franc\u00e9s elogi\u00f3 el resultado, calific\u00e1ndolo de un \u00abvoto hist\u00f3rico\u00bb que demostr\u00f3 la determinaci\u00f3n de la comunidad internacional para avanzar en una \u00abhoja de ruta ambiciosa para la paz y la seguridad para todos en la regi\u00f3n\u00bb. <\/p>\n<p><strong><u>Rubio niega las visas a los l\u00edderes palestinos para la Asamblea General de la ONU, citando apoyo terrorista<\/u><\/strong><\/p>\n<div class=\"image-ct inline\">\n<div class=\"m\"><picture><source media=\"(max-width: 767px)\" srcset=\"https:\/\/a57.foxnews.com\/static.foxnews.com\/foxnews.com\/content\/uploads\/2025\/09\/343\/192\/danny-danon-speaks-at-the-un.jpg?ve=1&amp;tl=1, https:\/\/a57.foxnews.com\/static.foxnews.com\/foxnews.com\/content\/uploads\/2025\/09\/686\/384\/danny-danon-speaks-at-the-un.jpg?ve=1&amp;tl=1 2x\" height=\"192\" width=\"343\"><source media=\"(min-width: 768px) and (max-width: 1023px)\" srcset=\"https:\/\/a57.foxnews.com\/static.foxnews.com\/foxnews.com\/content\/uploads\/2025\/09\/672\/378\/danny-danon-speaks-at-the-un.jpg?ve=1&amp;tl=1, https:\/\/a57.foxnews.com\/static.foxnews.com\/foxnews.com\/content\/uploads\/2025\/09\/1344\/756\/danny-danon-speaks-at-the-un.jpg?ve=1&amp;tl=1 2x\" height=\"378\" width=\"672\"><source media=\"(min-width: 1024px) and (max-width: 1279px)\" srcset=\"https:\/\/a57.foxnews.com\/static.foxnews.com\/foxnews.com\/content\/uploads\/2025\/09\/931\/523\/danny-danon-speaks-at-the-un.jpg?ve=1&amp;tl=1, https:\/\/a57.foxnews.com\/static.foxnews.com\/foxnews.com\/content\/uploads\/2025\/09\/1862\/1046\/danny-danon-speaks-at-the-un.jpg?ve=1&amp;tl=1 2x\" height=\"523\" width=\"931\"><source media=\"(min-width: 1280px)\" srcset=\"https:\/\/a57.foxnews.com\/static.foxnews.com\/foxnews.com\/content\/uploads\/2025\/09\/720\/405\/danny-danon-speaks-at-the-un.jpg?ve=1&amp;tl=1, https:\/\/a57.foxnews.com\/static.foxnews.com\/foxnews.com\/content\/uploads\/2025\/09\/1440\/810\/danny-danon-speaks-at-the-un.jpg?ve=1&amp;tl=1 2x\" height=\"405\" width=\"720\"><img loading=\"lazy\" decoding=\"async\" src=\"https:\/\/a57.foxnews.com\/static.foxnews.com\/foxnews.com\/content\/uploads\/2025\/09\/1200\/675\/danny-danon-speaks-at-the-un.jpg?ve=1&amp;tl=1\" alt=\"Danny Daon\" width=\"1200\" height=\"675\"\/><\/source><\/source><\/source><\/source><\/picture><\/div>\n<div class=\"info\">\n<div class=\"caption\">\n<p><span>Danny Danon, embajador de Israel en la ONU, habla durante una reuni\u00f3n de la Asamblea General para votar sobre una soluci\u00f3n de dos estados a la cuesti\u00f3n palestina en la sede de las Naciones Unidas el 12 de septiembre de 2025 en la ciudad de Nueva York. <\/span> <span>(Angela Weiss \/AFP a trav\u00e9s de Getty Images)<\/span><\/p>\n<\/div>\n<\/div>\n<\/div>\n<p>El Ministerio agreg\u00f3 que la declaraci\u00f3n incorpora un apoyo sin precedentes para principios como un alto el fuego inmediato, la liberaci\u00f3n de rehenes y la creaci\u00f3n de un estado palestino viable y soberano y confirm\u00f3 que el proceso continuar\u00e1 en una conferencia de seguimiento en Nueva York el 22 de septiembre, para ser atendido por el presidente Emmanuel Macron.<\/p>\n<p>El embajador de la ONU de Israel, Danny Danon, llam\u00f3 a la votaci\u00f3n del viernes \u00abteatro\u00bb, advirtiendo, \u00abEl \u00fanico beneficiario es Hamas. Cuando los terroristas son los que est\u00e1n animando, no avanzan la paz; est\u00e1s avanzando el terror\u00bb.<\/p>\n<p>Anne Bayefsky, directora del Instituto de Derechos Humanos y Presidenta de Voces de Derechos Humanos y Presidenta de Holocausto y Presidenta de Humanos, dijo a Fox News Digital que la declaraci\u00f3n es \u00abuna amenaza directa para la seguridad nacional estadounidense\u00bb, as\u00ed como \u00abun intento descarado de destruir el estado jud\u00edo. Entrega el derecho de retorno de la masa de retorno.<\/p>\n<div class=\"image-ct inline\">\n<div class=\"m\"><picture><source media=\"(max-width: 767px)\" srcset=\"https:\/\/a57.foxnews.com\/static.foxnews.com\/foxnews.com\/content\/uploads\/2025\/09\/343\/192\/unga-palestinian-vote.jpg?ve=1&amp;tl=1, https:\/\/a57.foxnews.com\/static.foxnews.com\/foxnews.com\/content\/uploads\/2025\/09\/686\/384\/unga-palestinian-vote.jpg?ve=1&amp;tl=1 2x\" height=\"192\" width=\"343\"><source media=\"(min-width: 768px) and (max-width: 1023px)\" srcset=\"https:\/\/a57.foxnews.com\/static.foxnews.com\/foxnews.com\/content\/uploads\/2025\/09\/672\/378\/unga-palestinian-vote.jpg?ve=1&amp;tl=1, https:\/\/a57.foxnews.com\/static.foxnews.com\/foxnews.com\/content\/uploads\/2025\/09\/1344\/756\/unga-palestinian-vote.jpg?ve=1&amp;tl=1 2x\" height=\"378\" width=\"672\"><source media=\"(min-width: 1024px) and (max-width: 1279px)\" srcset=\"https:\/\/a57.foxnews.com\/static.foxnews.com\/foxnews.com\/content\/uploads\/2025\/09\/931\/523\/unga-palestinian-vote.jpg?ve=1&amp;tl=1, https:\/\/a57.foxnews.com\/static.foxnews.com\/foxnews.com\/content\/uploads\/2025\/09\/1862\/1046\/unga-palestinian-vote.jpg?ve=1&amp;tl=1 2x\" height=\"523\" width=\"931\"><source media=\"(min-width: 1280px)\" srcset=\"https:\/\/a57.foxnews.com\/static.foxnews.com\/foxnews.com\/content\/uploads\/2025\/09\/720\/405\/unga-palestinian-vote.jpg?ve=1&amp;tl=1, https:\/\/a57.foxnews.com\/static.foxnews.com\/foxnews.com\/content\/uploads\/2025\/09\/1440\/810\/unga-palestinian-vote.jpg?ve=1&amp;tl=1 2x\" height=\"405\" width=\"720\"><img loading=\"lazy\" decoding=\"async\" src=\"https:\/\/a57.foxnews.com\/static.foxnews.com\/foxnews.com\/content\/uploads\/2025\/09\/1200\/675\/unga-palestinian-vote.jpg?ve=1&amp;tl=1\" alt=\"Voto de la Asamblea General de la ONU\" width=\"1200\" height=\"675\"\/><\/source><\/source><\/source><\/source><\/picture><\/div>\n<div class=\"info\">\n<div class=\"caption\">\n<p><span>Los resultados se muestran durante una reuni\u00f3n de la Asamblea General para votar sobre la soluci\u00f3n de dos estados a la pregunta palestina en la sede de las Naciones Unidas el 12 de septiembre de 2025 en la ciudad de Nueva York. <\/span> <span>(Angela Weiss \/AFP a trav\u00e9s de Getty Images)<\/span><\/p>\n<\/div>\n<\/div>\n<\/div>\n<p>Ella advirti\u00f3 que sus disposiciones sobre Hamas son \u00abhumo y espejos\u00bb y dijo que la medida socava los acuerdos de Abraham restaurando un veto palestino sobre la paz regional. \u00abEs vital que Estados Unidos monta una poderosa respuesta\u00bb.<\/p>\n<p>Mientras acogiendo con benepl\u00e1cito el voto de los Estados Unidos y esos nueve pa\u00edses que votan en contra de la resoluci\u00f3n: Argentina, Hungr\u00eda, Israel, Micronesia, Nauru, Palau, Papua Nueva Guinea, Paraguay y Tonga, conden\u00f3 el apoyo de Alemania, y agreg\u00f3 que era \u00ababsolutamente impactante &#8230; m\u00ednimo la necesidad vital de la autodeterminaci\u00f3n jud\u00eda es abhorrente\u00bb.<\/p>\n<p><strong><u>Haga clic aqu\u00ed para obtener la aplicaci\u00f3n Fox News<\/u><\/strong> <\/p>\n<p>El viernes, el Secretario de Estado Marco Rubio anunci\u00f3 planes para visitar Israel antes de las reuniones de la ONU de alto nivel a finales de este mes, donde se espera que pa\u00edses como Francia y Gran Breta\u00f1a reconozcan formalmente la estadidad palestina.<\/p>\n<p> <!----> <\/p>\n<div class=\"article-meta\">\n<div class=\"author-bio\">\n<p>Efrat Lachter es un reportero de investigaci\u00f3n y corresponsal de guerra. Su trabajo la ha llevado a 40 pa\u00edses, incluidos Ucrania, Rusia, Irak, Siria, Sud\u00e1n y Afganist\u00e1n. Recibi\u00f3 la Comunidad para el Periodismo 2024 Knight-Wallace para periodismo. Lachter se puede seguir en x @efratlachter.<\/p>\n<\/div>\n<\/div>\n<\/div>\n\n","protected":false},"excerpt":{"rendered":"<p>NUEVO\u00a1Ahora puedes escuchar art\u00edculos de Fox News! La administraci\u00f3n Trump conden\u00f3 el impulso saud\u00ed y franc\u00e9s por el estado palestino en el Naciones Unidas El viernes despu\u00e9s de que la Asamblea General aprob\u00f3 la \u00abDeclaraci\u00f3n de Nueva York\u00bb por una votaci\u00f3n de 142 a favor, con Estados Unidos y otros nueve votando en contra y &hellip;<\/p>\n","protected":false},"author":1,"featured_media":43049,"comment_status":"open","ping_status":"open","sticky":false,"template":"","format":"standard","meta":{"fifu_image_url":"https:\/\/static.foxnews.com\/foxnews.com\/content\/uploads\/2025\/09\/morgan-ortagus-un.jpg","fifu_image_alt":"","footnotes":""},"categories":[13],"tags":[],"class_list":["post-43047","post","type-post","status-publish","format-standard","has-post-thumbnail","","category-mundo"],"_links":{"self":[{"href":"https:\/\/noticiasveraces.com\/index.php?rest_route=\/wp\/v2\/posts\/43047","targetHints":{"allow":["GET"]}}],"collection":[{"href":"https:\/\/noticiasveraces.com\/index.php?rest_route=\/wp\/v2\/posts"}],"about":[{"href":"https:\/\/noticiasveraces.com\/index.php?rest_route=\/wp\/v2\/types\/post"}],"author":[{"embeddable":true,"href":"https:\/\/noticiasveraces.com\/index.php?rest_route=\/wp\/v2\/users\/1"}],"replies":[{"embeddable":true,"href":"https:\/\/noticiasveraces.com\/index.php?rest_route=%2Fwp%2Fv2%2Fcomments&post=43047"}],"version-history":[{"count":0,"href":"https:\/\/noticiasveraces.com\/index.php?rest_route=\/wp\/v2\/posts\/43047\/revisions"}],"wp:featuredmedia":[{"embeddable":true,"href":"https:\/\/noticiasveraces.com\/index.php?rest_route=\/wp\/v2\/media\/43049"}],"wp:attachment":[{"href":"https:\/\/noticiasveraces.com\/index.php?rest_route=%2Fwp%2Fv2%2Fmedia&parent=43047"}],"wp:term":[{"taxonomy":"category","embeddable":true,"href":"https:\/\/noticiasveraces.com\/index.php?rest_route=%2Fwp%2Fv2%2Fcategories&post=43047"},{"taxonomy":"post_tag","embeddable":true,"href":"https:\/\/noticiasveraces.com\/index.php?rest_route=%2Fwp%2Fv2%2Ftags&post=43047"}],"curies":[{"name":"wp","href":"https:\/\/api.w.org\/{rel}","templated":true}]}}