{"id":42997,"date":"2025-09-03T00:27:20","date_gmt":"2025-09-03T04:27:20","guid":{"rendered":"https:\/\/noticiasveraces.com\/?p=42997"},"modified":"2025-09-03T00:27:20","modified_gmt":"2025-09-03T04:27:20","slug":"petro-propondra-en-la-onu-una-fuerza-de-paz-para-gaza-dw-03-09-2025","status":"publish","type":"post","link":"https:\/\/noticiasveraces.com\/?p=42997","title":{"rendered":"Petro propondr\u00e1 en la ONU una \u00abfuerza de paz\u00bb para Gaza \u2013 DW \u2013 03\/09\/2025"},"content":{"rendered":"<p> \n<\/p>\n<div data-tracking-name=\"rich-text\" data-tracking-skip=\"true\">\n<p>El presidente de Colombia, Gustavo Petro, dijo el martes (02.09.2025) que en enero pr\u00f3ximo, cuando su pa\u00eds entre a formar parte del Consejo de Seguridad de la ONU como miembro no permanente, propondr\u00e1 la creaci\u00f3n de una \u00abfuerza armada de paz\u00bb para Gaza.<\/p>\n<p>\u00abEsa propuesta la llevaremos como Colombia, el pa\u00eds de Bol\u00edvar, al seno de la Asamblea de las Naciones Unidas\u00bb, dijo Petro en un mensaje por radio y televisi\u00f3n en el que explic\u00f3 que Colombia debe ser parte de esa fuerza que ll\u00f1eve ayuda humanitaria al enclave palestino.<\/p>\n<p>Seg\u00fan el gobernante colombiano, \u00abcualquier idea de paz Estados Unidos la bloquea\u00bb en el Consejo de Seguridad y, por eso, solo queda que \u00abNaciones Unidas en Asamblea por mayor\u00eda vote la constituci\u00f3n de una fuerza armada de paz que entre a Palestina y en donde Colombia debe participar\u00bb.<\/p>\n<blockquote class=\"tweet embed\" data-id=\"1963040762586714140\"\/>\n<p>Colombia fue elegida en junio pasado por la Asamblea General de la ONU para ocupar, en representaci\u00f3n de Am\u00e9rica Latina y el Caribe, un puesto rotatorio en el Consejo de Seguridad, un mandato de dos a\u00f1os que comenzar\u00e1 el 1 de enero de 2026.<\/p>\n<p>Para Petro, la constituci\u00f3n de una \u00abfuerza armada de paz\u00bb es una forma de \u00abhacer respetar el derecho de la humanidad a exigir que se acabe el genocidio\u00bb.<\/p>\n<p>Colombia rompi\u00f3 relaciones diplom\u00e1ticas con Israel en mayo de 2024 en rechazo a la ofensiva militar en Gaza donde 63.633 palestinos han muerto, la mayor\u00eda de los cuales son mujeres, ni\u00f1os y ancianos, seg\u00fan las autoridades de la Franja.<\/p>\n<p>La ofensiva militar israel\u00ed en Gaza comenz\u00f3 en respuesta a los ataques lanzados el 7 de octubre de 2023 por parte de Ham\u00e1s, grupo calificado como terrorista por Estados Unidos, la Uni\u00f3n Europea y otros pa\u00edses.<\/p>\n<p>Petro es uno de los principales cr\u00edticos latinoamericanos de esa guerra\u00a0y ha respaldado las demandas contra el primer ministro Benjam\u00edn Netanyahu\u00a0por cr\u00edmenes de guerra ante la Corte Penal Internacional.<\/p>\n<p>El gobernante colombiano tambi\u00e9n asegur\u00f3 que las \u00abbombas que caen en Gaza tambi\u00e9n caer\u00e1n en Bogot\u00e1, en Caracas, en Quito y en Buenos Aires, a pesar de lo que piensen cada uno de sus presidentes\u00bb.<\/p>\n<p>GS (Efe, W Radio)<\/p>\n<\/div>\n\n","protected":false},"excerpt":{"rendered":"<p>El presidente de Colombia, Gustavo Petro, dijo el martes (02.09.2025) que en enero pr\u00f3ximo, cuando su pa\u00eds entre a formar parte del Consejo de Seguridad de la ONU como miembro no permanente, propondr\u00e1 la creaci\u00f3n de una \u00abfuerza armada de paz\u00bb para Gaza. \u00abEsa propuesta la llevaremos como Colombia, el pa\u00eds de Bol\u00edvar, al seno &hellip;<\/p>\n","protected":false},"author":1,"featured_media":42998,"comment_status":"open","ping_status":"open","sticky":false,"template":"","format":"standard","meta":{"fifu_image_url":"https:\/\/static.dw.com\/image\/73846848_6.jpg","fifu_image_alt":"","footnotes":""},"categories":[13],"tags":[],"class_list":["post-42997","post","type-post","status-publish","format-standard","has-post-thumbnail","","category-mundo"],"_links":{"self":[{"href":"https:\/\/noticiasveraces.com\/index.php?rest_route=\/wp\/v2\/posts\/42997","targetHints":{"allow":["GET"]}}],"collection":[{"href":"https:\/\/noticiasveraces.com\/index.php?rest_route=\/wp\/v2\/posts"}],"about":[{"href":"https:\/\/noticiasveraces.com\/index.php?rest_route=\/wp\/v2\/types\/post"}],"author":[{"embeddable":true,"href":"https:\/\/noticiasveraces.com\/index.php?rest_route=\/wp\/v2\/users\/1"}],"replies":[{"embeddable":true,"href":"https:\/\/noticiasveraces.com\/index.php?rest_route=%2Fwp%2Fv2%2Fcomments&post=42997"}],"version-history":[{"count":0,"href":"https:\/\/noticiasveraces.com\/index.php?rest_route=\/wp\/v2\/posts\/42997\/revisions"}],"wp:featuredmedia":[{"embeddable":true,"href":"https:\/\/noticiasveraces.com\/index.php?rest_route=\/wp\/v2\/media\/42998"}],"wp:attachment":[{"href":"https:\/\/noticiasveraces.com\/index.php?rest_route=%2Fwp%2Fv2%2Fmedia&parent=42997"}],"wp:term":[{"taxonomy":"category","embeddable":true,"href":"https:\/\/noticiasveraces.com\/index.php?rest_route=%2Fwp%2Fv2%2Fcategories&post=42997"},{"taxonomy":"post_tag","embeddable":true,"href":"https:\/\/noticiasveraces.com\/index.php?rest_route=%2Fwp%2Fv2%2Ftags&post=42997"}],"curies":[{"name":"wp","href":"https:\/\/api.w.org\/{rel}","templated":true}]}}