{"id":42986,"date":"2025-09-02T21:20:22","date_gmt":"2025-09-03T01:20:22","guid":{"rendered":"https:\/\/noticiasveraces.com\/?p=42986"},"modified":"2025-09-02T21:20:22","modified_gmt":"2025-09-03T01:20:22","slug":"el-deslizamiento-de-tierra-de-sudan-mata-al-menos-a-1000-personas-en-la-aldea-central-de-darfur","status":"publish","type":"post","link":"https:\/\/noticiasveraces.com\/?p=42986","title":{"rendered":"El deslizamiento de tierra de Sud\u00e1n mata al menos a 1,000 personas en la aldea central de Darfur"},"content":{"rendered":"<p> \n<\/p>\n<div>\n<div id=\"beyondwords-wrapper\" class=\"beyondwords-wrapper\">\n<p><span class=\"label-bg\">NUEVO<\/span>\u00a1Ahora puedes escuchar art\u00edculos de Fox News!\n  <\/p>\n<\/div>\n<p class=\"speakable\">Un devastador deslizamiento de tierra golpe\u00f3 la aldea de Tarasin en el centro de Darfur central de Sud\u00e1n el domingo 31 de agosto, matando al menos a 1,000 personas, seg\u00fan un grupo rebelde que controla el \u00e1rea.<\/p>\n<p class=\"speakable\">El Movimiento\/Ej\u00e9rcito de Liberaci\u00f3n de Sud\u00e1n (SLM-A) dijo que el horrible incidente fue provocado por los d\u00edas de lluvia torrencial a fines de agosto y \u00abha nivelado por completo la aldea al suelo\u00bb.<\/p>\n<p>\u00abLa informaci\u00f3n inicial indica la muerte de todos los residentes de la aldea, que se estima que son m\u00e1s de mil personas. Solo una persona sobrevivi\u00f3\u00bb, dijo el Movimiento\/Ej\u00e9rcito de Liberaci\u00f3n de Sud\u00e1n en un comunicado. <\/p>\n<p><strong>Las inundaciones matan al menos 111 mientras el norte de Nigeria lucha contra el cambio clim\u00e1tico, los hechizos secos y las fuertes lluvias<\/strong><\/p>\n<div class=\"image-ct inline\">\n<div class=\"m\"><picture><source media=\"(max-width: 767px)\" srcset=\"https:\/\/a57.foxnews.com\/static.foxnews.com\/foxnews.com\/content\/uploads\/2025\/09\/343\/192\/sudan-people-shelter-from-flood.jpg?ve=1&amp;tl=1, https:\/\/a57.foxnews.com\/static.foxnews.com\/foxnews.com\/content\/uploads\/2025\/09\/686\/384\/sudan-people-shelter-from-flood.jpg?ve=1&amp;tl=1 2x\" height=\"192\" width=\"343\"><source media=\"(min-width: 768px) and (max-width: 1023px)\" srcset=\"https:\/\/a57.foxnews.com\/static.foxnews.com\/foxnews.com\/content\/uploads\/2025\/09\/672\/378\/sudan-people-shelter-from-flood.jpg?ve=1&amp;tl=1, https:\/\/a57.foxnews.com\/static.foxnews.com\/foxnews.com\/content\/uploads\/2025\/09\/1344\/756\/sudan-people-shelter-from-flood.jpg?ve=1&amp;tl=1 2x\" height=\"378\" width=\"672\"><source media=\"(min-width: 1024px) and (max-width: 1279px)\" srcset=\"https:\/\/a57.foxnews.com\/static.foxnews.com\/foxnews.com\/content\/uploads\/2025\/09\/931\/523\/sudan-people-shelter-from-flood.jpg?ve=1&amp;tl=1, https:\/\/a57.foxnews.com\/static.foxnews.com\/foxnews.com\/content\/uploads\/2025\/09\/1862\/1046\/sudan-people-shelter-from-flood.jpg?ve=1&amp;tl=1 2x\" height=\"523\" width=\"931\"><source media=\"(min-width: 1280px)\" srcset=\"https:\/\/a57.foxnews.com\/static.foxnews.com\/foxnews.com\/content\/uploads\/2025\/09\/720\/405\/sudan-people-shelter-from-flood.jpg?ve=1&amp;tl=1, https:\/\/a57.foxnews.com\/static.foxnews.com\/foxnews.com\/content\/uploads\/2025\/09\/1440\/810\/sudan-people-shelter-from-flood.jpg?ve=1&amp;tl=1 2x\" height=\"405\" width=\"720\"><img loading=\"lazy\" decoding=\"async\" src=\"https:\/\/a57.foxnews.com\/static.foxnews.com\/foxnews.com\/content\/uploads\/2025\/09\/1200\/675\/sudan-people-shelter-from-flood.jpg?ve=1&amp;tl=1\" alt=\"Las mujeres se re\u00fanen a lo largo del costado de una calle inundada\" width=\"1200\" height=\"675\"\/><\/source><\/source><\/source><\/source><\/picture><\/div>\n<div class=\"info\">\n<div class=\"caption\">\n<p><span>Las mujeres se re\u00fanen a lo largo del costado de una calle inundada en la capital de Sud\u00e1n, Jartum despu\u00e9s de fuertes lluvias el 27 de agosto de 2025. <\/span> <span>(Ebrahim Hamid \/ AFP)<\/span><\/p>\n<\/div>\n<\/div>\n<\/div>\n<p>Las cifras no se pueden verificar de forma independiente en este momento debido al acceso restringido a la regi\u00f3n afectada por el conflicto, pero si se confirma que se ubicar\u00eda entre los desastres naturales m\u00e1s mortales de Sud\u00e1n en la historia reciente.<\/p>\n<div class=\"image-ct inline\">\n<div class=\"m\"><picture><source media=\"(max-width: 767px)\" srcset=\"https:\/\/a57.foxnews.com\/static.foxnews.com\/foxnews.com\/content\/uploads\/2025\/09\/343\/192\/sudan-streets-flooded.jpg?ve=1&amp;tl=1, https:\/\/a57.foxnews.com\/static.foxnews.com\/foxnews.com\/content\/uploads\/2025\/09\/686\/384\/sudan-streets-flooded.jpg?ve=1&amp;tl=1 2x\" height=\"192\" width=\"343\"><source media=\"(min-width: 768px) and (max-width: 1023px)\" srcset=\"https:\/\/a57.foxnews.com\/static.foxnews.com\/foxnews.com\/content\/uploads\/2025\/09\/672\/378\/sudan-streets-flooded.jpg?ve=1&amp;tl=1, https:\/\/a57.foxnews.com\/static.foxnews.com\/foxnews.com\/content\/uploads\/2025\/09\/1344\/756\/sudan-streets-flooded.jpg?ve=1&amp;tl=1 2x\" height=\"378\" width=\"672\"><source media=\"(min-width: 1024px) and (max-width: 1279px)\" srcset=\"https:\/\/a57.foxnews.com\/static.foxnews.com\/foxnews.com\/content\/uploads\/2025\/09\/931\/523\/sudan-streets-flooded.jpg?ve=1&amp;tl=1, https:\/\/a57.foxnews.com\/static.foxnews.com\/foxnews.com\/content\/uploads\/2025\/09\/1862\/1046\/sudan-streets-flooded.jpg?ve=1&amp;tl=1 2x\" height=\"523\" width=\"931\"><source media=\"(min-width: 1280px)\" srcset=\"https:\/\/a57.foxnews.com\/static.foxnews.com\/foxnews.com\/content\/uploads\/2025\/09\/720\/405\/sudan-streets-flooded.jpg?ve=1&amp;tl=1, https:\/\/a57.foxnews.com\/static.foxnews.com\/foxnews.com\/content\/uploads\/2025\/09\/1440\/810\/sudan-streets-flooded.jpg?ve=1&amp;tl=1 2x\" height=\"405\" width=\"720\"><img loading=\"lazy\" decoding=\"async\" src=\"https:\/\/a57.foxnews.com\/static.foxnews.com\/foxnews.com\/content\/uploads\/2025\/09\/1200\/675\/sudan-streets-flooded.jpg?ve=1&amp;tl=1\" alt=\"El agua de la inundaci\u00f3n inunda una calle principal\" width=\"1200\" height=\"675\"\/><\/source><\/source><\/source><\/source><\/picture><\/div>\n<div class=\"info\">\n<div class=\"caption\">\n<p><span>El agua de la inundaci\u00f3n inunda una calle principal en la capital de Sud\u00e1n, Jartoum, luego de fuertes lluvias el 27 de agosto de 2025. <\/span> <span>(Ebrahim Hamid\/AFP a trav\u00e9s de Getty Images)<\/span><\/p>\n<\/div>\n<\/div>\n<\/div>\n<p><strong>El ej\u00e9rcito sudan\u00e9s rodea el aeropuerto de Jartum en la batalla por la capital, dicen fuentes militares<\/strong><\/p>\n<p>El gobernador de Darfur, Minni Minnawi, calific\u00f3 el deslizamiento de tierra como una \u00abtragedia humanitaria\u00bb.<\/p>\n<p>El grupo est\u00e1 pidiendo ayuda de las agencias de ayuda de la ONU y la ayuda internacional para obtener ayuda en la recuperaci\u00f3n de los organismos y la respuesta al desastre.<\/p>\n<div class=\"image-ct inline\">\n<div class=\"m\"><picture><source media=\"(max-width: 767px)\" srcset=\"https:\/\/a57.foxnews.com\/static.foxnews.com\/foxnews.com\/content\/uploads\/2025\/09\/343\/192\/sudan-flood.jpg?ve=1&amp;tl=1, https:\/\/a57.foxnews.com\/static.foxnews.com\/foxnews.com\/content\/uploads\/2025\/09\/686\/384\/sudan-flood.jpg?ve=1&amp;tl=1 2x\" height=\"192\" width=\"343\"><source media=\"(min-width: 768px) and (max-width: 1023px)\" srcset=\"https:\/\/a57.foxnews.com\/static.foxnews.com\/foxnews.com\/content\/uploads\/2025\/09\/672\/378\/sudan-flood.jpg?ve=1&amp;tl=1, https:\/\/a57.foxnews.com\/static.foxnews.com\/foxnews.com\/content\/uploads\/2025\/09\/1344\/756\/sudan-flood.jpg?ve=1&amp;tl=1 2x\" height=\"378\" width=\"672\"><source media=\"(min-width: 1024px) and (max-width: 1279px)\" srcset=\"https:\/\/a57.foxnews.com\/static.foxnews.com\/foxnews.com\/content\/uploads\/2025\/09\/931\/523\/sudan-flood.jpg?ve=1&amp;tl=1, https:\/\/a57.foxnews.com\/static.foxnews.com\/foxnews.com\/content\/uploads\/2025\/09\/1862\/1046\/sudan-flood.jpg?ve=1&amp;tl=1 2x\" height=\"523\" width=\"931\"><source media=\"(min-width: 1280px)\" srcset=\"https:\/\/a57.foxnews.com\/static.foxnews.com\/foxnews.com\/content\/uploads\/2025\/09\/720\/405\/sudan-flood.jpg?ve=1&amp;tl=1, https:\/\/a57.foxnews.com\/static.foxnews.com\/foxnews.com\/content\/uploads\/2025\/09\/1440\/810\/sudan-flood.jpg?ve=1&amp;tl=1 2x\" height=\"405\" width=\"720\"><img loading=\"lazy\" decoding=\"async\" src=\"https:\/\/a57.foxnews.com\/static.foxnews.com\/foxnews.com\/content\/uploads\/2025\/09\/1200\/675\/sudan-flood.jpg?ve=1&amp;tl=1\" alt=\"El agua de la inundaci\u00f3n inunda una calle principal\" width=\"1200\" height=\"675\"\/><\/source><\/source><\/source><\/source><\/picture><\/div>\n<div class=\"info\">\n<div class=\"caption\">\n<p><span>El agua de la inundaci\u00f3n inunda una calle principal en la capital de Sud\u00e1n, Jartoum, luego de fuertes lluvias el 27 de agosto de 2025. <\/span> <span>(Ebrahim Hamid\/AFP a trav\u00e9s de Getty Images)<\/span><\/p>\n<\/div>\n<\/div>\n<\/div>\n<p><strong><u>Haga clic aqu\u00ed para obtener la aplicaci\u00f3n Fox News<\/u><\/strong><\/p>\n<p>Seg\u00fan informes anteriores de la BBC, muchos residentes del estado del norte de Darfur buscaron refugio en el \u00e1rea despu\u00e9s de que las fuerzas de apoyo r\u00e1pido paramilitar los obligaron a salir de sus hogares.<\/p>\n<p><i>Este es un informe en desarrollo.<\/i><\/p>\n<p> <!----> <\/div>\n\n","protected":false},"excerpt":{"rendered":"<p>NUEVO\u00a1Ahora puedes escuchar art\u00edculos de Fox News! Un devastador deslizamiento de tierra golpe\u00f3 la aldea de Tarasin en el centro de Darfur central de Sud\u00e1n el domingo 31 de agosto, matando al menos a 1,000 personas, seg\u00fan un grupo rebelde que controla el \u00e1rea. El Movimiento\/Ej\u00e9rcito de Liberaci\u00f3n de Sud\u00e1n (SLM-A) dijo que el horrible &hellip;<\/p>\n","protected":false},"author":1,"featured_media":42988,"comment_status":"open","ping_status":"open","sticky":false,"template":"","format":"standard","meta":{"fifu_image_url":"https:\/\/static.foxnews.com\/foxnews.com\/content\/uploads\/2025\/09\/sudanese-people-in-the-streets.jpg","fifu_image_alt":"","footnotes":""},"categories":[13],"tags":[],"class_list":["post-42986","post","type-post","status-publish","format-standard","has-post-thumbnail","","category-mundo"],"_links":{"self":[{"href":"https:\/\/noticiasveraces.com\/index.php?rest_route=\/wp\/v2\/posts\/42986","targetHints":{"allow":["GET"]}}],"collection":[{"href":"https:\/\/noticiasveraces.com\/index.php?rest_route=\/wp\/v2\/posts"}],"about":[{"href":"https:\/\/noticiasveraces.com\/index.php?rest_route=\/wp\/v2\/types\/post"}],"author":[{"embeddable":true,"href":"https:\/\/noticiasveraces.com\/index.php?rest_route=\/wp\/v2\/users\/1"}],"replies":[{"embeddable":true,"href":"https:\/\/noticiasveraces.com\/index.php?rest_route=%2Fwp%2Fv2%2Fcomments&post=42986"}],"version-history":[{"count":0,"href":"https:\/\/noticiasveraces.com\/index.php?rest_route=\/wp\/v2\/posts\/42986\/revisions"}],"wp:featuredmedia":[{"embeddable":true,"href":"https:\/\/noticiasveraces.com\/index.php?rest_route=\/wp\/v2\/media\/42988"}],"wp:attachment":[{"href":"https:\/\/noticiasveraces.com\/index.php?rest_route=%2Fwp%2Fv2%2Fmedia&parent=42986"}],"wp:term":[{"taxonomy":"category","embeddable":true,"href":"https:\/\/noticiasveraces.com\/index.php?rest_route=%2Fwp%2Fv2%2Fcategories&post=42986"},{"taxonomy":"post_tag","embeddable":true,"href":"https:\/\/noticiasveraces.com\/index.php?rest_route=%2Fwp%2Fv2%2Ftags&post=42986"}],"curies":[{"name":"wp","href":"https:\/\/api.w.org\/{rel}","templated":true}]}}