{"id":42950,"date":"2025-09-02T18:01:23","date_gmt":"2025-09-02T22:01:23","guid":{"rendered":"https:\/\/noticiasveraces.com\/?p=42950"},"modified":"2025-09-02T18:01:23","modified_gmt":"2025-09-02T22:01:23","slug":"francia-recuerda-las-principales-potencias-que-groenlandia-esta-no-esta-a-la-venta-en-la-visita-del-artico","status":"publish","type":"post","link":"https:\/\/noticiasveraces.com\/?p=42950","title":{"rendered":"Francia recuerda &#8216;las principales potencias&#8217; que Groenlandia est\u00e1 &#8216;no est\u00e1 a la venta&#8217; en la visita del \u00c1rtico"},"content":{"rendered":"<p> \n<\/p>\n<div>\n<div id=\"beyondwords-wrapper\" class=\"beyondwords-wrapper\">\n<p><span class=\"label-bg\">NUEVO<\/span>\u00a1Ahora puedes escuchar art\u00edculos de Fox News!\n  <\/p>\n<\/div>\n<p class=\"speakable\">Un alto funcionario franc\u00e9s conden\u00f3 la \u00abbrutalizaci\u00f3n\u00bb del mundo por las \u00abprincipales potencias\u00bb en su viaje a Groenlandia durante el fin de semana en un aparente jab al presidente Donald Trump y sus ambiciones en el \u00c1rtico. <\/p>\n<p class=\"speakable\">En los comentarios hechos por el ministro de Relaciones Exteriores franc\u00e9s Jean-No\u00ebl Barot de la capital de Nuuk, dijo el domingo que su visita fue una muestra de \u00absolidaridad\u00bb y record\u00f3 a las superpotencias internacionales que Groenlandia \u00abno est\u00e1 en juego\u00bb o \u00aba la venta\u00bb.<\/p>\n<p>\u00abLa certeza de la paz, la prosperidad y la democracia est\u00e1n siendo cuestionados por el resurgimiento de los nuevos imperios que desean reemplazar la l\u00f3gica de cooperaci\u00f3n con la l\u00f3gica de la coerci\u00f3n\u00bb, dijo Barrot. \u00abEsta brutalizaci\u00f3n del mundo se puede ver incluso en el artic\u00bb.<\/p>\n<div class=\"image-ct inline\">\n<div class=\"m\"><picture><source media=\"(max-width: 767px)\" srcset=\"https:\/\/a57.foxnews.com\/static.foxnews.com\/foxnews.com\/content\/uploads\/2025\/09\/343\/192\/354ceaed-macron-visits-greenland.jpg?ve=1&amp;tl=1, https:\/\/a57.foxnews.com\/static.foxnews.com\/foxnews.com\/content\/uploads\/2025\/09\/686\/384\/354ceaed-macron-visits-greenland.jpg?ve=1&amp;tl=1 2x\" height=\"192\" width=\"343\"><source media=\"(min-width: 768px) and (max-width: 1023px)\" srcset=\"https:\/\/a57.foxnews.com\/static.foxnews.com\/foxnews.com\/content\/uploads\/2025\/09\/672\/378\/354ceaed-macron-visits-greenland.jpg?ve=1&amp;tl=1, https:\/\/a57.foxnews.com\/static.foxnews.com\/foxnews.com\/content\/uploads\/2025\/09\/1344\/756\/354ceaed-macron-visits-greenland.jpg?ve=1&amp;tl=1 2x\" height=\"378\" width=\"672\"><source media=\"(min-width: 1024px) and (max-width: 1279px)\" srcset=\"https:\/\/a57.foxnews.com\/static.foxnews.com\/foxnews.com\/content\/uploads\/2025\/09\/931\/523\/354ceaed-macron-visits-greenland.jpg?ve=1&amp;tl=1, https:\/\/a57.foxnews.com\/static.foxnews.com\/foxnews.com\/content\/uploads\/2025\/09\/1862\/1046\/354ceaed-macron-visits-greenland.jpg?ve=1&amp;tl=1 2x\" height=\"523\" width=\"931\"><source media=\"(min-width: 1280px)\" srcset=\"https:\/\/a57.foxnews.com\/static.foxnews.com\/foxnews.com\/content\/uploads\/2025\/09\/720\/405\/354ceaed-macron-visits-greenland.jpg?ve=1&amp;tl=1, https:\/\/a57.foxnews.com\/static.foxnews.com\/foxnews.com\/content\/uploads\/2025\/09\/1440\/810\/354ceaed-macron-visits-greenland.jpg?ve=1&amp;tl=1 2x\" height=\"405\" width=\"720\"><img loading=\"lazy\" decoding=\"async\" src=\"https:\/\/a57.foxnews.com\/static.foxnews.com\/foxnews.com\/content\/uploads\/2025\/09\/1200\/675\/354ceaed-macron-visits-greenland.jpg?ve=1&amp;tl=1\" alt=\"Macron visita Groenlandia\" width=\"1200\" height=\"675\"\/><\/source><\/source><\/source><\/source><\/picture><\/div>\n<div class=\"info\">\n<div class=\"caption\">\n<p><span>El presidente franc\u00e9s, Emmanuel Macron, hace gestos mientras se encuentra en el glaciar Mont Nunatarsuaq durante una visita en Groenlandia, el 15 de junio de 2025. <\/span> <span>(Ludovic Marin\/AFP a trav\u00e9s de Getty Images)<\/span><\/p>\n<\/div>\n<\/div>\n<\/div>\n<p><strong>Dinamarca convoca al enviado estadounidense sobre las presuntas operaciones encubiertas de interferencia de Groenlandia<\/strong><\/p>\n<p>Barot, quien visit\u00f3 un barco militar franc\u00e9s atracado en Nuuk, tambi\u00e9n confirm\u00f3 que los funcionarios franceses regresar\u00e1n a Groenlandia en el oto\u00f1o para comenzar a planchar un nuevo acuerdo de minerales cr\u00edticos alcanzados en mayo cuando Nuuk otorg\u00f3 a un consorcio dan\u00e9s-franc\u00e9s un acuerdo de 30 mineras para la extracci\u00f3n de anortosis para la producci\u00f3n de aluminio. <\/p>\n<p>Si bien Barrot llam\u00f3 directamente a la guerra del presidente ruso Vladimir Putin en Ucrania, no mencion\u00f3 a Trump ni enumer\u00f3 a los Estados Unidos como una gran amenaza para el territorio europeo. Aunque sus comentarios se produjeron solo tres d\u00edas despu\u00e9s de que Dinamarca convoc\u00f3 al enviado principal de los Estados Unidos despu\u00e9s de que los informes afirmaron que las personas cercanas al presidente supuestamente estaban ejecutando operaciones encubiertas de influencia en Groenlandia. <\/p>\n<p>Trump ha enfrentado una condena generalizada por sus ambiciones en Groenlandia, que es un territorio aut\u00f3nomo dentro del reino de Dinamarca, y se ha negado a descartar la intervenci\u00f3n militar para \u00abadquirir\u00bb la naci\u00f3n \u00e1rtica, lo que argumenta es estrat\u00e9gicamente importante por razones de seguridad. <\/p>\n<div class=\"image-ct inline\">\n<div class=\"m\"><picture><source media=\"(max-width: 767px)\" srcset=\"https:\/\/a57.foxnews.com\/static.foxnews.com\/foxnews.com\/content\/uploads\/2025\/09\/343\/192\/map-of-arctic-top-down.jpg?ve=1&amp;tl=1, https:\/\/a57.foxnews.com\/static.foxnews.com\/foxnews.com\/content\/uploads\/2025\/09\/686\/384\/map-of-arctic-top-down.jpg?ve=1&amp;tl=1 2x\" height=\"192\" width=\"343\"><source media=\"(min-width: 768px) and (max-width: 1023px)\" srcset=\"https:\/\/a57.foxnews.com\/static.foxnews.com\/foxnews.com\/content\/uploads\/2025\/09\/672\/378\/map-of-arctic-top-down.jpg?ve=1&amp;tl=1, https:\/\/a57.foxnews.com\/static.foxnews.com\/foxnews.com\/content\/uploads\/2025\/09\/1344\/756\/map-of-arctic-top-down.jpg?ve=1&amp;tl=1 2x\" height=\"378\" width=\"672\"><source media=\"(min-width: 1024px) and (max-width: 1279px)\" srcset=\"https:\/\/a57.foxnews.com\/static.foxnews.com\/foxnews.com\/content\/uploads\/2025\/09\/931\/523\/map-of-arctic-top-down.jpg?ve=1&amp;tl=1, https:\/\/a57.foxnews.com\/static.foxnews.com\/foxnews.com\/content\/uploads\/2025\/09\/1862\/1046\/map-of-arctic-top-down.jpg?ve=1&amp;tl=1 2x\" height=\"523\" width=\"931\"><source media=\"(min-width: 1280px)\" srcset=\"https:\/\/a57.foxnews.com\/static.foxnews.com\/foxnews.com\/content\/uploads\/2025\/09\/720\/405\/map-of-arctic-top-down.jpg?ve=1&amp;tl=1, https:\/\/a57.foxnews.com\/static.foxnews.com\/foxnews.com\/content\/uploads\/2025\/09\/1440\/810\/map-of-arctic-top-down.jpg?ve=1&amp;tl=1 2x\" height=\"405\" width=\"720\"><img loading=\"lazy\" decoding=\"async\" src=\"https:\/\/a57.foxnews.com\/static.foxnews.com\/foxnews.com\/content\/uploads\/2025\/09\/1200\/675\/map-of-arctic-top-down.jpg?ve=1&amp;tl=1\" alt=\"Vista de arriba hacia abajo del \u00c1rtico\" width=\"1200\" height=\"675\"\/><\/source><\/source><\/source><\/source><\/picture><\/div>\n<div class=\"info\">\n<div class=\"caption\">\n<p><span>Mapa de localizaci\u00f3n del mapa del Oc\u00e9ano \u00c1rtico. <\/span> <span>(Enciclopedia Britannica\/Universal Images Group a trav\u00e9s de Getty Images)<\/span><\/p>\n<\/div>\n<\/div>\n<\/div>\n<p><strong>Desde Gaza hasta Groenlandia, Macron rompe con Trump en Flashpoints globales<\/strong><\/p>\n<p>\u00abLa grandeza de una naci\u00f3n no puede ser reconstruida con la servidumbre de sus vecinos o aliados\u00bb, dijo Barrot. \u00abLa grandeza de una naci\u00f3n se mide por su contribuci\u00f3n a la libertad del mundo\u00bb.<\/p>\n<p>Francia, en particular, ha llegado a la defensa de la isla del \u00c1rtico, con el presidente franc\u00e9s Emmanuel Macron viajando a Groenlandia en junio, donde critic\u00f3 las amenazas de Trump y consolid\u00f3 no solo la determinaci\u00f3n de Par\u00eds, sino de Europa, que la \u00abintegridad territorial de la isla debe ser respetada\u00bb.<\/p>\n<p>A pesar del retroceso internacional, Trump parece inutilizado en su deseo de \u00abadquirir\u00bb Groenlandia y seg\u00fan un alto funcionario de la administraci\u00f3n \u00ab,<a>El presidente cree que Groenlandia es una ubicaci\u00f3n estrat\u00e9gicamente importante, y conf\u00eda en que los groenland\u00e9s estar\u00edan mejor atendidos si los Estados Unidos protegidos por los Estados Unidos de las amenazas modernas en la regi\u00f3n del \u00c1rtico. <\/p>\n<p>\u00abEl presidente Trump est\u00e1 comprometido a establecer la paz a largo plazo en el hogar y en el extranjero\u00bb, agreg\u00f3 el funcionario. <\/p>\n<div class=\"image-ct inline\">\n<div class=\"m\"><picture><source media=\"(max-width: 767px)\" srcset=\"https:\/\/a57.foxnews.com\/static.foxnews.com\/foxnews.com\/content\/uploads\/2025\/09\/343\/192\/macron-in-greenland.jpg?ve=1&amp;tl=1, https:\/\/a57.foxnews.com\/static.foxnews.com\/foxnews.com\/content\/uploads\/2025\/09\/686\/384\/macron-in-greenland.jpg?ve=1&amp;tl=1 2x\" height=\"192\" width=\"343\"><source media=\"(min-width: 768px) and (max-width: 1023px)\" srcset=\"https:\/\/a57.foxnews.com\/static.foxnews.com\/foxnews.com\/content\/uploads\/2025\/09\/672\/378\/macron-in-greenland.jpg?ve=1&amp;tl=1, https:\/\/a57.foxnews.com\/static.foxnews.com\/foxnews.com\/content\/uploads\/2025\/09\/1344\/756\/macron-in-greenland.jpg?ve=1&amp;tl=1 2x\" height=\"378\" width=\"672\"><source media=\"(min-width: 1024px) and (max-width: 1279px)\" srcset=\"https:\/\/a57.foxnews.com\/static.foxnews.com\/foxnews.com\/content\/uploads\/2025\/09\/931\/523\/macron-in-greenland.jpg?ve=1&amp;tl=1, https:\/\/a57.foxnews.com\/static.foxnews.com\/foxnews.com\/content\/uploads\/2025\/09\/1862\/1046\/macron-in-greenland.jpg?ve=1&amp;tl=1 2x\" height=\"523\" width=\"931\"><source media=\"(min-width: 1280px)\" srcset=\"https:\/\/a57.foxnews.com\/static.foxnews.com\/foxnews.com\/content\/uploads\/2025\/09\/720\/405\/macron-in-greenland.jpg?ve=1&amp;tl=1, https:\/\/a57.foxnews.com\/static.foxnews.com\/foxnews.com\/content\/uploads\/2025\/09\/1440\/810\/macron-in-greenland.jpg?ve=1&amp;tl=1 2x\" height=\"405\" width=\"720\"><img loading=\"lazy\" decoding=\"async\" src=\"https:\/\/a57.foxnews.com\/static.foxnews.com\/foxnews.com\/content\/uploads\/2025\/09\/1200\/675\/macron-in-greenland.jpg?ve=1&amp;tl=1\" alt=\"Macron visita Groenlandia\" width=\"1200\" height=\"675\"\/><\/source><\/source><\/source><\/source><\/picture><\/div>\n<div class=\"info\">\n<div class=\"caption\">\n<p><span>El presidente franc\u00e9s, Emmanuel Macron (L), el primer ministro dan\u00e9s, Mette Frederiksen (2R) y el primer ministro de Groenlandia, Jens-Frederik Nielsen (2L), son informados por el general general dan\u00e9s en la defensa danesa, y la cabeza del comando artictico Soren Andersen a bordo de la friata danesa F363 Niels Juels Juels en Nuuk, Greenland, el 15 de junio de 2025. <\/span> <span>(Ludovic Marin\/AFP a trav\u00e9s de Getty Images)<\/span><\/p>\n<\/div>\n<\/div>\n<\/div>\n<p><strong>Haga clic aqu\u00ed para obtener la aplicaci\u00f3n Fox News<\/strong><\/p>\n<p>Barot dijo que su \u00abvisita env\u00eda un mensaje: Groenlandia y Dinamarca no est\u00e1n solos: Europa y Francia est\u00e1n a su lado hoy y ma\u00f1ana. <\/p>\n<p>\u00abGroenlandia es un territorio \u00e1rtico, es un territorio europeo. Pertenecemos a la misma familia\u00bb, agreg\u00f3. <\/p>\n<p> <!----> <\/p>\n<div class=\"article-meta\">\n<div class=\"author-bio\">\n<p>Caitlin McFall es reportero de Fox News Digital Cubting Politics, US y World News.<\/p>\n<\/div>\n<\/div>\n<\/div>\n\n","protected":false},"excerpt":{"rendered":"<p>NUEVO\u00a1Ahora puedes escuchar art\u00edculos de Fox News! Un alto funcionario franc\u00e9s conden\u00f3 la \u00abbrutalizaci\u00f3n\u00bb del mundo por las \u00abprincipales potencias\u00bb en su viaje a Groenlandia durante el fin de semana en un aparente jab al presidente Donald Trump y sus ambiciones en el \u00c1rtico. En los comentarios hechos por el ministro de Relaciones Exteriores franc\u00e9s &hellip;<\/p>\n","protected":false},"author":1,"featured_media":42952,"comment_status":"open","ping_status":"open","sticky":false,"template":"","format":"standard","meta":{"fifu_image_url":"https:\/\/static.foxnews.com\/foxnews.com\/content\/uploads\/2025\/09\/greenland-protests-trump.jpg","fifu_image_alt":"","footnotes":""},"categories":[13],"tags":[],"class_list":["post-42950","post","type-post","status-publish","format-standard","has-post-thumbnail","","category-mundo"],"_links":{"self":[{"href":"https:\/\/noticiasveraces.com\/index.php?rest_route=\/wp\/v2\/posts\/42950","targetHints":{"allow":["GET"]}}],"collection":[{"href":"https:\/\/noticiasveraces.com\/index.php?rest_route=\/wp\/v2\/posts"}],"about":[{"href":"https:\/\/noticiasveraces.com\/index.php?rest_route=\/wp\/v2\/types\/post"}],"author":[{"embeddable":true,"href":"https:\/\/noticiasveraces.com\/index.php?rest_route=\/wp\/v2\/users\/1"}],"replies":[{"embeddable":true,"href":"https:\/\/noticiasveraces.com\/index.php?rest_route=%2Fwp%2Fv2%2Fcomments&post=42950"}],"version-history":[{"count":0,"href":"https:\/\/noticiasveraces.com\/index.php?rest_route=\/wp\/v2\/posts\/42950\/revisions"}],"wp:featuredmedia":[{"embeddable":true,"href":"https:\/\/noticiasveraces.com\/index.php?rest_route=\/wp\/v2\/media\/42952"}],"wp:attachment":[{"href":"https:\/\/noticiasveraces.com\/index.php?rest_route=%2Fwp%2Fv2%2Fmedia&parent=42950"}],"wp:term":[{"taxonomy":"category","embeddable":true,"href":"https:\/\/noticiasveraces.com\/index.php?rest_route=%2Fwp%2Fv2%2Fcategories&post=42950"},{"taxonomy":"post_tag","embeddable":true,"href":"https:\/\/noticiasveraces.com\/index.php?rest_route=%2Fwp%2Fv2%2Ftags&post=42950"}],"curies":[{"name":"wp","href":"https:\/\/api.w.org\/{rel}","templated":true}]}}