{"id":42939,"date":"2025-09-01T22:03:14","date_gmt":"2025-09-02T02:03:14","guid":{"rendered":"https:\/\/noticiasveraces.com\/?p=42939"},"modified":"2025-09-01T22:03:14","modified_gmt":"2025-09-02T02:03:14","slug":"uso-de-audifonos-anticipados-slashes-dementia-risk-en-un-61-revela-la-investigacion","status":"publish","type":"post","link":"https:\/\/noticiasveraces.com\/?p=42939","title":{"rendered":"Uso de aud\u00edfonos anticipados Slashes Dementia Risk en un 61%, revela la investigaci\u00f3n"},"content":{"rendered":"<p> \n<\/p>\n<div>\n<div id=\"beyondwords-wrapper\" class=\"beyondwords-wrapper\">\n<p><span class=\"label-bg\">NUEVO<\/span>\u00a1Ahora puedes escuchar art\u00edculos de Fox News!\n  <\/p>\n<\/div>\n<p class=\"speakable\">Abordar la p\u00e9rdida auditiva desde el principio puede reducir significativamente el riesgo de demencia, seg\u00fan un estudio reciente. <\/p>\n<p class=\"speakable\">Los adultos con p\u00e9rdida auditiva que informaron usar aud\u00edfonos antes de que ten\u00edan 70 a\u00f1os redujeron su riesgo de demencia en m\u00e1s de la mitad, en comparaci\u00f3n con aquellos con p\u00e9rdida auditiva que no usaban dispositivos auditivos, seg\u00fan una investigaci\u00f3n publicada recientemente en JAMA Neurology.<\/p>\n<p>Los participantes con p\u00e9rdida auditiva que usaban aud\u00edfonos ten\u00edan un riesgo 61% menor de \u00abdemencia por todas las causas de incidentes\u00bb, escribieron los investigadores.<\/p>\n<p><strong><u>La \u00abaudici\u00f3n selectiva\u00bb no es una elecci\u00f3n, revelan los cient\u00edficos: es un proceso neurol\u00f3gico real<\/u><\/strong><\/p>\n<p>Las personas menores de 70 a\u00f1os que no ten\u00edan p\u00e9rdida auditiva ten\u00edan un riesgo de demencia 29% menor en comparaci\u00f3n con aquellos con p\u00e9rdida auditiva no tratada, seg\u00fan los autores del estudio.<\/p>\n<p>Sin embargo, el mismo beneficio no se observ\u00f3 en esos 70 a\u00f1os o m\u00e1s en el momento de las pruebas de audici\u00f3n.<\/p>\n<div class=\"image-ct inline\">\n<div class=\"m\"><picture><source media=\"(max-width: 767px)\" srcset=\"https:\/\/a57.foxnews.com\/static.foxnews.com\/foxnews.com\/content\/uploads\/2025\/08\/343\/192\/man-getting-fitted-with-hearing-aid.jpg?ve=1&amp;tl=1, https:\/\/a57.foxnews.com\/static.foxnews.com\/foxnews.com\/content\/uploads\/2025\/08\/686\/384\/man-getting-fitted-with-hearing-aid.jpg?ve=1&amp;tl=1 2x\" height=\"192\" width=\"343\"><source media=\"(min-width: 768px) and (max-width: 1023px)\" srcset=\"https:\/\/a57.foxnews.com\/static.foxnews.com\/foxnews.com\/content\/uploads\/2025\/08\/672\/378\/man-getting-fitted-with-hearing-aid.jpg?ve=1&amp;tl=1, https:\/\/a57.foxnews.com\/static.foxnews.com\/foxnews.com\/content\/uploads\/2025\/08\/1344\/756\/man-getting-fitted-with-hearing-aid.jpg?ve=1&amp;tl=1 2x\" height=\"378\" width=\"672\"><source media=\"(min-width: 1024px) and (max-width: 1279px)\" srcset=\"https:\/\/a57.foxnews.com\/static.foxnews.com\/foxnews.com\/content\/uploads\/2025\/08\/931\/523\/man-getting-fitted-with-hearing-aid.jpg?ve=1&amp;tl=1, https:\/\/a57.foxnews.com\/static.foxnews.com\/foxnews.com\/content\/uploads\/2025\/08\/1862\/1046\/man-getting-fitted-with-hearing-aid.jpg?ve=1&amp;tl=1 2x\" height=\"523\" width=\"931\"><source media=\"(min-width: 1280px)\" srcset=\"https:\/\/a57.foxnews.com\/static.foxnews.com\/foxnews.com\/content\/uploads\/2025\/08\/720\/405\/man-getting-fitted-with-hearing-aid.jpg?ve=1&amp;tl=1, https:\/\/a57.foxnews.com\/static.foxnews.com\/foxnews.com\/content\/uploads\/2025\/08\/1440\/810\/man-getting-fitted-with-hearing-aid.jpg?ve=1&amp;tl=1 2x\" height=\"405\" width=\"720\"><img loading=\"lazy\" decoding=\"async\" src=\"https:\/\/a57.foxnews.com\/static.foxnews.com\/foxnews.com\/content\/uploads\/2025\/08\/1200\/675\/man-getting-fitted-with-hearing-aid.jpg?ve=1&amp;tl=1\" alt=\"Hombre que est\u00e1 equipado con aud\u00edfonos\" width=\"1200\" height=\"675\"\/><\/source><\/source><\/source><\/source><\/picture><\/div>\n<div class=\"info\">\n<div class=\"caption\">\n<p><span>Abordar la p\u00e9rdida auditiva desde el principio puede reducir significativamente el riesgo de demencia, seg\u00fan un estudio reciente.<\/span> <span>(Istock)<\/span><\/p>\n<\/div>\n<\/div>\n<\/div>\n<h2><strong>Detalles del estudio<\/strong><\/h2>\n<p>Investigadores de la Universidad de Texas, la Universidad de Pittsburgh, la Universidad de Boston y varios otros analizaron datos de 2.953 participantes en el Estudio de Heart de Framingham, un proyecto a largo plazo que rastre\u00f3 la salud de los participantes y sus hijos.<\/p>\n<p>Durante dos d\u00e9cadas, siguieron a los participantes de 60 a\u00f1os o m\u00e1s que no ten\u00edan un diagn\u00f3stico de demencia cuando se sometieron a pruebas auditivas.<\/p>\n<p><strong><u>6 formas simples de proteger su audici\u00f3n ahora antes de que sea demasiado tarde, seg\u00fan los expertos<\/u><\/strong><\/p>\n<p>Los investigadores encontraron que el 20% de los participantes finalmente desarrollaron demencia, y de este grupo 42% ten\u00eda menos de 70 a\u00f1os cuando completaron la evaluaci\u00f3n auditiva.<\/p>\n<p>\u00abEste hallazgo destaca la importancia de la intervenci\u00f3n temprana para [hearing loss] Para la posible prevenci\u00f3n de la demencia \u00ab, declararon los investigadores.<\/p>\n<p>Los investigadores se\u00f1alaron que solo el 17% de las personas con dispositivos auditivos de uso de p\u00e9rdidas auditivas moderadas a severas.<\/p>\n<div class=\"image-ct inline\">\n<div class=\"m\"><picture><source media=\"(max-width: 767px)\" srcset=\"https:\/\/a57.foxnews.com\/static.foxnews.com\/foxnews.com\/content\/uploads\/2025\/05\/343\/192\/hearing-loss-2.jpg?ve=1&amp;tl=1, https:\/\/a57.foxnews.com\/static.foxnews.com\/foxnews.com\/content\/uploads\/2025\/05\/686\/384\/hearing-loss-2.jpg?ve=1&amp;tl=1 2x\" height=\"192\" width=\"343\"><source media=\"(min-width: 768px) and (max-width: 1023px)\" srcset=\"https:\/\/a57.foxnews.com\/static.foxnews.com\/foxnews.com\/content\/uploads\/2025\/05\/672\/378\/hearing-loss-2.jpg?ve=1&amp;tl=1, https:\/\/a57.foxnews.com\/static.foxnews.com\/foxnews.com\/content\/uploads\/2025\/05\/1344\/756\/hearing-loss-2.jpg?ve=1&amp;tl=1 2x\" height=\"378\" width=\"672\"><source media=\"(min-width: 1024px) and (max-width: 1279px)\" srcset=\"https:\/\/a57.foxnews.com\/static.foxnews.com\/foxnews.com\/content\/uploads\/2025\/05\/931\/523\/hearing-loss-2.jpg?ve=1&amp;tl=1, https:\/\/a57.foxnews.com\/static.foxnews.com\/foxnews.com\/content\/uploads\/2025\/05\/1862\/1046\/hearing-loss-2.jpg?ve=1&amp;tl=1 2x\" height=\"523\" width=\"931\"><source media=\"(min-width: 1280px)\" srcset=\"https:\/\/a57.foxnews.com\/static.foxnews.com\/foxnews.com\/content\/uploads\/2025\/05\/720\/405\/hearing-loss-2.jpg?ve=1&amp;tl=1, https:\/\/a57.foxnews.com\/static.foxnews.com\/foxnews.com\/content\/uploads\/2025\/05\/1440\/810\/hearing-loss-2.jpg?ve=1&amp;tl=1 2x\" height=\"405\" width=\"720\"><img loading=\"lazy\" decoding=\"async\" src=\"https:\/\/a57.foxnews.com\/static.foxnews.com\/foxnews.com\/content\/uploads\/2025\/05\/1200\/675\/hearing-loss-2.jpg?ve=1&amp;tl=1\" alt=\"Mujer senior eligiendo el dispositivo de aud\u00edfonos en la cl\u00ednica m\u00e9dica especializada. Doctor que muestra diferentes tipos de dispositivos. Resultados de las pruebas m\u00e9dicas Carton est\u00e1 en el escritorio frente a ella. Un estudio muestra que la reparaci\u00f3n de la p\u00e9rdida auditiva puede mejorar la soledad senior\" width=\"1200\" height=\"675\"\/><\/source><\/source><\/source><\/source><\/picture><\/div>\n<div class=\"info\">\n<div class=\"caption\">\n<p><span>Los adultos con p\u00e9rdida auditiva que informaron usar aud\u00edfonos antes de que ten\u00edan 70 a\u00f1os reducen su riesgo de demencia en m\u00e1s de la mitad, seg\u00fan el estudio.<\/span> <span>(Istock)<\/span><\/p>\n<\/div>\n<\/div>\n<\/div>\n<p>El Dr. Gayatri Devi, MD, neur\u00f3logo del Hospital Lenox Hill de Northwell en la ciudad de Nueva York, dijo a Fox News Digital que \u00abel 40% de los casos de demencia se pueden prevenir con factores de riesgo modificables, como la correcci\u00f3n de la p\u00e9rdida auditiva, que promueve la socializaci\u00f3n, otra variable separada asociada con la prevenci\u00f3n de la demencia\u00bb.<\/p>\n<p><strong><u>Haga clic aqu\u00ed para obtener la aplicaci\u00f3n Fox News<\/u><\/strong><\/p>\n<p>El m\u00e9dico, que no estaba afiliado al estudio, se\u00f1al\u00f3 que tratar la p\u00e9rdida auditiva es \u00abuna manera excelente y simple\u00bb no solo para prevenir la demencia, sino tambi\u00e9n para permitir que las personas participen m\u00e1s en las conversaciones y mejorar su calidad de vida.<\/p>\n<p>La p\u00e9rdida auditiva relacionada con la edad es un factor de riesgo conocido para desarrollar demencia, seg\u00fan Devi y otros expertos en salud.<\/p>\n<blockquote class=\"pull-quote\">\n<p class=\"quote-text\">\u00abEste hallazgo destaca la importancia de la intervenci\u00f3n temprana para la posible prevenci\u00f3n de la demencia\u00bb.<\/p>\n<p> <!----><\/p><\/blockquote>\n<p>\u00abMantener la buena salud del cerebro a medida que envejecemos requiere estimulaci\u00f3n\u00bb, dijo a Fox News Digital a Fox Digital. <\/p>\n<p>Cuando alguien no puede escuchar correctamente, el cerebro no recibe informaci\u00f3n adecuada, seg\u00fan Bossinas, que tampoco era parte de la investigaci\u00f3n.<\/p>\n<p><strong><u>Haga clic aqu\u00ed para registrarse en nuestro bolet\u00edn de salud<\/u><\/strong><\/p>\n<p>En comparaci\u00f3n con aquellos con audici\u00f3n t\u00edpica, las personas con p\u00e9rdida auditiva tienen 1.9 veces m\u00e1s probabilidades de desarrollar demencia y 2.78 veces m\u00e1s probabilidades de tener un deterioro cognitivo concurrente, dijo el experto.<\/p>\n<p>Estas impedimentos concurrentes pueden incluir p\u00e9rdida de memoria, reducci\u00f3n de la resoluci\u00f3n de problemas, una conciencia reducida de errores y una tasa de procesamiento m\u00e1s lenta.<\/p>\n<h2><strong>S\u00edntomas e intervenci\u00f3n<\/strong><\/h2>\n<p>Hay se\u00f1ales de que una persona puede estar experimentando p\u00e9rdida auditiva y deber\u00eda ver a un profesional de la salud.<\/p>\n<p>\u00abEn general, cuando tenemos problemas para escuchar en restaurantes o en lugares con ruido ambiental fuerte, [it is a] Buen momento para que nuestra audiencia revise \u00ab, dijo Devi.<\/p>\n<div class=\"image-ct inline\">\n<div class=\"m\"><picture><source media=\"(max-width: 767px)\" srcset=\"https:\/\/a57.foxnews.com\/static.foxnews.com\/foxnews.com\/content\/uploads\/2025\/06\/343\/192\/hearing-1.jpg?ve=1&amp;tl=1, https:\/\/a57.foxnews.com\/static.foxnews.com\/foxnews.com\/content\/uploads\/2025\/06\/686\/384\/hearing-1.jpg?ve=1&amp;tl=1 2x\" height=\"192\" width=\"343\"><source media=\"(min-width: 768px) and (max-width: 1023px)\" srcset=\"https:\/\/a57.foxnews.com\/static.foxnews.com\/foxnews.com\/content\/uploads\/2025\/06\/672\/378\/hearing-1.jpg?ve=1&amp;tl=1, https:\/\/a57.foxnews.com\/static.foxnews.com\/foxnews.com\/content\/uploads\/2025\/06\/1344\/756\/hearing-1.jpg?ve=1&amp;tl=1 2x\" height=\"378\" width=\"672\"><source media=\"(min-width: 1024px) and (max-width: 1279px)\" srcset=\"https:\/\/a57.foxnews.com\/static.foxnews.com\/foxnews.com\/content\/uploads\/2025\/06\/931\/523\/hearing-1.jpg?ve=1&amp;tl=1, https:\/\/a57.foxnews.com\/static.foxnews.com\/foxnews.com\/content\/uploads\/2025\/06\/1862\/1046\/hearing-1.jpg?ve=1&amp;tl=1 2x\" height=\"523\" width=\"931\"><source media=\"(min-width: 1280px)\" srcset=\"https:\/\/a57.foxnews.com\/static.foxnews.com\/foxnews.com\/content\/uploads\/2025\/06\/720\/405\/hearing-1.jpg?ve=1&amp;tl=1, https:\/\/a57.foxnews.com\/static.foxnews.com\/foxnews.com\/content\/uploads\/2025\/06\/1440\/810\/hearing-1.jpg?ve=1&amp;tl=1 2x\" height=\"405\" width=\"720\"><img loading=\"lazy\" decoding=\"async\" src=\"https:\/\/a57.foxnews.com\/static.foxnews.com\/foxnews.com\/content\/uploads\/2025\/06\/1200\/675\/hearing-1.jpg?ve=1&amp;tl=1\" alt=\"Hombre senior con aud\u00edfono con tel\u00e9fono inteligente\" width=\"1200\" height=\"675\"\/><\/source><\/source><\/source><\/source><\/picture><\/div>\n<div class=\"info\">\n<div class=\"caption\">\n<p><span>Cuando alguien no puede escuchar correctamente, el cerebro no recibe informaci\u00f3n adecuada, dijo un experto.<\/span> <span>(Istock)<\/span><\/p>\n<\/div>\n<\/div>\n<\/div>\n<p>Otra se\u00f1al es cuando alguien frecuentemente pide a las personas que se repitan durante las conversaciones.<\/p>\n<p>La intervenci\u00f3n temprana es importante, seg\u00fan Bossinas. Las personas generalmente se adaptan m\u00e1s r\u00e1pidamente al uso de aud\u00edfonos cuando tienen una leve p\u00e9rdida auditiva, se\u00f1al\u00f3, ya que el cambio no es tan dram\u00e1tico, pero a\u00fan puede ser muy \u00fatil.<\/p>\n<p><i><strong><u>Para m\u00e1s art\u00edculos de salud, visite <\/u><\/strong><\/i><i><strong><u>www.foxnews.com\/Health<\/u><\/strong><\/i><\/p>\n<p>Se pueden requerir varios ajustes, por lo que recomienda trabajar con un audi\u00f3logo.<\/p>\n<p>Al usar dispositivos auditivos, es importante mantenerlos secos, cambiar las bater\u00edas (o el dispositivo) regularmente, limpiar el dispositivo de acuerdo con las instrucciones del audi\u00f3logo y realizar controles de escucha regulares, agreg\u00f3 el experto.<\/p>\n<p> <!----> <\/p>\n<div class=\"article-meta\">\n<div class=\"author-bio\">\n<p>Amy McGorry es una escritora de salud contribuyente para Fox News Digital. S\u00edguela en Twitter <a href=\"http:\/\/twitter.com\/amymcgorry?lang=en\" target=\"_blank\">@amymcgorry<\/a>.<\/p>\n<\/div>\n<\/div>\n<\/div>\n<p><script async src=\"https:\/\/platform.twitter.com\/widgets.js\" charset=\"utf-8\"><\/script><br \/>\n<br \/>\n","protected":false},"excerpt":{"rendered":"<p>NUEVO\u00a1Ahora puedes escuchar art\u00edculos de Fox News! Abordar la p\u00e9rdida auditiva desde el principio puede reducir significativamente el riesgo de demencia, seg\u00fan un estudio reciente. Los adultos con p\u00e9rdida auditiva que informaron usar aud\u00edfonos antes de que ten\u00edan 70 a\u00f1os redujeron su riesgo de demencia en m\u00e1s de la mitad, en comparaci\u00f3n con aquellos con &hellip;<\/p>\n","protected":false},"author":1,"featured_media":42941,"comment_status":"open","ping_status":"open","sticky":false,"template":"","format":"standard","meta":{"fifu_image_url":"https:\/\/a57.foxnews.com\/static.foxnews.com\/foxnews.com\/content\/uploads\/2025\/08\/1200\/675\/man-getting-fitted-with-hearing-aid.jpg?ve=1&tl=1","fifu_image_alt":"","footnotes":""},"categories":[8],"tags":[],"class_list":["post-42939","post","type-post","status-publish","format-standard","has-post-thumbnail","","category-salud"],"_links":{"self":[{"href":"https:\/\/noticiasveraces.com\/index.php?rest_route=\/wp\/v2\/posts\/42939","targetHints":{"allow":["GET"]}}],"collection":[{"href":"https:\/\/noticiasveraces.com\/index.php?rest_route=\/wp\/v2\/posts"}],"about":[{"href":"https:\/\/noticiasveraces.com\/index.php?rest_route=\/wp\/v2\/types\/post"}],"author":[{"embeddable":true,"href":"https:\/\/noticiasveraces.com\/index.php?rest_route=\/wp\/v2\/users\/1"}],"replies":[{"embeddable":true,"href":"https:\/\/noticiasveraces.com\/index.php?rest_route=%2Fwp%2Fv2%2Fcomments&post=42939"}],"version-history":[{"count":0,"href":"https:\/\/noticiasveraces.com\/index.php?rest_route=\/wp\/v2\/posts\/42939\/revisions"}],"wp:featuredmedia":[{"embeddable":true,"href":"https:\/\/noticiasveraces.com\/index.php?rest_route=\/wp\/v2\/media\/42941"}],"wp:attachment":[{"href":"https:\/\/noticiasveraces.com\/index.php?rest_route=%2Fwp%2Fv2%2Fmedia&parent=42939"}],"wp:term":[{"taxonomy":"category","embeddable":true,"href":"https:\/\/noticiasveraces.com\/index.php?rest_route=%2Fwp%2Fv2%2Fcategories&post=42939"},{"taxonomy":"post_tag","embeddable":true,"href":"https:\/\/noticiasveraces.com\/index.php?rest_route=%2Fwp%2Fv2%2Ftags&post=42939"}],"curies":[{"name":"wp","href":"https:\/\/api.w.org\/{rel}","templated":true}]}}