{"id":42937,"date":"2025-09-01T21:59:15","date_gmt":"2025-09-02T01:59:15","guid":{"rendered":"https:\/\/noticiasveraces.com\/?p=42937"},"modified":"2025-09-01T21:59:15","modified_gmt":"2025-09-02T01:59:15","slug":"guatemala-acepta-recibir-a-menores-deportados-desde-ee-uu-dw-01-09-2025","status":"publish","type":"post","link":"https:\/\/noticiasveraces.com\/?p=42937","title":{"rendered":"Guatemala acepta recibir a menores deportados desde EE. UU. \u2013 DW \u2013 01\/09\/2025"},"content":{"rendered":"<p> \n<\/p>\n<div data-tracking-name=\"rich-text\" data-tracking-skip=\"true\">\n<p>El presidente de Guatemala, Bernardo Ar\u00e9valo, anunci\u00f3 este lunes (01.09.2025) que su gobierno est\u00e1 dispuesto a aceptar a unos 150 menores desde Estados Unidos a la semana, despu\u00e9s de que una jueza bloqueara temporalmente los planes de Donald Trump para deportar a cientos de ni\u00f1os guatemaltecos.<\/p>\n<p>\u00abTodo ni\u00f1o no acompa\u00f1ado que est\u00e9 en condici\u00f3n de regresar voluntariamente o por orden de juez, nosotros estaremos en condici\u00f3n de recibirlo\u00bb, dijo el mandatario en rueda de prensa.<\/p>\n<p>Sin embargo, destac\u00f3 que \u00abla decisi\u00f3n\u00bb sobre el \u00abn\u00famero y ritmo\u00bb del env\u00edo de los menores recae sobre el gobierno de Estados Unidos.<\/p>\n<p>Ar\u00e9valo hizo el anuncio despu\u00e9s de que el ministro de Relaciones Exteriores, Carlos Mart\u00ednez, y el embajador en Washington, Hugo Beteta, regresaran \u00abmuy preocupados\u00bb de la situaci\u00f3n de los menores en los centros de detenci\u00f3n en Estados Unidos tras realizar un recorrido.<\/p>\n<p>El pasado domingo, una jueza estadounidense bloque\u00f3 temporalmente los planes de Trump para deportar a cientos de menores guatemaltecos que llegaron solos a Estados Unidos y que se encuentran bajo custodia de las autoridades.<\/p>\n<p>RR Efe\/Reuters<\/p>\n<\/div>\n\n","protected":false},"excerpt":{"rendered":"<p>El presidente de Guatemala, Bernardo Ar\u00e9valo, anunci\u00f3 este lunes (01.09.2025) que su gobierno est\u00e1 dispuesto a aceptar a unos 150 menores desde Estados Unidos a la semana, despu\u00e9s de que una jueza bloqueara temporalmente los planes de Donald Trump para deportar a cientos de ni\u00f1os guatemaltecos. \u00abTodo ni\u00f1o no acompa\u00f1ado que est\u00e9 en condici\u00f3n de &hellip;<\/p>\n","protected":false},"author":1,"featured_media":42938,"comment_status":"open","ping_status":"open","sticky":false,"template":"","format":"standard","meta":{"fifu_image_url":"https:\/\/static.dw.com\/image\/72401550_6.jpg","fifu_image_alt":"","footnotes":""},"categories":[13],"tags":[],"class_list":["post-42937","post","type-post","status-publish","format-standard","has-post-thumbnail","","category-mundo"],"_links":{"self":[{"href":"https:\/\/noticiasveraces.com\/index.php?rest_route=\/wp\/v2\/posts\/42937","targetHints":{"allow":["GET"]}}],"collection":[{"href":"https:\/\/noticiasveraces.com\/index.php?rest_route=\/wp\/v2\/posts"}],"about":[{"href":"https:\/\/noticiasveraces.com\/index.php?rest_route=\/wp\/v2\/types\/post"}],"author":[{"embeddable":true,"href":"https:\/\/noticiasveraces.com\/index.php?rest_route=\/wp\/v2\/users\/1"}],"replies":[{"embeddable":true,"href":"https:\/\/noticiasveraces.com\/index.php?rest_route=%2Fwp%2Fv2%2Fcomments&post=42937"}],"version-history":[{"count":0,"href":"https:\/\/noticiasveraces.com\/index.php?rest_route=\/wp\/v2\/posts\/42937\/revisions"}],"wp:featuredmedia":[{"embeddable":true,"href":"https:\/\/noticiasveraces.com\/index.php?rest_route=\/wp\/v2\/media\/42938"}],"wp:attachment":[{"href":"https:\/\/noticiasveraces.com\/index.php?rest_route=%2Fwp%2Fv2%2Fmedia&parent=42937"}],"wp:term":[{"taxonomy":"category","embeddable":true,"href":"https:\/\/noticiasveraces.com\/index.php?rest_route=%2Fwp%2Fv2%2Fcategories&post=42937"},{"taxonomy":"post_tag","embeddable":true,"href":"https:\/\/noticiasveraces.com\/index.php?rest_route=%2Fwp%2Fv2%2Ftags&post=42937"}],"curies":[{"name":"wp","href":"https:\/\/api.w.org\/{rel}","templated":true}]}}