{"id":42932,"date":"2025-09-01T20:58:04","date_gmt":"2025-09-02T00:58:04","guid":{"rendered":"https:\/\/noticiasveraces.com\/?p=42932"},"modified":"2025-09-01T20:58:04","modified_gmt":"2025-09-02T00:58:04","slug":"sanchez-dice-que-hay-jueces-haciendo-politica-en-espana-dw-01-09-2025","status":"publish","type":"post","link":"https:\/\/noticiasveraces.com\/?p=42932","title":{"rendered":"S\u00e1nchez dice que \u00abhay jueces haciendo pol\u00edtica\u00bb en Espa\u00f1a \u2013 DW \u2013 01\/09\/2025"},"content":{"rendered":"<p> \n<\/p>\n<div data-tracking-name=\"rich-text\" data-tracking-skip=\"true\">\n<p>El presidente del gobierno espa\u00f1ol Pedro S\u00e1nchez acus\u00f3 este lunes (01.09.2025) a jueces de su pa\u00eds de estar \u00abhaciendo pol\u00edtica\u00bb, al ser interrogado sobre presuntos casos de corrupci\u00f3n en los que se cuestiona a varios de sus allegados.<\/p>\n<p>\u00abHay jueces haciendo pol\u00edtica y que hay pol\u00edticos que tratan de hacer justicia, sin duda alguna\u00bb, dijo el l\u00edder socialista en referencia a los casos en que est\u00e1n involucrados su esposa Bego\u00f1a G\u00f3mez y el hermano menor de S\u00e1nchez en Espa\u00f1a.<\/p>\n<p>\u00abAfortunadamente es la minor\u00eda, pero la hay y hacen un da\u00f1o terrible, un inmenso da\u00f1o a la justicia\u00bb, agreg\u00f3 en una entrevista en la televisora p\u00fablica RTVE.<\/p>\n<p>G\u00f3mez fue convocada para el 11 de septiembre por un juez en el marco de una investigaci\u00f3n por desv\u00edo de fondos, seg\u00fan un portavoz de un tribunal de Madrid.<\/p>\n<p>G\u00f3mez, que dirig\u00eda hasta el inicio de clases de 2024 un m\u00e1ster de gesti\u00f3n en la Universidad Complutense de Madrid, es sospechosa para el juez de haber usado en su beneficio las funciones de su esposo para obtener financiamientos para su m\u00e1ster, especialmente ante el empresario Juan Carlos Barrab\u00e9.<\/p>\n<p>Desde abril de 2024, G\u00f3mez est\u00e1 imputada tambi\u00e9n por corrupci\u00f3n y tr\u00e1fico de influencias.<\/p>\n<p>RR AFP\/RTVE<\/p>\n<\/div>\n\n","protected":false},"excerpt":{"rendered":"<p>El presidente del gobierno espa\u00f1ol Pedro S\u00e1nchez acus\u00f3 este lunes (01.09.2025) a jueces de su pa\u00eds de estar \u00abhaciendo pol\u00edtica\u00bb, al ser interrogado sobre presuntos casos de corrupci\u00f3n en los que se cuestiona a varios de sus allegados. \u00abHay jueces haciendo pol\u00edtica y que hay pol\u00edticos que tratan de hacer justicia, sin duda alguna\u00bb, dijo &hellip;<\/p>\n","protected":false},"author":1,"featured_media":42933,"comment_status":"open","ping_status":"open","sticky":false,"template":"","format":"standard","meta":{"fifu_image_url":"https:\/\/static.dw.com\/image\/73676714_6.jpg","fifu_image_alt":"","footnotes":""},"categories":[13],"tags":[],"class_list":["post-42932","post","type-post","status-publish","format-standard","has-post-thumbnail","","category-mundo"],"_links":{"self":[{"href":"https:\/\/noticiasveraces.com\/index.php?rest_route=\/wp\/v2\/posts\/42932","targetHints":{"allow":["GET"]}}],"collection":[{"href":"https:\/\/noticiasveraces.com\/index.php?rest_route=\/wp\/v2\/posts"}],"about":[{"href":"https:\/\/noticiasveraces.com\/index.php?rest_route=\/wp\/v2\/types\/post"}],"author":[{"embeddable":true,"href":"https:\/\/noticiasveraces.com\/index.php?rest_route=\/wp\/v2\/users\/1"}],"replies":[{"embeddable":true,"href":"https:\/\/noticiasveraces.com\/index.php?rest_route=%2Fwp%2Fv2%2Fcomments&post=42932"}],"version-history":[{"count":0,"href":"https:\/\/noticiasveraces.com\/index.php?rest_route=\/wp\/v2\/posts\/42932\/revisions"}],"wp:featuredmedia":[{"embeddable":true,"href":"https:\/\/noticiasveraces.com\/index.php?rest_route=\/wp\/v2\/media\/42933"}],"wp:attachment":[{"href":"https:\/\/noticiasveraces.com\/index.php?rest_route=%2Fwp%2Fv2%2Fmedia&parent=42932"}],"wp:term":[{"taxonomy":"category","embeddable":true,"href":"https:\/\/noticiasveraces.com\/index.php?rest_route=%2Fwp%2Fv2%2Fcategories&post=42932"},{"taxonomy":"post_tag","embeddable":true,"href":"https:\/\/noticiasveraces.com\/index.php?rest_route=%2Fwp%2Fv2%2Ftags&post=42932"}],"curies":[{"name":"wp","href":"https:\/\/api.w.org\/{rel}","templated":true}]}}