{"id":42920,"date":"2025-09-01T18:15:05","date_gmt":"2025-09-01T22:15:05","guid":{"rendered":"https:\/\/noticiasveraces.com\/?p=42920"},"modified":"2025-09-01T18:15:05","modified_gmt":"2025-09-01T22:15:05","slug":"grave-caso-en-el-fpc-jugador-fue-denunciado-y-enviado-a-la-carcel-por-violencia-intrafamiliar-curiosidades-de-futbol","status":"publish","type":"post","link":"https:\/\/noticiasveraces.com\/?p=42920","title":{"rendered":"Grave caso en el FPC: jugador fue denunciado y enviado a la c\u00e1rcel por violencia intrafamiliar | Curiosidades de f\u00fatbol"},"content":{"rendered":"<p> \n<br \/><img decoding=\"async\" src=\"https:\/\/www.futbolred.com\/files\/article_graphic\/uploads\/2020\/03\/09\/5e65e5c804ec4.jpeg\" \/><\/p>\n<div id=\"cuerpoArticulo\">\n<p class=\"texto intro\" id=\"p254413-m654-653-655\">Un caso de violencia intrafamiliar se ha presentado en Cartagena, donde un futbolista profesional fue se\u00f1alado, aparentemente, por agredir a su pareja sentimental. <\/p>\n<p>Con 19 a\u00f1os, el jugador fue enviado a la c\u00e1rcel luego de ser detenido por el CTI y ser presentado ante un juez. <\/p>\n<p>\u00abEn al menos dos de esas ocasiones, hubo agresiones f\u00edsicas y, adem\u00e1s, la obligaba a tener relaciones, la tomaba a la fuerza\u00bb, revel\u00f3 la fiscal del caso en un informe realizado por Noticias Caracol. <\/p>\n<p class=\"texto contenido-parrafo-articulo\" id=\"p254413-m730-3-731\">De acuerdo a la investigaci\u00f3n, la v\u00edctima no denunci\u00f3 al futbolista, quien fue identificado como\u00a0Rafael Santos Mercado, por miedo a represalias en su contra. <\/p>\n<p>Seg\u00fan se pudo conocer, Mercado hizo parte del Real Cartagena e incluso, integr\u00f3 la Selecci\u00f3n Colombia Sub-17. <\/p>\n<p>\u00abNo me quise subir a la moto de \u00e9l y entonces me pega un pu\u00f1o en la cara. En ese momento, caigo al piso, quedo inconsciente por unos minutos y sufr\u00ed una fractura maxilar izquierda y un hueso de la mand\u00edbula partido en dos pedazos\u00bb, afirm\u00f3 la mujer en el informativo. <\/p>\n<p>Al momento de la audiencia, el implicado no acept\u00f3 los cargos y se declar\u00f3 inocente. Tras una deliberaci\u00f3n, se tom\u00f3 la decisi\u00f3n de optar por una medida de aseguramiento de casa por c\u00e1rcel. <\/p>\n<p>\u00abTiene que tener en cuenta que muchas personas lo siguen y deber ser un ejemplo a seguir, para esos muchachos que quieren estar en el f\u00fatbol, pero, en especial, por usted\u00bb, dijo la juez en la audiencia. <\/p>\n<div id=\"p254413-m736-4-737\" class=\"\">\n<blockquote class=\"twitter-tweet\" data-media-max-width=\"560\">\n<p lang=\"es\" dir=\"ltr\">\ud83d\udea8 \u00a1FUTBOLISTA FUE ENVIADO A LA C\u00c1RCEL POR VIOLENCIA INTRAFAMILIAR! \u26a0\ufe0f<\/p>\n<p>Se trata de Rafael Santos Mercado, de 19 a\u00f1os, quien era jugador del Real Cartagena \ud83d\udfe1\ud83d\udfe2 y, adem\u00e1s, hizo parte de la Selecci\u00f3n Colombia Sub-17 \ud83c\udde8\ud83c\uddf4<\/p>\n<p>Conozca todos los detalles de este caso \ud83d\udcf9 <a href=\"https:\/\/t.co\/55aHwQHrvl\">pic.twitter.com\/55AHWQHRVL<\/a><\/p>\n<p>\u2014 Gol Caracol (@GolCaracol) <a href=\"https:\/\/twitter.com\/GolCaracol\/status\/1962028090944581971?ref_src=twsrc%5Etfw\">31 de agosto de 2025<\/a><\/p><\/blockquote><\/div>\n<\/div>\n<p><script async src=\"https:\/\/platform.twitter.com\/widgets.js\" charset=\"utf-8\"><\/script><br \/>\n<br \/>\n","protected":false},"excerpt":{"rendered":"<p>Un caso de violencia intrafamiliar se ha presentado en Cartagena, donde un futbolista profesional fue se\u00f1alado, aparentemente, por agredir a su pareja sentimental. Con 19 a\u00f1os, el jugador fue enviado a la c\u00e1rcel luego de ser detenido por el CTI y ser presentado ante un juez. \u00abEn al menos dos de esas ocasiones, hubo agresiones &hellip;<\/p>\n","protected":false},"author":1,"featured_media":42922,"comment_status":"open","ping_status":"open","sticky":false,"template":"","format":"standard","meta":{"fifu_image_url":"https:\/\/www.futbolred.com\/files\/og_thumbnail\/uploads\/2020\/03\/09\/5e65e5c804ec4.jpeg","fifu_image_alt":"","footnotes":""},"categories":[6],"tags":[],"class_list":["post-42920","post","type-post","status-publish","format-standard","has-post-thumbnail","","category-deportes"],"_links":{"self":[{"href":"https:\/\/noticiasveraces.com\/index.php?rest_route=\/wp\/v2\/posts\/42920","targetHints":{"allow":["GET"]}}],"collection":[{"href":"https:\/\/noticiasveraces.com\/index.php?rest_route=\/wp\/v2\/posts"}],"about":[{"href":"https:\/\/noticiasveraces.com\/index.php?rest_route=\/wp\/v2\/types\/post"}],"author":[{"embeddable":true,"href":"https:\/\/noticiasveraces.com\/index.php?rest_route=\/wp\/v2\/users\/1"}],"replies":[{"embeddable":true,"href":"https:\/\/noticiasveraces.com\/index.php?rest_route=%2Fwp%2Fv2%2Fcomments&post=42920"}],"version-history":[{"count":0,"href":"https:\/\/noticiasveraces.com\/index.php?rest_route=\/wp\/v2\/posts\/42920\/revisions"}],"wp:featuredmedia":[{"embeddable":true,"href":"https:\/\/noticiasveraces.com\/index.php?rest_route=\/wp\/v2\/media\/42922"}],"wp:attachment":[{"href":"https:\/\/noticiasveraces.com\/index.php?rest_route=%2Fwp%2Fv2%2Fmedia&parent=42920"}],"wp:term":[{"taxonomy":"category","embeddable":true,"href":"https:\/\/noticiasveraces.com\/index.php?rest_route=%2Fwp%2Fv2%2Fcategories&post=42920"},{"taxonomy":"post_tag","embeddable":true,"href":"https:\/\/noticiasveraces.com\/index.php?rest_route=%2Fwp%2Fv2%2Ftags&post=42920"}],"curies":[{"name":"wp","href":"https:\/\/api.w.org\/{rel}","templated":true}]}}