{"id":42911,"date":"2025-09-01T17:41:11","date_gmt":"2025-09-01T21:41:11","guid":{"rendered":"https:\/\/noticiasveraces.com\/?p=42911"},"modified":"2025-09-01T17:41:11","modified_gmt":"2025-09-01T21:41:11","slug":"trump-dice-que-otorgara-a-rudy-giuliani-la-medalla-presidencial-de-la-libertad","status":"publish","type":"post","link":"https:\/\/noticiasveraces.com\/?p=42911","title":{"rendered":"Trump dice que otorgar\u00e1 a Rudy Giuliani la medalla presidencial de la libertad"},"content":{"rendered":"<p> \n<\/p>\n<div>\n<p id=\"anchor-606294\" class=\"body-graf\">El presidente Donald Trump dijo el lunes que le otorgar\u00e1 a Rudy Giuliani la Medalla Presidencial de la Libertad, el honor civil m\u00e1s alto de la naci\u00f3n, dos d\u00edas despu\u00e9s de que el ex alcalde de la ciudad de Nueva York result\u00f3 herido en un accidente automovil\u00edstico. <\/p>\n<p id=\"anchor-a997ae\" class=\"body-graf\">\u00abComo presidente de los Estados Unidos de Am\u00e9rica, me complace anunciar que Rudy Giuliani, el mayor alcalde de la historia de la ciudad de Nueva York y un patriota estadounidense igualmente grande, recibir\u00e1 la medalla presidencial de la libertad, el honor civil m\u00e1s alto de nuestro pa\u00eds\u00bb, escribi\u00f3 Trump en Truth Social, agregando que anunciar\u00eda detalles y tiempo a tiempo posterior.<\/p>\n<p id=\"anchor-81dd86\" class=\"body-graf\">El jefe de seguridad de Giuliani, Michael Ragusa, dijo el domingo que el ex alcalde sufri\u00f3 heridas que inclu\u00edan una fractura espinal despu\u00e9s de que fue \u00abgolpeado por detr\u00e1s a alta velocidad\u00bb mientras viajaba como pasajero en un veh\u00edculo en una carretera en New Hampshire. <\/p>\n<p id=\"anchor-2529f6\" class=\"body-graf\">Tambi\u00e9n dijo que antes del accidente del s\u00e1bado por la noche, Giuliani fue \u00abmarcado por una mujer que fue v\u00edctima de un incidente de violencia dom\u00e9stica\u00bb, y \u00abinmediatamente prest\u00f3 ayuda y contact\u00f3 al 911\u00bb, quedando en escena hasta que lleg\u00f3 la polic\u00eda.<\/p>\n<p id=\"anchor-c13008\" class=\"body-graf\">Ragusa dijo que Giuliani estaba \u00aben gran esp\u00edritu\u00bb y \u00abcompletamente alerta y consciente\u00bb, y en su actualizaci\u00f3n del domingo por la noche, agreg\u00f3 que Giuliani estaba \u00abprogramado para estar equipado con un aparato ortop\u00e9dico y comenzar\u00e1 fisioterapia\u00bb.<\/p>\n<p id=\"anchor-37b95d\" class=\"body-graf\">La polic\u00eda identific\u00f3 a Ted Goodman, quien se desempe\u00f1\u00f3 como miembro del personal de Giuliani, como el conductor del veh\u00edculo en el que se encontraba el ex alcalde. Sustit\u00f3 lesiones que no amenazan la vida y fue llevado a un hospital.<\/p>\n<figure class=\"styles_inlineImage__FvnTh styles_medium__MEKii\" id=\"anchor-2bca78\"><picture class=\"styles_image__i32F7\" data-testid=\"picture\" data-flavor=\"fit\" data-original-height=\"1724\" data-original-width=\"2500\"><source media=\"(min-width: 1000px)\" srcset=\"https:\/\/media-cldnry.s-nbcnews.com\/image\/upload\/t_fit-560w,f_avif,q_auto:eco,dpr_2\/rockcms\/2023-09\/210607-rudy-giuliani-donald-trump-2016-ac-848p-9bf8a8.jpg 2x, https:\/\/media-cldnry.s-nbcnews.com\/image\/upload\/t_fit-560w,f_auto,q_auto:best\/rockcms\/2023-09\/210607-rudy-giuliani-donald-trump-2016-ac-848p-9bf8a8.jpg 1x\"\/><source media=\"(min-width: 320px)\" srcset=\"https:\/\/media-cldnry.s-nbcnews.com\/image\/upload\/t_fit-760w,f_avif,q_auto:eco,dpr_2\/rockcms\/2023-09\/210607-rudy-giuliani-donald-trump-2016-ac-848p-9bf8a8.jpg 2x, https:\/\/media-cldnry.s-nbcnews.com\/image\/upload\/t_fit-760w,f_auto,q_auto:best\/rockcms\/2023-09\/210607-rudy-giuliani-donald-trump-2016-ac-848p-9bf8a8.jpg 1x\"\/><img decoding=\"async\" loading=\"lazy\" src=\"https:\/\/media-cldnry.s-nbcnews.com\/image\/upload\/t_fit-760w,f_auto,q_auto:best\/rockcms\/2023-09\/210607-rudy-giuliani-donald-trump-2016-ac-848p-9bf8a8.jpg\" alt=\"Imagen: Donald Trump, Rudy Giuliani\" height=\"1724\" width=\"2500\"\/><\/picture><figcaption class=\"caption styles_caption__TCewG\" data-testid=\"caption\"><span class=\"caption__container\" data-testid=\"caption__container\">Trump planea otorgar a su antiguo partidario, Rudy Giuliani, la Medalla Presidencial de la Libertad.<\/span><span class=\"caption__source\" data-testid=\"caption__source\">Archivo Carolyn Kaster \/ AP<\/span><\/figcaption><\/figure>\n<p id=\"anchor-22e27f\" class=\"body-graf\">Giuliani salt\u00f3 a la prominencia nacional como alcalde de la ciudad de Nueva York despu\u00e9s de los ataques del 11 de septiembre. Respald\u00f3 a Trump durante su ejecuci\u00f3n de 2016 para presidente y se uni\u00f3 a su equipo legal en 2018. Giuliani represent\u00f3 a Trump en demandas que intentan derrocar los resultados de las elecciones de 2020, y finalmente se le prohibi\u00f3 practicar la ley tanto en Nueva York como en Washington, DC, para esos esfuerzos y la desinformaci\u00f3n que se propuso.<\/p>\n<p id=\"anchor-f80a75\" class=\"body-graf\">Giuliani tambi\u00e9n enfrent\u00f3 cargos en Georgia y Arizona y fue nombrado co-conspirador no acusado en el caso de interferencia federal de Elecciones Federales del Asesor Especial Jack Smith contra Trump. Giuliani neg\u00f3 las acusaciones.<\/p>\n<p id=\"anchor-f3163e\" class=\"endmark body-graf\">Los ganadores anteriores del premio incluyen a la tripulaci\u00f3n del Apolo 11, el actor Denzel Washington, el periodista Edward R. Murrow, la gimnasta Simone Biles y el director Steven Spielberg. En su primer mandato, Trump otorg\u00f3 el honor en el presentador de radio Rush Limbaugh, el golfista Tiger Woods, el representante de Ohio Jim Jordan y el jugador de b\u00e9isbol Babe Ruth, entre otros.<\/p>\n<\/div>\n<div>\n<div class=\"expanded-byline-contributors articleBylineContainer\">\n<div class=\"expanded-byline article-expanded-byline\" data-activity-map=\"expanded-byline-article-bottom\">\n<div class=\"byline-thumbnail byline-thumbnail--has-image expanded-byline__thumbnail\" data-testid=\"byline-thumbnail\"><picture data-testid=\"picture\" data-flavor=\"focal\" data-original-height=\"48\" data-original-width=\"48\"><source media=\"(min-width: 320px)\" srcset=\"https:\/\/media-cldnry.s-nbcnews.com\/image\/upload\/t_focal-60x60,f_avif,q_auto:eco,dpr_2\/newscms\/2024_41\/3665448\/241011-raquel-coronell-uribe.jpg 2x, https:\/\/media-cldnry.s-nbcnews.com\/image\/upload\/t_focal-60x60,f_auto,q_auto:best\/newscms\/2024_41\/3665448\/241011-raquel-coronell-uribe.jpg 1x\"\/><img decoding=\"async\" loading=\"lazy\" src=\"https:\/\/media-cldnry.s-nbcnews.com\/image\/upload\/t_focal-60x60,f_auto,q_auto:best\/newscms\/2024_41\/3665448\/241011-raquel-coronell-uribe.jpg\" alt=\"\" height=\"48\" width=\"48\"\/><\/picture><\/div>\n<p><span class=\"byline-name expanded-byline__name\" data-testid=\"byline-name\">Raquel Coronell Uribe<\/span><span class=\"byline-social expanded-byline__social\"><span class=\"icon icon-email\"\/><\/span><\/p>\n<div class=\"expanded-byline__bio-wrapper\">\n<p class=\"byline-bio expanded-byline__bio\">Raquel Coronell Uribe es un reportero de noticias de \u00faltima hora. <\/p>\n<\/div>\n<\/div>\n<p>Amanda Terkel<!-- --> y <!-- -->Y manganeso, CNBC<!-- --> <!-- -->aportado<!-- -->.<\/p>\n<\/div>\n<\/div>\n\n","protected":false},"excerpt":{"rendered":"<p>El presidente Donald Trump dijo el lunes que le otorgar\u00e1 a Rudy Giuliani la Medalla Presidencial de la Libertad, el honor civil m\u00e1s alto de la naci\u00f3n, dos d\u00edas despu\u00e9s de que el ex alcalde de la ciudad de Nueva York result\u00f3 herido en un accidente automovil\u00edstico. \u00abComo presidente de los Estados Unidos de Am\u00e9rica, &hellip;<\/p>\n","protected":false},"author":1,"featured_media":42913,"comment_status":"open","ping_status":"open","sticky":false,"template":"","format":"standard","meta":{"fifu_image_url":"https:\/\/media-cldnry.s-nbcnews.com\/image\/upload\/t_nbcnews-fp-1200-630,f_auto,q_auto:best\/rockcms\/2023-09\/210607-rudy-giuliani-donald-trump-2016-ac-848p-9bf8a8.jpg","fifu_image_alt":"","footnotes":""},"categories":[4],"tags":[],"class_list":["post-42911","post","type-post","status-publish","format-standard","has-post-thumbnail","","category-historias-destacadas"],"_links":{"self":[{"href":"https:\/\/noticiasveraces.com\/index.php?rest_route=\/wp\/v2\/posts\/42911","targetHints":{"allow":["GET"]}}],"collection":[{"href":"https:\/\/noticiasveraces.com\/index.php?rest_route=\/wp\/v2\/posts"}],"about":[{"href":"https:\/\/noticiasveraces.com\/index.php?rest_route=\/wp\/v2\/types\/post"}],"author":[{"embeddable":true,"href":"https:\/\/noticiasveraces.com\/index.php?rest_route=\/wp\/v2\/users\/1"}],"replies":[{"embeddable":true,"href":"https:\/\/noticiasveraces.com\/index.php?rest_route=%2Fwp%2Fv2%2Fcomments&post=42911"}],"version-history":[{"count":0,"href":"https:\/\/noticiasveraces.com\/index.php?rest_route=\/wp\/v2\/posts\/42911\/revisions"}],"wp:featuredmedia":[{"embeddable":true,"href":"https:\/\/noticiasveraces.com\/index.php?rest_route=\/wp\/v2\/media\/42913"}],"wp:attachment":[{"href":"https:\/\/noticiasveraces.com\/index.php?rest_route=%2Fwp%2Fv2%2Fmedia&parent=42911"}],"wp:term":[{"taxonomy":"category","embeddable":true,"href":"https:\/\/noticiasveraces.com\/index.php?rest_route=%2Fwp%2Fv2%2Fcategories&post=42911"},{"taxonomy":"post_tag","embeddable":true,"href":"https:\/\/noticiasveraces.com\/index.php?rest_route=%2Fwp%2Fv2%2Ftags&post=42911"}],"curies":[{"name":"wp","href":"https:\/\/api.w.org\/{rel}","templated":true}]}}