{"id":42889,"date":"2025-09-01T13:51:08","date_gmt":"2025-09-01T17:51:08","guid":{"rendered":"https:\/\/noticiasveraces.com\/?p=42889"},"modified":"2025-09-01T13:51:08","modified_gmt":"2025-09-01T17:51:08","slug":"albania-y-su-plan-de-eliminar-el-efectivo-de-su-economia-dw-01-09-2025","status":"publish","type":"post","link":"https:\/\/noticiasveraces.com\/?p=42889","title":{"rendered":"Albania y su plan de eliminar el efectivo de su econom\u00eda \u2013 DW \u2013 01\/09\/2025"},"content":{"rendered":"<p> \n<\/p>\n<div data-tracking-name=\"rich-text\" data-tracking-skip=\"true\">\n<p>El primer ministro de Albania, Edi Rama, consigui\u00f3 un cuarto mandato en mayo de 2025, prometiendo a los ciudadanos albaneses que liderar\u00eda la entrada del pa\u00eds en la Uni\u00f3n Europea para 2030.<\/p>\n<p>A mediados de julio, anunci\u00f3 otro plan importante para ese mismo plazo: \u00abTenemos una ambici\u00f3n: que para finales de esta d\u00e9cada, Albania se convierta en una sociedad sin efectivo, lo que significa que todas las interacciones y transacciones financieras sean totalmente digitales\u00bb, dijo Rama ante representantes empresariales\u00a0durante una reuni\u00f3n titulada \u00abAlbania 2030. Una visi\u00f3n hacia la integraci\u00f3n europea\u00bb. Todo suena muy sencillo y claro. Pero, \u00bflo es realmente?<\/p>\n<h2>\u00abPrefiero el efectivo\u00bb<\/h2>\n<p>En la vida cotidiana, Mimoza A., una mujer de 62 a\u00f1os de Tirana, cuenta que \u00fanicamente utiliza su\u00a0tarjeta bancaria cuando retira su salario del cajero autom\u00e1tico cercano a su departamento.<\/p>\n<p>\u00abNo es com\u00fan que la gente de mi generaci\u00f3n use\u00a0tarjeta para pagar la comida o en la peluquer\u00eda. Prefiero el efectivo y siempre lo har\u00e9\u00bb, comenta\u00a0a DW.\u00a0Mimoza no es la \u00fanica que piensa as\u00ed:\u00a0la mayor\u00eda de la poblaci\u00f3n del pa\u00eds opina\u00a0de la misma manera.<\/p>\n<h2>\u00bfEs una quimera la sociedad sin efectivo en Albania?<\/h2>\n<p>Cuando Albania se liber\u00f3 del yugo de la dictadura comunista, hace 35 a\u00f1os, no ten\u00eda un sistema bancario y financiero moderno. Tras la transici\u00f3n a la democracia, el progreso tambi\u00e9n fue lento:\u00a0los cajeros autom\u00e1ticos se introdujeron reci\u00e9n en 2004.<\/p>\n<p>Arben Malaj, que fue ministro de Finanzas y Econom\u00eda entre 1997 y 2005, y ahora es experto financiero y docente, considera que el populismo es el motor detr\u00e1s de la ambici\u00f3n de Rama de lograr una econom\u00eda sin efectivo.<\/p>\n<p>Malaj afirma que hay varios elementos cruciales que har\u00e1n dif\u00edcil conseguir una sociedad sin efectivo en los pr\u00f3ximos cinco a\u00f1os.<\/p>\n<figure class=\"placeholder-image master_landscape big\"><img data-format=\"MASTER_LANDSCAPE\" data-id=\"73833181\" data-url=\"https:\/\/static.dw.com\/image\/73833181_${formatId}.jpg\" data-aspect-ratio=\"16\/9\" alt=\"Se ve de perfil a un hombre vestido con un traje azul (el primer ministro de Albania, Edi Rama) delante de un fondo azul.\" style=\"padding-bottom: 56.25%; height: 0; max-height: 0;\"\/><figcaption class=\"img-caption\">El primer ministro de Albania, Edi Rama, ha afirmado que el objetivo de convertir al pa\u00eds en una sociedad sin efectivo es \u00abtotalmente alcanzable\u00bb.<small class=\"copyright\">Imagen: Domenico Cippitelli\/NurPhoto\/IMAGO<\/small><\/figcaption><\/figure>\n<p>\u00abLa alta tasa de informalidad, especialmente en el sector agr\u00edcola, que representa una gran parte del PIB [de Albania]es mucho mayor que en cualquier otro lugar de la regi\u00f3n. Un alto porcentaje de la poblaci\u00f3n vive en \u00e1reas rurales. Adem\u00e1s, la mayor parte de los ingresos de los emigrantes \u2014miles de millones de euros al a\u00f1o\u2014 se env\u00eda fuera de los canales de pago oficiales. Y los principales socios comerciales de Albania \u2014Turqu\u00eda, Grecia e Italia\u2014 tambi\u00e9n tienen altos porcentajes de informalidad\u00bb, explica\u00a0a DW. Y, adem\u00e1s, advierte que cualquier reducci\u00f3n del efectivo requerir\u00eda una inversi\u00f3n masiva en ciberseguridad.<\/p>\n<p><span data-slot-id=\"Article_InContent-1\" class=\"rich-text-ad\"\/><\/p>\n<h2>\u00bfAmbici\u00f3n peligrosa?<\/h2>\n<p>Expertos en ciberseguridad como Besmir Semanaj consideran que el plan de Rama no solo es poco realista, sino tambi\u00e9n \u00abpeligroso\u00bb.\u00a0Semanaj recuerda los ciberataques masivos contra instituciones estatales en 2024. Los objetivos incluyeron el sistema e-Albania (el portal de servicios gubernamentales) y las p\u00e1ginas web del Parlamento y del Instituto de Estad\u00edstica.<\/p>\n<p>Semanaj se\u00f1ala que estos y otros grandes ciberataques de 2022 muestran claramente que Albania no solo es un pa\u00eds\u00a0muy expuesto, sino que adem\u00e1s no cuenta con la arquitectura necesaria para proteger esta infraestructura cr\u00edtica.<\/p>\n<p>\u00abIncluso los pa\u00edses m\u00e1s avanzados de Europa, como Suecia o Noruega, est\u00e1n reevaluando la necesidad de mantener un m\u00ednimo de efectivo en circulaci\u00f3n, precisamente por razones de seguridad y preparaci\u00f3n ante emergencias o ciberataques\u00bb, dice\u00a0a DW.<\/p>\n<h2>\u00bfUn largo camino por recorrer?<\/h2>\n<p>Para Semanaj, Albania est\u00e1 demasiado por debajo del est\u00e1ndar de la UE, donde los Estados miembros registran m\u00e1s de 300 transacciones digitales per c\u00e1pita al a\u00f1o.<\/p>\n<p>\u00abPlataformas internacionales como Stripe no operan en absoluto en Albania, y las peque\u00f1as o medianas empresas dependen de bancos locales que ofrecen pasarelas de pago que suelen ser muy caras de integrar. PayPal existe para individuos, pero no es una soluci\u00f3n integrada para los negocios albaneses. Esto significa que el comercio electr\u00f3nico es limitado y bloquea el acceso de Albania al comercio digital global\u00bb.<\/p>\n<p>As\u00ed pues, aunque el primer ministro alban\u00e9s Edi Rama quiera\u00a0alcanzar a Europa y unirse a la UE lo antes posible, parece que Albania a\u00fan tiene un largo camino por recorrer para convertirse en una sociedad sin efectivo y necesitar\u00e1 m\u00e1s de una d\u00e9cada para adaptarse a esta nueva cultura financiera.<\/p>\n<p>(GG\/MS)<\/p>\n<\/div>\n\n","protected":false},"excerpt":{"rendered":"<p>El primer ministro de Albania, Edi Rama, consigui\u00f3 un cuarto mandato en mayo de 2025, prometiendo a los ciudadanos albaneses que liderar\u00eda la entrada del pa\u00eds en la Uni\u00f3n Europea para 2030. A mediados de julio, anunci\u00f3 otro plan importante para ese mismo plazo: \u00abTenemos una ambici\u00f3n: que para finales de esta d\u00e9cada, Albania se &hellip;<\/p>\n","protected":false},"author":1,"featured_media":42890,"comment_status":"open","ping_status":"open","sticky":false,"template":"","format":"standard","meta":{"fifu_image_url":"https:\/\/static.dw.com\/image\/73833588_6.jpg","fifu_image_alt":"","footnotes":""},"categories":[13],"tags":[],"class_list":["post-42889","post","type-post","status-publish","format-standard","has-post-thumbnail","","category-mundo"],"_links":{"self":[{"href":"https:\/\/noticiasveraces.com\/index.php?rest_route=\/wp\/v2\/posts\/42889","targetHints":{"allow":["GET"]}}],"collection":[{"href":"https:\/\/noticiasveraces.com\/index.php?rest_route=\/wp\/v2\/posts"}],"about":[{"href":"https:\/\/noticiasveraces.com\/index.php?rest_route=\/wp\/v2\/types\/post"}],"author":[{"embeddable":true,"href":"https:\/\/noticiasveraces.com\/index.php?rest_route=\/wp\/v2\/users\/1"}],"replies":[{"embeddable":true,"href":"https:\/\/noticiasveraces.com\/index.php?rest_route=%2Fwp%2Fv2%2Fcomments&post=42889"}],"version-history":[{"count":0,"href":"https:\/\/noticiasveraces.com\/index.php?rest_route=\/wp\/v2\/posts\/42889\/revisions"}],"wp:featuredmedia":[{"embeddable":true,"href":"https:\/\/noticiasveraces.com\/index.php?rest_route=\/wp\/v2\/media\/42890"}],"wp:attachment":[{"href":"https:\/\/noticiasveraces.com\/index.php?rest_route=%2Fwp%2Fv2%2Fmedia&parent=42889"}],"wp:term":[{"taxonomy":"category","embeddable":true,"href":"https:\/\/noticiasveraces.com\/index.php?rest_route=%2Fwp%2Fv2%2Fcategories&post=42889"},{"taxonomy":"post_tag","embeddable":true,"href":"https:\/\/noticiasveraces.com\/index.php?rest_route=%2Fwp%2Fv2%2Ftags&post=42889"}],"curies":[{"name":"wp","href":"https:\/\/api.w.org\/{rel}","templated":true}]}}