{"id":42864,"date":"2025-09-01T09:47:19","date_gmt":"2025-09-01T13:47:19","guid":{"rendered":"https:\/\/noticiasveraces.com\/?p=42864"},"modified":"2025-09-01T09:47:19","modified_gmt":"2025-09-01T13:47:19","slug":"rusia-acusada-de-atascar-el-gps-del-avion-de-von-le-leyen-sobre-bulgaria","status":"publish","type":"post","link":"https:\/\/noticiasveraces.com\/?p=42864","title":{"rendered":"Rusia acusada de atascar el GPS del avi\u00f3n de Von Le Leyen sobre Bulgaria"},"content":{"rendered":"<p> \n<\/p>\n<div>\n<div id=\"beyondwords-wrapper\" class=\"beyondwords-wrapper\">\n<p><span class=\"label-bg\">NUEVO<\/span>\u00a1Ahora puedes escuchar art\u00edculos de Fox News!\n  <\/p>\n<\/div>\n<p class=\"speakable\">Una portavoz de la Comisi\u00f3n Europea acus\u00f3 al gobierno ruso de atascar los sistemas GPS de un avi\u00f3n que transportaba al presidente Ursula von der Leyen mientras volaba sobre Bulgaria el lunes.<\/p>\n<p class=\"speakable\">La portavoz de la Comisi\u00f3n Europea, Arianna Podest\u00e0, confirm\u00f3 que el avi\u00f3n de Von der Leyen aterriz\u00f3 con seguridad en el aeropuerto de Plovdiv. El l\u00edder europeo est\u00e1 actualmente en una gira por las naciones de la Uni\u00f3n Europea que bordean Rusia y Bielorrusia.<\/p>\n<p>\u00abDe hecho, podemos confirmar que hubo Jamming GPS\u00bb, dijo Podest\u00e0. \u00abHemos recibido informaci\u00f3n de la autoridad b\u00falgara que sospechan que esto se debi\u00f3 a la flagrante interferencia de Rusia\u00bb.<\/p>\n<p>\u00abEste incidente en realidad subraya la urgencia de la misi\u00f3n de que el presidente est\u00e1 llevando a cabo en los Estados miembros de primera l\u00ednea\u00bb, agreg\u00f3.<\/p>\n<p><strong><u>Rusia lanza un ataque m\u00e1s grande contra Ucrania este mes despu\u00e9s de las reuniones de Trump con Putin, Zelenskyy<\/u><\/strong><\/p>\n<div class=\"image-ct inline\">\n<div class=\"m\"><picture><source media=\"(max-width: 767px)\" srcset=\"https:\/\/a57.foxnews.com\/static.foxnews.com\/foxnews.com\/content\/uploads\/2023\/02\/343\/192\/European-Union-leader.jpg?ve=1&amp;tl=1, https:\/\/a57.foxnews.com\/static.foxnews.com\/foxnews.com\/content\/uploads\/2023\/02\/686\/384\/European-Union-leader.jpg?ve=1&amp;tl=1 2x\" height=\"192\" width=\"343\"><source media=\"(min-width: 768px) and (max-width: 1023px)\" srcset=\"https:\/\/a57.foxnews.com\/static.foxnews.com\/foxnews.com\/content\/uploads\/2023\/02\/672\/378\/European-Union-leader.jpg?ve=1&amp;tl=1, https:\/\/a57.foxnews.com\/static.foxnews.com\/foxnews.com\/content\/uploads\/2023\/02\/1344\/756\/European-Union-leader.jpg?ve=1&amp;tl=1 2x\" height=\"378\" width=\"672\"><source media=\"(min-width: 1024px) and (max-width: 1279px)\" srcset=\"https:\/\/a57.foxnews.com\/static.foxnews.com\/foxnews.com\/content\/uploads\/2023\/02\/931\/523\/European-Union-leader.jpg?ve=1&amp;tl=1, https:\/\/a57.foxnews.com\/static.foxnews.com\/foxnews.com\/content\/uploads\/2023\/02\/1862\/1046\/European-Union-leader.jpg?ve=1&amp;tl=1 2x\" height=\"523\" width=\"931\"><source media=\"(min-width: 1280px)\" srcset=\"https:\/\/a57.foxnews.com\/static.foxnews.com\/foxnews.com\/content\/uploads\/2023\/02\/720\/405\/European-Union-leader.jpg?ve=1&amp;tl=1, https:\/\/a57.foxnews.com\/static.foxnews.com\/foxnews.com\/content\/uploads\/2023\/02\/1440\/810\/European-Union-leader.jpg?ve=1&amp;tl=1 2x\" height=\"405\" width=\"720\"><img loading=\"lazy\" decoding=\"async\" src=\"https:\/\/a57.foxnews.com\/static.foxnews.com\/foxnews.com\/content\/uploads\/2023\/02\/1200\/675\/European-Union-leader.jpg?ve=1&amp;tl=1\" alt=\"Presidente de la Comisi\u00f3n Europea Ursula von der Leyen\" width=\"1200\" height=\"675\"\/><\/source><\/source><\/source><\/source><\/picture><\/div>\n<div class=\"info\">\n<div class=\"caption\">\n<p><span>El presidente de la Comisi\u00f3n Europea, Ursula von der Leyen, dice que Rusia golpe\u00f3 su avi\u00f3n con un Jammer GPS mientras volaba sobre Bulgaria.<\/span> <span>(AP Photo\/Virginia Mayo)<\/span><\/p>\n<\/div>\n<\/div>\n<\/div>\n<p>\u00abY, por supuesto, la UE continuar\u00e1 invirtiendo en el gasto de defensa y en la preparaci\u00f3n de Europa a\u00fan m\u00e1s despu\u00e9s de este incidente\u00bb, dijo.<\/p>\n<p>Von der Leyen y otros l\u00edderes europeos han sido esc\u00e9pticos sobre los esfuerzos del presidente Donald Trump para trabajar con el presidente ruso Vladimir Putin hacia la paz en Ucrania. Visit\u00f3 la Casa Blanca junto con el presidente ucraniano Volodymyr Zelenskyy en agosto, anunciando en ese momento una nueva ola de sanciones contra Mosc\u00fa.<\/p>\n<p><strong><u>Rusia bombardea Ucrania horas antes de la reuni\u00f3n clave sobre el acuerdo de armas de Trump de la OTAN<\/u><\/strong><\/p>\n<div class=\"image-ct inline\">\n<div class=\"m\"><picture><source media=\"(max-width: 767px)\" srcset=\"https:\/\/a57.foxnews.com\/static.foxnews.com\/foxnews.com\/content\/uploads\/2025\/04\/343\/192\/vladimir-putin.png?ve=1&amp;tl=1, https:\/\/a57.foxnews.com\/static.foxnews.com\/foxnews.com\/content\/uploads\/2025\/04\/686\/384\/vladimir-putin.png?ve=1&amp;tl=1 2x\" height=\"192\" width=\"343\"><source media=\"(min-width: 768px) and (max-width: 1023px)\" srcset=\"https:\/\/a57.foxnews.com\/static.foxnews.com\/foxnews.com\/content\/uploads\/2025\/04\/672\/378\/vladimir-putin.png?ve=1&amp;tl=1, https:\/\/a57.foxnews.com\/static.foxnews.com\/foxnews.com\/content\/uploads\/2025\/04\/1344\/756\/vladimir-putin.png?ve=1&amp;tl=1 2x\" height=\"378\" width=\"672\"><source media=\"(min-width: 1024px) and (max-width: 1279px)\" srcset=\"https:\/\/a57.foxnews.com\/static.foxnews.com\/foxnews.com\/content\/uploads\/2025\/04\/931\/523\/vladimir-putin.png?ve=1&amp;tl=1, https:\/\/a57.foxnews.com\/static.foxnews.com\/foxnews.com\/content\/uploads\/2025\/04\/1862\/1046\/vladimir-putin.png?ve=1&amp;tl=1 2x\" height=\"523\" width=\"931\"><source media=\"(min-width: 1280px)\" srcset=\"https:\/\/a57.foxnews.com\/static.foxnews.com\/foxnews.com\/content\/uploads\/2025\/04\/720\/405\/vladimir-putin.png?ve=1&amp;tl=1, https:\/\/a57.foxnews.com\/static.foxnews.com\/foxnews.com\/content\/uploads\/2025\/04\/1440\/810\/vladimir-putin.png?ve=1&amp;tl=1 2x\" height=\"405\" width=\"720\"><img loading=\"lazy\" decoding=\"async\" src=\"https:\/\/a57.foxnews.com\/static.foxnews.com\/foxnews.com\/content\/uploads\/2025\/04\/1200\/675\/vladimir-putin.png?ve=1&amp;tl=1\" alt=\"El presidente ruso, Vladimir Putin, escucha durante una reuni\u00f3n en el Kremlin\" width=\"1200\" height=\"675\"\/><\/source><\/source><\/source><\/source><\/picture><\/div>\n<div class=\"info\">\n<div class=\"caption\">\n<p><span>El presidente ruso, Vladimir Putin, ha continuado los ataques contra Ucrania a pesar de los esfuerzos para negociar la paz.<\/span> <span>(Sergei Ilyin\/Pool\/AFP\/Getty Images)<\/span><\/p>\n<\/div>\n<\/div>\n<\/div>\n<p>El incidente se produce pocos d\u00edas despu\u00e9s de que el enviado especial de la Casa Blanca, Steve Witkoff, se reuniera con funcionarios ucranianos en la ciudad de Nueva York el viernes mientras contin\u00faan presionando por un acuerdo de paz.<\/p>\n<p>Witkoff se reuni\u00f3 con Andriy Yermak, jefe de la oficina de Ucrania del Presidente y Jefe de Estado Mayor, y Sergiy Kyslytsya, Embajadora de Ucrania, extraordinaria.<\/p>\n<div class=\"image-ct inline\">\n<div class=\"m\"><picture><source media=\"(max-width: 767px)\" srcset=\"https:\/\/a57.foxnews.com\/static.foxnews.com\/foxnews.com\/content\/uploads\/2025\/07\/343\/192\/zelenskyy-italy.jpg?ve=1&amp;tl=1, https:\/\/a57.foxnews.com\/static.foxnews.com\/foxnews.com\/content\/uploads\/2025\/07\/686\/384\/zelenskyy-italy.jpg?ve=1&amp;tl=1 2x\" height=\"192\" width=\"343\"><source media=\"(min-width: 768px) and (max-width: 1023px)\" srcset=\"https:\/\/a57.foxnews.com\/static.foxnews.com\/foxnews.com\/content\/uploads\/2025\/07\/672\/378\/zelenskyy-italy.jpg?ve=1&amp;tl=1, https:\/\/a57.foxnews.com\/static.foxnews.com\/foxnews.com\/content\/uploads\/2025\/07\/1344\/756\/zelenskyy-italy.jpg?ve=1&amp;tl=1 2x\" height=\"378\" width=\"672\"><source media=\"(min-width: 1024px) and (max-width: 1279px)\" srcset=\"https:\/\/a57.foxnews.com\/static.foxnews.com\/foxnews.com\/content\/uploads\/2025\/07\/931\/523\/zelenskyy-italy.jpg?ve=1&amp;tl=1, https:\/\/a57.foxnews.com\/static.foxnews.com\/foxnews.com\/content\/uploads\/2025\/07\/1862\/1046\/zelenskyy-italy.jpg?ve=1&amp;tl=1 2x\" height=\"523\" width=\"931\"><source media=\"(min-width: 1280px)\" srcset=\"https:\/\/a57.foxnews.com\/static.foxnews.com\/foxnews.com\/content\/uploads\/2025\/07\/720\/405\/zelenskyy-italy.jpg?ve=1&amp;tl=1, https:\/\/a57.foxnews.com\/static.foxnews.com\/foxnews.com\/content\/uploads\/2025\/07\/1440\/810\/zelenskyy-italy.jpg?ve=1&amp;tl=1 2x\" height=\"405\" width=\"720\"><img loading=\"lazy\" decoding=\"async\" src=\"https:\/\/a57.foxnews.com\/static.foxnews.com\/foxnews.com\/content\/uploads\/2025\/07\/1200\/675\/zelenskyy-italy.jpg?ve=1&amp;tl=1\" alt=\"Zelenskyy en Roma\" width=\"1200\" height=\"675\"\/><\/source><\/source><\/source><\/source><\/picture><\/div>\n<div class=\"info\">\n<div class=\"caption\">\n<p><span>El presidente ucraniano, Volodymyr Zelensky, ha pedido a los aliados occidentales que impongan m\u00e1s sanciones contra Rusia.<\/span> <span>(Antonio Masiello\/Getty Images)<\/span><\/p>\n<\/div>\n<\/div>\n<\/div>\n<p><strong><u>Haga clic aqu\u00ed para obtener la aplicaci\u00f3n Fox News<\/u><\/strong><\/p>\n<p>La reuni\u00f3n, seg\u00fan los funcionarios de la administraci\u00f3n de Trump, fue una actualizaci\u00f3n de estado y una reafirmaci\u00f3n del objetivo de lograr que tanto Ucrania como Rusia se reunieran para finalmente llegar a un acuerdo para poner fin a la guerra.<\/p>\n<p><i>Associated Press contribuy\u00f3 a este informe.<\/i><\/p>\n<p> <!----> <\/p>\n<div class=\"article-meta\">\n<div class=\"author-bio\">\n<p>Anders Hagstrom es un reportero de Fox News Digital que cubre la pol\u00edtica nacional y los principales eventos de noticias de \u00faltima hora. Env\u00ede consejos a Anders.hagstrom@fox.com, o en Twitter: @hagstrom_anders.<\/p>\n<\/div>\n<\/div>\n<\/div>\n\n","protected":false},"excerpt":{"rendered":"<p>NUEVO\u00a1Ahora puedes escuchar art\u00edculos de Fox News! Una portavoz de la Comisi\u00f3n Europea acus\u00f3 al gobierno ruso de atascar los sistemas GPS de un avi\u00f3n que transportaba al presidente Ursula von der Leyen mientras volaba sobre Bulgaria el lunes. La portavoz de la Comisi\u00f3n Europea, Arianna Podest\u00e0, confirm\u00f3 que el avi\u00f3n de Von der Leyen &hellip;<\/p>\n","protected":false},"author":1,"featured_media":42866,"comment_status":"open","ping_status":"open","sticky":false,"template":"","format":"standard","meta":{"fifu_image_url":"https:\/\/static.foxnews.com\/foxnews.com\/content\/uploads\/2025\/09\/5c885e59-european-commission-president-ursula-von-der-leyen-vladimir-putin.jpg","fifu_image_alt":"","footnotes":""},"categories":[13],"tags":[],"class_list":["post-42864","post","type-post","status-publish","format-standard","has-post-thumbnail","","category-mundo"],"_links":{"self":[{"href":"https:\/\/noticiasveraces.com\/index.php?rest_route=\/wp\/v2\/posts\/42864","targetHints":{"allow":["GET"]}}],"collection":[{"href":"https:\/\/noticiasveraces.com\/index.php?rest_route=\/wp\/v2\/posts"}],"about":[{"href":"https:\/\/noticiasveraces.com\/index.php?rest_route=\/wp\/v2\/types\/post"}],"author":[{"embeddable":true,"href":"https:\/\/noticiasveraces.com\/index.php?rest_route=\/wp\/v2\/users\/1"}],"replies":[{"embeddable":true,"href":"https:\/\/noticiasveraces.com\/index.php?rest_route=%2Fwp%2Fv2%2Fcomments&post=42864"}],"version-history":[{"count":0,"href":"https:\/\/noticiasveraces.com\/index.php?rest_route=\/wp\/v2\/posts\/42864\/revisions"}],"wp:featuredmedia":[{"embeddable":true,"href":"https:\/\/noticiasveraces.com\/index.php?rest_route=\/wp\/v2\/media\/42866"}],"wp:attachment":[{"href":"https:\/\/noticiasveraces.com\/index.php?rest_route=%2Fwp%2Fv2%2Fmedia&parent=42864"}],"wp:term":[{"taxonomy":"category","embeddable":true,"href":"https:\/\/noticiasveraces.com\/index.php?rest_route=%2Fwp%2Fv2%2Fcategories&post=42864"},{"taxonomy":"post_tag","embeddable":true,"href":"https:\/\/noticiasveraces.com\/index.php?rest_route=%2Fwp%2Fv2%2Ftags&post=42864"}],"curies":[{"name":"wp","href":"https:\/\/api.w.org\/{rel}","templated":true}]}}