{"id":42855,"date":"2025-09-01T07:45:10","date_gmt":"2025-09-01T11:45:10","guid":{"rendered":"https:\/\/noticiasveraces.com\/?p=42855"},"modified":"2025-09-01T07:45:10","modified_gmt":"2025-09-01T11:45:10","slug":"ucrania-ve-un-rastro-ruso-en-asesinato-de-andri-parubi-dw-01-09-2025","status":"publish","type":"post","link":"https:\/\/noticiasveraces.com\/?p=42855","title":{"rendered":"Ucrania ve un \u201crastro ruso\u201d en asesinato de Andri Parubi \u2013 DW \u2013 01\/09\/2025"},"content":{"rendered":"<p> \n<\/p>\n<div data-tracking-name=\"rich-text\" data-tracking-skip=\"true\">\n<p>El jefe de la Polic\u00eda de Ucrania, Iv\u00e1n Vigivski, declar\u00f3 este lunes (1.09.2025) horas despu\u00e9s de la detenci\u00f3n del\u00a0supuesto asesino del exjefe del Parlamento ucraniano y figura clave de la revoluci\u00f3n del Maid\u00e1n, Andr\u00ed Parubi, que se ha encontrado un \u00abrastro ruso\u201d en el sospechoso apresado.<\/p>\n<p>\u00abSabemos que este crimen no es casual. Hay en \u00e9l (en el detenido) un rastro ruso. Todos responder\u00e1n ante la ley\u201d, escribi\u00f3 Vigivski en su cuenta de Facebook sin dar m\u00e1s detalles de la pista rusa mencionada.<\/p>\n<p>El jefe de la Polic\u00eda ucraniana public\u00f3 adem\u00e1s dos fotograf\u00edas del momento de la detenci\u00f3n, en las que se ve a agentes ucranianos con el supuesto asesino -un hombre de mediana edad que aparece sin camiseta en las im\u00e1genes- esposado dentro de una vivienda.<\/p>\n<p>Vigivski confirm\u00f3 que el asesino de Parubi -un pol\u00edtico nacionalista retirado que fue nombrado presidente del Parlamento ucraniano despu\u00e9s de que la revoluci\u00f3n del Maid\u00e1n derrocara en 2014 al \u00faltimo presidente prorruso de Ucrania, V\u00edktor Yanuk\u00f3vich- se disfraz\u00f3 de repartidor de comida para matar de ocho tiros a la v\u00edctima este 30 de agosto en la ciudad de Le\u00f3polis, en el oeste del pa\u00eds.<\/p>\n<p>El supuesto asesino fue detenido en la regi\u00f3n de Jmelnitski, tambi\u00e9n en Ucrania occidental y adonde hab\u00eda huido tras cometer el crimen.<\/p>\n<figure class=\"placeholder-image master_landscape big\"><img data-format=\"MASTER_LANDSCAPE\" data-id=\"73820521\" data-url=\"https:\/\/static.dw.com\/image\/73820521_${formatId}.jpg\" data-aspect-ratio=\"16\/9\" alt=\"El exjefe del Parlamento ucraniano Andr\u00ed Parubi, en una foto de archivo. \" style=\"padding-bottom: 56.25%; height: 0; max-height: 0;\"\/><figcaption class=\"img-caption\">El exjefe del Parlamento ucraniano Andr\u00ed Parubi, en una foto de archivo. (2016).<small class=\"copyright\">Imagen: Roman Pilipey\/epa\/dpa\/picture alliance<\/small><\/figcaption><\/figure>\n<p>La Fiscal\u00eda ucraniana pedir\u00e1 al juez prisi\u00f3n provisional sin fianza para el detenido, que ya ha sido imputado como presunto autor del crimen. Seg\u00fan la propia Fiscal\u00eda, el acusado tiene 52 a\u00f1os y es natural de la regi\u00f3n de Le\u00f3polis, en cuya capital hom\u00f3nima ocurri\u00f3 el asesinato.<\/p>\n<p>El exjefe del Parlamento ucraniano Andr\u00ed Parubi ser\u00e1 enterrado ma\u00f1ana, martes (2.09.2025) en la misma ciudad de Le\u00f3polis.<\/p>\n<p>Solidaridad Europea, el partido opositor del expresidente Petr\u00f3 Poroshenko en el que militaba tambi\u00e9n Parubi, ha anunciado asimismo un acto de homenaje al expol\u00edtico asesinado que tendr\u00e1 lugar hoy lunes en la plaza del Maid\u00e1n de Kiev.<\/p>\n<p>En el cartel que anuncia el acto el partido llama a Parubi \u00abcomandante del Maid\u00e1n\u201d, por su papel en las unidades de autodefensa creadas durante aquellas revueltas con epicentro en esa plaza que acabaron precipitando la huida del expresidente Yanuk\u00f3vich a Rusia.<\/p>\n<p>Mosc\u00fa considera la revoluci\u00f3n del Maid\u00e1n un golpe de Estado de corte fascista. Rusia respondi\u00f3 a la ca\u00edda de Yanuk\u00f3vich ocupando Crimea y activando en el este de Ucrania a fuerzas paramilitares prorrusas que declararon dos enclaves independientes en las regiones de Donetsk y Lugansk.<\/p>\n<p>CP (EFE, AFP, RTR)<\/p>\n<\/div>\n\n","protected":false},"excerpt":{"rendered":"<p>El jefe de la Polic\u00eda de Ucrania, Iv\u00e1n Vigivski, declar\u00f3 este lunes (1.09.2025) horas despu\u00e9s de la detenci\u00f3n del\u00a0supuesto asesino del exjefe del Parlamento ucraniano y figura clave de la revoluci\u00f3n del Maid\u00e1n, Andr\u00ed Parubi, que se ha encontrado un \u00abrastro ruso\u201d en el sospechoso apresado. \u00abSabemos que este crimen no es casual. Hay en &hellip;<\/p>\n","protected":false},"author":1,"featured_media":42856,"comment_status":"open","ping_status":"open","sticky":false,"template":"","format":"standard","meta":{"fifu_image_url":"https:\/\/static.dw.com\/image\/73822541_6.jpg","fifu_image_alt":"","footnotes":""},"categories":[13],"tags":[],"class_list":["post-42855","post","type-post","status-publish","format-standard","has-post-thumbnail","","category-mundo"],"_links":{"self":[{"href":"https:\/\/noticiasveraces.com\/index.php?rest_route=\/wp\/v2\/posts\/42855","targetHints":{"allow":["GET"]}}],"collection":[{"href":"https:\/\/noticiasveraces.com\/index.php?rest_route=\/wp\/v2\/posts"}],"about":[{"href":"https:\/\/noticiasveraces.com\/index.php?rest_route=\/wp\/v2\/types\/post"}],"author":[{"embeddable":true,"href":"https:\/\/noticiasveraces.com\/index.php?rest_route=\/wp\/v2\/users\/1"}],"replies":[{"embeddable":true,"href":"https:\/\/noticiasveraces.com\/index.php?rest_route=%2Fwp%2Fv2%2Fcomments&post=42855"}],"version-history":[{"count":0,"href":"https:\/\/noticiasveraces.com\/index.php?rest_route=\/wp\/v2\/posts\/42855\/revisions"}],"wp:featuredmedia":[{"embeddable":true,"href":"https:\/\/noticiasveraces.com\/index.php?rest_route=\/wp\/v2\/media\/42856"}],"wp:attachment":[{"href":"https:\/\/noticiasveraces.com\/index.php?rest_route=%2Fwp%2Fv2%2Fmedia&parent=42855"}],"wp:term":[{"taxonomy":"category","embeddable":true,"href":"https:\/\/noticiasveraces.com\/index.php?rest_route=%2Fwp%2Fv2%2Fcategories&post=42855"},{"taxonomy":"post_tag","embeddable":true,"href":"https:\/\/noticiasveraces.com\/index.php?rest_route=%2Fwp%2Fv2%2Ftags&post=42855"}],"curies":[{"name":"wp","href":"https:\/\/api.w.org\/{rel}","templated":true}]}}