{"id":42853,"date":"2025-09-01T06:44:12","date_gmt":"2025-09-01T10:44:12","guid":{"rendered":"https:\/\/noticiasveraces.com\/?p=42853"},"modified":"2025-09-01T06:44:12","modified_gmt":"2025-09-01T10:44:12","slug":"leverkusen-destituye-a-erik-ten-hag-dw-01-09-2025","status":"publish","type":"post","link":"https:\/\/noticiasveraces.com\/?p=42853","title":{"rendered":"Leverkusen destituye a Erik ten Hag \u2013 DW \u2013 01\/09\/2025"},"content":{"rendered":"<p> \n<\/p>\n<div data-tracking-name=\"rich-text\" data-tracking-skip=\"true\">\n<p>El club de f\u00fatbol aleman\u00a0Bayer Leverkusen\u00a0anunci\u00f3 este lunes (1.09.2025) la destituci\u00f3n, tras dos fechas en la Bundesliga,\u00a0del entrenador neerland\u00e9s Erik ten Hag, que fich\u00f3 el pasado mayo en sustituci\u00f3n del espa\u00f1ol Xabi Alonso, actual t\u00e9cnico del Real Madrid.<\/p>\n<p>\u00abEl Bayer 04 Leverkusen ha despedido al entrenador Erik ten Hag con efecto inmediato. As\u00ed lo ha decidido el Comit\u00e9 de Accionistas, \u00f3rgano supervisor del club, por recomendaci\u00f3n de la direcci\u00f3n del Bayer 04. El cuerpo t\u00e9cnico asistente se har\u00e1 cargo provisionalmente de los entrenamientos\u00bb, indica en su anuncio el club germano\u00a0. <\/p>\n<p>En su comunicado Simon Rolfes, director general deportivo, admite que \u00abno ha sido una decisi\u00f3n f\u00e1cil. Nadie quer\u00eda dar este paso. Sin embargo, las \u00faltimas semanas han demostrado que, con esta composici\u00f3n, no es posible construir un equipo nuevo y exitoso\u00bb. <\/p>\n<p>\u00abCreemos firmemente en la calidad de nuestro equipo y ahora haremos todo lo posible para dar los siguientes pasos en su desarrollo con una nueva configuraci\u00f3n\u00bb, apunta.<\/p>\n<figure class=\"placeholder-image master_landscape big\"><img data-format=\"MASTER_LANDSCAPE\" data-id=\"72674658\" data-url=\"https:\/\/static.dw.com\/image\/72674658_${formatId}.jpg\" data-aspect-ratio=\"16\/9\" alt=\"Erik Ten Hag.\" style=\"padding-bottom: 56.25%; height: 0; max-height: 0;\"\/><figcaption class=\"img-caption\">Erik Ten Hag.<small class=\"copyright\">Imagen: Martin Meissner\/AP Photo\/Picture Alliance <\/small><\/figcaption><\/figure>\n<p>Mientras tanto, el espa\u00f1ol Fernando Carro, director general del Bayer, reconoce que \u00abuna destituci\u00f3n en esta fase temprana de la temporada es dolorosa, pero, desde nuestro punto de vista, era necesaria\u00bb y asegura que el objetivo del club \u00absigue siendo alcanzar los objetivos fijados para esta temporada\u00bb, para lo que necesitan \u00abas mejores condiciones posibles, a todos los niveles y en todo el \u00e1rea profesional. Ahora se trata de implementar y aprovechar al m\u00e1ximo estas condiciones\u00bb.<\/p>\n<p>Ten Hag, de 55 a\u00f1os, defensa central en su \u00e9poca de futbolista en activo, hab\u00eda dirigido antes de llegar al Bayer Leverkusen al Go Ahead Eagles, al segundo equipo del Bayern M\u00fanich, al Utrecht, al Ajax y al Manchester United.<\/p>\n<div class=\"vjs-wrapper embed normal right\">\n<h2 aria-label=\"Audio integrado \u2014 Bundesliga en directo: Augsburg vs. Bayern M\u00fanich\" class=\"headline\"><svg xmlns=\"http:\/\/www.w3.org\/2000\/svg\" viewbox=\"0 0 20 20\"><g fill-rule=\"evenodd\"><path d=\"M4.65110907,13.3333333 L4.87612542,8.14814815 C4.87612542,5.23699601 7.04491522,2.69325427 9.99915593,2.69325427 C12.9548594,2.69325427 15.159275,5.23677396 15.159275,8.14814815 L15.3488909,12.9641856 L17.037037,12.9641856 L17.037037,7.67306855 C17.037037,3.84334009 13.8871968,0.740740741 9.99915593,0.740740741 C6.1125067,0.740740741 2.96296296,3.84363223 2.96296296,7.67306855 L2.96296296,13.3333333 L4.65110907,13.3333333 Z\"\/><path d=\"M5.92592593 17.037037L3.65589684 17.037037C2.04586803 17.037037.740740741 15.6125126.740740741 13.8570379L.740740741 11.3263486C.740740741 9.57087399 2.04586803 8.14814815 3.65589684 8.14814815L5.92592593 8.14814815 5.92592593 17.037037zM14.0740741 17.037037L16.3432895 17.037037C17.9527413 17.037037 19.2592593 15.6125126 19.2592593 13.8570379L19.2592593 11.3263486C19.2592593 9.57087399 17.9527413 8.14814815 16.3432895 8.14814815L14.0740741 8.14814815 14.0740741 17.037037z\"\/><\/g><\/svg>Bundesliga en directo: Augsburg vs. Bayern M\u00fanich<\/h2>\n<p><audio id=\"audio-73822349\" controls=\"\" preload=\"none\" poster=\"data:image\/png;base64,iVBORw0KGgoAAAANSUhEUgAAAAEAAAABCAQAAAC1HAwCAAAAC0lEQVR42mNkYAAAAAYAAjCB0C8AAAAASUVORK5CYII=\" data-id=\"73822349\" data-posterurl=\"\" data-duration=\"undefined\"><source src=\"\" type=\"audio\/mp3\"><p class=\"vjs-no-js\">Para reproducir este audio, habilite JavaScript y considere actualizar a un navegador web que admite HTML5 Audio<\/p>\n<p><\/source><\/audio><\/div>\n<p>Esta etapa le ha durado un par de meses, por cuanto comenz\u00f3 a ejercer el 1 de julio. Se ha terminado despu\u00e9s de haber sumado tan solo un punto en las dos primeras jornadas de la Bundesliga tras empatar en el campo del Werder Bremen y de caer en casa ante el Hoffenheim. Adem\u00e1s gan\u00f3 al modesto Grosspaspach en la Copa. <\/p>\n<p>El entrenamiento de este lunes lo asumir\u00e1 su ayudante, Rogier Meijer, que hab\u00eda sido entrenador principal del NEC Nimega neerland\u00e9s y que lleg\u00f3 al club de la mano de Ten Hag. <\/p>\n<p>CP (EFE, AFP, DPA)<\/p>\n<\/div>\n\n","protected":false},"excerpt":{"rendered":"<p>El club de f\u00fatbol aleman\u00a0Bayer Leverkusen\u00a0anunci\u00f3 este lunes (1.09.2025) la destituci\u00f3n, tras dos fechas en la Bundesliga,\u00a0del entrenador neerland\u00e9s Erik ten Hag, que fich\u00f3 el pasado mayo en sustituci\u00f3n del espa\u00f1ol Xabi Alonso, actual t\u00e9cnico del Real Madrid. \u00abEl Bayer 04 Leverkusen ha despedido al entrenador Erik ten Hag con efecto inmediato. As\u00ed lo ha &hellip;<\/p>\n","protected":false},"author":1,"featured_media":42854,"comment_status":"open","ping_status":"open","sticky":false,"template":"","format":"standard","meta":{"fifu_image_url":"https:\/\/static.dw.com\/image\/73745819_6.jpg","fifu_image_alt":"","footnotes":""},"categories":[13],"tags":[],"class_list":["post-42853","post","type-post","status-publish","format-standard","has-post-thumbnail","","category-mundo"],"_links":{"self":[{"href":"https:\/\/noticiasveraces.com\/index.php?rest_route=\/wp\/v2\/posts\/42853","targetHints":{"allow":["GET"]}}],"collection":[{"href":"https:\/\/noticiasveraces.com\/index.php?rest_route=\/wp\/v2\/posts"}],"about":[{"href":"https:\/\/noticiasveraces.com\/index.php?rest_route=\/wp\/v2\/types\/post"}],"author":[{"embeddable":true,"href":"https:\/\/noticiasveraces.com\/index.php?rest_route=\/wp\/v2\/users\/1"}],"replies":[{"embeddable":true,"href":"https:\/\/noticiasveraces.com\/index.php?rest_route=%2Fwp%2Fv2%2Fcomments&post=42853"}],"version-history":[{"count":0,"href":"https:\/\/noticiasveraces.com\/index.php?rest_route=\/wp\/v2\/posts\/42853\/revisions"}],"wp:featuredmedia":[{"embeddable":true,"href":"https:\/\/noticiasveraces.com\/index.php?rest_route=\/wp\/v2\/media\/42854"}],"wp:attachment":[{"href":"https:\/\/noticiasveraces.com\/index.php?rest_route=%2Fwp%2Fv2%2Fmedia&parent=42853"}],"wp:term":[{"taxonomy":"category","embeddable":true,"href":"https:\/\/noticiasveraces.com\/index.php?rest_route=%2Fwp%2Fv2%2Fcategories&post=42853"},{"taxonomy":"post_tag","embeddable":true,"href":"https:\/\/noticiasveraces.com\/index.php?rest_route=%2Fwp%2Fv2%2Ftags&post=42853"}],"curies":[{"name":"wp","href":"https:\/\/api.w.org\/{rel}","templated":true}]}}