{"id":42846,"date":"2025-09-01T06:16:23","date_gmt":"2025-09-01T10:16:23","guid":{"rendered":"https:\/\/noticiasveraces.com\/?p=42846"},"modified":"2025-09-01T06:16:23","modified_gmt":"2025-09-01T10:16:23","slug":"el-secreto-de-la-reina-fallecida-para-usar-corona-totalmente-impractica-de-1-kg-en-sus-90-anos-real-noticias","status":"publish","type":"post","link":"https:\/\/noticiasveraces.com\/?p=42846","title":{"rendered":"El secreto de la reina fallecida para usar corona &#8216;totalmente impr\u00e1ctica&#8217; de 1 kg en sus 90 a\u00f1os | Real | Noticias"},"content":{"rendered":"<p> \n<\/p>\n<div>\n<p>La difunta reina Isabel II estaba profundamente dedicada a la tradici\u00f3n y confirm\u00f3 la costumbre real a lo largo de su hist\u00f3rico reinado de 70 a\u00f1os. Se hizo reconocida en todo el mundo por su equilibrio, dignidad y capacidad de llevar literalmente el peso de la monarqu\u00eda.<\/p>\n<p>Incluso en sus 90 a\u00f1os, la reina logr\u00f3 mantener la cabeza alta mientras soportaba el peso de la corona cercana a 1 kg durante ocasiones reales significativas. Desde su coronaci\u00f3n en 1953 hasta sus \u00faltimos a\u00f1os, continu\u00f3 usando la corona del estado imperial, una parte deslumbrante pero notoriamente pesada.<\/p>\n<p>Su Majestad describi\u00f3 una vez que la Corona no era pr\u00e1ctica debido al inmenso peso combinado con su valor asombroso.<\/p>\n<\/div>\n<div>\n<p>Ella no era ning\u00fan secreto que el tocado era un desaf\u00edo de usar, ya que era impresionante para la vista.<\/p>\n<p>La corona es famosa por ser pesada despu\u00e9s de consultar de estar hecho de oro s\u00f3lido y establecido con 444 piedras preciosas y semipreciosas, con un peso de m\u00e1s de dos libras.<\/p>\n<p>Si bien es deslumbrante en apariencia, es notoriamente pesado y desafiante equilibrar, por lo que es una tarea extraordinaria para cualquier monarca, y mucho menos uno que ten\u00eda 90 a\u00f1os en 2016.<\/p>\n<\/div>\n<div>\n<p>Durante un raro documental de la BBC en 2018, la Reina habl\u00f3 con franqueza sobre la dificultad de usar la corona, bromeando que \u00abno puedes mirar hacia abajo para leer el discurso, tienes que levantar el discurso, porque si tu cuello se romper\u00eda\u00bb.<\/p>\n<p>Ella revel\u00f3 que la pr\u00e1ctica y la disciplina eran clave para manejar su peso, y agreg\u00f3 que sus a\u00f1os de servicio le hab\u00edan dado la fuerza para llevarla con aparente facilidad.<\/p>\n<p>Los expertos dicen que su habilidad para usar la corona c\u00f3modamente se debi\u00f3 a a\u00f1os de entrenamiento, postura y resistencia.<\/p>\n<\/div>\n<div>\n<p>La propia reina admiti\u00f3 que tanto su padre, el rey Jorge VI, como su abuelo, George V, la hab\u00edan alentado a ensayar con coronas y tocados pesados \u200b\u200bdesde muy joven para prepararla para las realidades de las ocasiones estatales.<\/p>\n<p>Sus apariciones en a\u00f1os posteriores, cuando llevaba coronas m\u00e1s ligeras o la corona del estado imperial, todav\u00eda llevaba el mismo aura de regalidad.<\/p>\n<p>El dominio de la reina Isabel de la Corona, tanto simb\u00f3lica como f\u00edsicamente, reflej\u00f3 su dedicaci\u00f3n de por vida al deber, un testimonio de su reinado duradero y compostura inquebrantable.<\/p>\n<\/div>\n\n","protected":false},"excerpt":{"rendered":"<p>La difunta reina Isabel II estaba profundamente dedicada a la tradici\u00f3n y confirm\u00f3 la costumbre real a lo largo de su hist\u00f3rico reinado de 70 a\u00f1os. Se hizo reconocida en todo el mundo por su equilibrio, dignidad y capacidad de llevar literalmente el peso de la monarqu\u00eda. Incluso en sus 90 a\u00f1os, la reina logr\u00f3 &hellip;<\/p>\n","protected":false},"author":1,"featured_media":42847,"comment_status":"open","ping_status":"open","sticky":false,"template":"","format":"standard","meta":{"fifu_image_url":"https:\/\/cdn.images.express.co.uk\/img\/dynamic\/106\/1200x630\/6392494.jpg","fifu_image_alt":"","footnotes":""},"categories":[763],"tags":[],"class_list":["post-42846","post","type-post","status-publish","format-standard","has-post-thumbnail","","category-estilo-de-vida"],"_links":{"self":[{"href":"https:\/\/noticiasveraces.com\/index.php?rest_route=\/wp\/v2\/posts\/42846","targetHints":{"allow":["GET"]}}],"collection":[{"href":"https:\/\/noticiasveraces.com\/index.php?rest_route=\/wp\/v2\/posts"}],"about":[{"href":"https:\/\/noticiasveraces.com\/index.php?rest_route=\/wp\/v2\/types\/post"}],"author":[{"embeddable":true,"href":"https:\/\/noticiasveraces.com\/index.php?rest_route=\/wp\/v2\/users\/1"}],"replies":[{"embeddable":true,"href":"https:\/\/noticiasveraces.com\/index.php?rest_route=%2Fwp%2Fv2%2Fcomments&post=42846"}],"version-history":[{"count":0,"href":"https:\/\/noticiasveraces.com\/index.php?rest_route=\/wp\/v2\/posts\/42846\/revisions"}],"wp:featuredmedia":[{"embeddable":true,"href":"https:\/\/noticiasveraces.com\/index.php?rest_route=\/wp\/v2\/media\/42847"}],"wp:attachment":[{"href":"https:\/\/noticiasveraces.com\/index.php?rest_route=%2Fwp%2Fv2%2Fmedia&parent=42846"}],"wp:term":[{"taxonomy":"category","embeddable":true,"href":"https:\/\/noticiasveraces.com\/index.php?rest_route=%2Fwp%2Fv2%2Fcategories&post=42846"},{"taxonomy":"post_tag","embeddable":true,"href":"https:\/\/noticiasveraces.com\/index.php?rest_route=%2Fwp%2Fv2%2Ftags&post=42846"}],"curies":[{"name":"wp","href":"https:\/\/api.w.org\/{rel}","templated":true}]}}