{"id":42827,"date":"2025-09-01T04:40:09","date_gmt":"2025-09-01T08:40:09","guid":{"rendered":"https:\/\/noticiasveraces.com\/?p=42827"},"modified":"2025-09-01T04:40:09","modified_gmt":"2025-09-01T08:40:09","slug":"huties-anuncian-ataque-a-petrolero-israeli-en-el-mar-rojo-dw-01-09-2025","status":"publish","type":"post","link":"https:\/\/noticiasveraces.com\/?p=42827","title":{"rendered":"Hut\u00edes anuncian ataque a petrolero israel\u00ed en el mar Rojo \u2013 DW \u2013 01\/09\/2025"},"content":{"rendered":"<p> \n<\/p>\n<div data-tracking-name=\"rich-text\" data-tracking-skip=\"true\">\n<p>Los rebeldes chi\u00edes hut\u00edes\u00a0del Yemen\u00a0afirmaron este lunes (1.09.2025) haber atacado con un misil bal\u00edstico un petrolero de Israel\u00a0en el norte del mar Rojo, y se comprometieron a realizar m\u00e1s operaciones militares contra intereses israel\u00edes, tras la muerte, en un ataque del\u00a0Ej\u00e9rcito israel\u00ed,\u00a0de su primer ministro Ahmed Al Rahawi y otros altos cargos de su Gobierno.<\/p>\n<p>El portavoz militar de los rebeldes hut\u00edes en Yemen, Yehya Sarea, asegur\u00f3 en un comunicado que el ataque contra \u00abel petrolero israel\u00ed Scarlet Ray fue realizado con un misil bal\u00edstico\u00bb mientras navegaba \u00aben el norte del mar Rojo\u00bb, y aleg\u00f3 que \u00abla operaci\u00f3n result\u00f3 con un impacto directo en el barco\u00bb, sin especificar m\u00e1s detalles.<\/p>\n<p>De momento, Israel no ha comentado nada sobre este ataque.<\/p>\n<p>Sarea apunt\u00f3 que ese ataque muestra el apoyo de los hut\u00edes a la poblaci\u00f3n palestina de Gaza.<\/p>\n<p>No dijo, sin embargo, si el nuevo ataque forma parte de la respuesta de los insurgentes yemen\u00edes al asesinato de\u00a0Al Rahawi, ya que el m\u00e1ximo l\u00edder de ese movimiento chi\u00ed respaldado por Ir\u00e1n amenaz\u00f3 con una \u00abescalada constante\u00bb contra Israel.<\/p>\n<p>Israel y los hut\u00edes han mantenido su cruce de ataques pese al alto el fuego entre los hut\u00edes y Estados Unidos, principal aliado de Israel, que entr\u00f3 en vigor en mayo de este a\u00f1o, en virtud del cual estos dejaron de atacar a intereses estadounidenses en la regi\u00f3n, entre ellos barcos en el mar Rojo.<\/p>\n<p>CP (EFE, AFPE)<\/p>\n<\/div>\n\n","protected":false},"excerpt":{"rendered":"<p>Los rebeldes chi\u00edes hut\u00edes\u00a0del Yemen\u00a0afirmaron este lunes (1.09.2025) haber atacado con un misil bal\u00edstico un petrolero de Israel\u00a0en el norte del mar Rojo, y se comprometieron a realizar m\u00e1s operaciones militares contra intereses israel\u00edes, tras la muerte, en un ataque del\u00a0Ej\u00e9rcito israel\u00ed,\u00a0de su primer ministro Ahmed Al Rahawi y otros altos cargos de su Gobierno. &hellip;<\/p>\n","protected":false},"author":1,"featured_media":42828,"comment_status":"open","ping_status":"open","sticky":false,"template":"","format":"standard","meta":{"fifu_image_url":"https:\/\/static.dw.com\/image\/72285196_6.jpg","fifu_image_alt":"","footnotes":""},"categories":[13],"tags":[],"class_list":["post-42827","post","type-post","status-publish","format-standard","has-post-thumbnail","","category-mundo"],"_links":{"self":[{"href":"https:\/\/noticiasveraces.com\/index.php?rest_route=\/wp\/v2\/posts\/42827","targetHints":{"allow":["GET"]}}],"collection":[{"href":"https:\/\/noticiasveraces.com\/index.php?rest_route=\/wp\/v2\/posts"}],"about":[{"href":"https:\/\/noticiasveraces.com\/index.php?rest_route=\/wp\/v2\/types\/post"}],"author":[{"embeddable":true,"href":"https:\/\/noticiasveraces.com\/index.php?rest_route=\/wp\/v2\/users\/1"}],"replies":[{"embeddable":true,"href":"https:\/\/noticiasveraces.com\/index.php?rest_route=%2Fwp%2Fv2%2Fcomments&post=42827"}],"version-history":[{"count":0,"href":"https:\/\/noticiasveraces.com\/index.php?rest_route=\/wp\/v2\/posts\/42827\/revisions"}],"wp:featuredmedia":[{"embeddable":true,"href":"https:\/\/noticiasveraces.com\/index.php?rest_route=\/wp\/v2\/media\/42828"}],"wp:attachment":[{"href":"https:\/\/noticiasveraces.com\/index.php?rest_route=%2Fwp%2Fv2%2Fmedia&parent=42827"}],"wp:term":[{"taxonomy":"category","embeddable":true,"href":"https:\/\/noticiasveraces.com\/index.php?rest_route=%2Fwp%2Fv2%2Fcategories&post=42827"},{"taxonomy":"post_tag","embeddable":true,"href":"https:\/\/noticiasveraces.com\/index.php?rest_route=%2Fwp%2Fv2%2Ftags&post=42827"}],"curies":[{"name":"wp","href":"https:\/\/api.w.org\/{rel}","templated":true}]}}