{"id":42803,"date":"2025-08-31T22:34:10","date_gmt":"2025-09-01T02:34:10","guid":{"rendered":"https:\/\/noticiasveraces.com\/?p=42803"},"modified":"2025-08-31T22:34:10","modified_gmt":"2025-09-01T02:34:10","slug":"arrestan-a-implicado-en-crimen-de-andrii-parubii-dw-01-09-2025","status":"publish","type":"post","link":"https:\/\/noticiasveraces.com\/?p=42803","title":{"rendered":"arrestan a implicado en crimen de Andrii Parubii \u2013 DW \u2013 01\/09\/2025"},"content":{"rendered":"<p> \n<\/p>\n<div data-tracking-name=\"rich-text\" data-tracking-skip=\"true\">\n<p>El presidente de Ucrania, Volodimir Zelenski, anunci\u00f3 este lunes (01.09.2025) la detenci\u00f3n de una persona sospechosa del asesinato del expresidente del Parlamento Andrii Parubii.<\/p>\n<p>Una declaraci\u00f3n del Ministerio del Interior ucraniano sugiri\u00f3 que el tiroteo del s\u00e1bado hab\u00eda sido planeado cuidadosamente, y apoy\u00f3 la versi\u00f3n de Zelenski de que se trat\u00f3 de un plan intencional.<\/p>\n<p>Parubii de 54 a\u00f1os, figura destacada de los movimientos proeuropeos en Ucrania y presidente del Parlamento de 2016 a 2019, fue asesinado a tiros el s\u00e1bado en la ciudad de Le\u00f3polis, en el oeste del pa\u00eds.<\/p>\n<p>Zelenski afirm\u00f3 que el ministro del Interior, Igor Klimenko, y el jefe del servicio de seguridad, Vasil Maliuk, le informaron del arresto de un sospechoso del tiroteo.<\/p>\n<p>\u00abLas investigaciones necesarias est\u00e1n en curso\u00bb, asegur\u00f3 Zelenski en redes sociales. \u00abAgradezco a nuestras fuerzas del orden su trabajo r\u00e1pido y coordinado\u00bb.<\/p>\n<p>En una publicaci\u00f3n posterior, tras hablar con el fiscal jefe Ruslan Kravchenko, Zelenski a\u00f1adi\u00f3: \u00abEl sospechoso ha prestado su testimonio inicial. Se est\u00e1n llevando a cabo investigaciones urgentes para determinar todas las circunstancias de este asesinato\u00bb.<\/p>\n<p>Por su parte, Klimenko public\u00f3 en Telegram que decenas de polic\u00edas y agentes de seguridad participaron en la operaci\u00f3n para detener al sospechoso.<\/p>\n<p>\u00abDe momento no habr\u00e1 muchos detalles\u00bb, agreg\u00f3. S\u00f3lo dir\u00e9 que el crimen fue preparado cuidadosamente: el horario de los movimientos del fallecido fue estudiado, la ruta fue trazado y se elabor\u00f3 un plan de escape\u00bb. <\/p>\n<p><span data-slot-id=\"Article_InContent-1\" class=\"rich-text-ad\"\/><\/p>\n<h2>Destacado defensor del idioma<\/h2>\n<p>En v\u00edsperas del tiroteo del s\u00e1bado, la televisi\u00f3n p\u00fablica ucraniana Suspilne cit\u00f3 fuentes an\u00f3nimas seg\u00fan las cuales el atacante estaba vestido de repartidor y utiliz\u00f3 una bicicleta el\u00e9ctrica.<\/p>\n<p>Algunas autoridades ucranianas sugirieron la participaci\u00f3n rusa en la muerte de Parubii, quien era miembro del Parlamento.<\/p>\n<p>El jefe de la inteligencia militar ucraniana, Kirilo Budanov, afirm\u00f3 en Telegram que Parubii hab\u00eda sido \u00abasesinado por las balas del enemigo\u00bb, en alusi\u00f3n a Rusia, que invadi\u00f3 a Ucrania en febrero de 2022 y desencaden\u00f3 la guerra en curso entre ambos pa\u00edses.<\/p>\n<p>Parubii era especialmente conocido por su papel en los principales movimientos proeuropeos de Ucrania, primero la \u00abRevoluci\u00f3n Naranja\u00bb de 2004 y luego las protestas de Maid\u00e1n en 2014.<\/p>\n<p>La prensa rusa indic\u00f3 que Parubii era buscado por las autoridades rusas desde 2023. Historiador de formaci\u00f3n, Parubii defendi\u00f3 en su juventud la independencia ucraniana de la Uni\u00f3n Sovi\u00e9tica.<\/p>\n<p>Tambi\u00e9n era un destacado defensor del idioma ucraniano por encima del ruso, un tema altamente politizado.<\/p>\n<p>Durante las protestas de Maid\u00e1n, Parubii fue \u00abcomandante\u00bb de las fuerzas opositoras de autodefensa.<\/p>\n<p>Ese mismo a\u00f1o, la prensa ucraniana public\u00f3 que hab\u00eda sobrevivido un intento de asesinato con granada.<\/p>\n<p>Mg (AFP, AP)<\/p>\n<\/p>\n<\/div>\n\n","protected":false},"excerpt":{"rendered":"<p>El presidente de Ucrania, Volodimir Zelenski, anunci\u00f3 este lunes (01.09.2025) la detenci\u00f3n de una persona sospechosa del asesinato del expresidente del Parlamento Andrii Parubii. Una declaraci\u00f3n del Ministerio del Interior ucraniano sugiri\u00f3 que el tiroteo del s\u00e1bado hab\u00eda sido planeado cuidadosamente, y apoy\u00f3 la versi\u00f3n de Zelenski de que se trat\u00f3 de un plan intencional. &hellip;<\/p>\n","protected":false},"author":1,"featured_media":42804,"comment_status":"open","ping_status":"open","sticky":false,"template":"","format":"standard","meta":{"fifu_image_url":"https:\/\/static.dw.com\/image\/73820666_6.jpg","fifu_image_alt":"","footnotes":""},"categories":[13],"tags":[],"class_list":["post-42803","post","type-post","status-publish","format-standard","has-post-thumbnail","","category-mundo"],"_links":{"self":[{"href":"https:\/\/noticiasveraces.com\/index.php?rest_route=\/wp\/v2\/posts\/42803","targetHints":{"allow":["GET"]}}],"collection":[{"href":"https:\/\/noticiasveraces.com\/index.php?rest_route=\/wp\/v2\/posts"}],"about":[{"href":"https:\/\/noticiasveraces.com\/index.php?rest_route=\/wp\/v2\/types\/post"}],"author":[{"embeddable":true,"href":"https:\/\/noticiasveraces.com\/index.php?rest_route=\/wp\/v2\/users\/1"}],"replies":[{"embeddable":true,"href":"https:\/\/noticiasveraces.com\/index.php?rest_route=%2Fwp%2Fv2%2Fcomments&post=42803"}],"version-history":[{"count":0,"href":"https:\/\/noticiasveraces.com\/index.php?rest_route=\/wp\/v2\/posts\/42803\/revisions"}],"wp:featuredmedia":[{"embeddable":true,"href":"https:\/\/noticiasveraces.com\/index.php?rest_route=\/wp\/v2\/media\/42804"}],"wp:attachment":[{"href":"https:\/\/noticiasveraces.com\/index.php?rest_route=%2Fwp%2Fv2%2Fmedia&parent=42803"}],"wp:term":[{"taxonomy":"category","embeddable":true,"href":"https:\/\/noticiasveraces.com\/index.php?rest_route=%2Fwp%2Fv2%2Fcategories&post=42803"},{"taxonomy":"post_tag","embeddable":true,"href":"https:\/\/noticiasveraces.com\/index.php?rest_route=%2Fwp%2Fv2%2Ftags&post=42803"}],"curies":[{"name":"wp","href":"https:\/\/api.w.org\/{rel}","templated":true}]}}