{"id":42786,"date":"2025-08-31T21:33:08","date_gmt":"2025-09-01T01:33:08","guid":{"rendered":"https:\/\/noticiasveraces.com\/?p=42786"},"modified":"2025-08-31T21:33:08","modified_gmt":"2025-09-01T01:33:08","slug":"guterres-condena-detencion-de-funcionarios-de-onu-en-yemen-dw-01-09-2025","status":"publish","type":"post","link":"https:\/\/noticiasveraces.com\/?p=42786","title":{"rendered":"Guterres condena detenci\u00f3n de funcionarios de ONU en Yemen \u2013 DW \u2013 01\/09\/2025"},"content":{"rendered":"<p> \n<\/p>\n<div data-tracking-name=\"rich-text\" data-tracking-skip=\"true\">\n<p>El secretario general de la ONU, Ant\u00f3nio Guterres, conden\u00f3 este domingo (31.08.2025) la \u00abintolerable\u00bb detenci\u00f3n de al menos once funcionarios de Naciones Unidas en San\u00e1 y Al Hudayda (Yemen), perpetradas por las fuerzas hut\u00edes en las \u00faltimas horas.<\/p>\n<p>\u00abCondeno adem\u00e1s el allanamiento forzoso a las instalaciones del Programa Mundial de Alimentos, la confiscaci\u00f3n de bienes de la ONU y los intentos de entrar en otras instalaciones de la ONU en San\u00e1\u00bb, agreg\u00f3 Guterres en un comunicado.<\/p>\n<p>En el documento difundido hoy por el enviado especial de la ONU en Yemen, Hans Grundberg, se explic\u00f3 que estas retenciones hechas por &#8216;Ansar Allah&#8217; (nombre oficial de los hut\u00edes) \u00abse suman a las de los 23 empleados de Naciones Unidas que permanecen detenidos, algunos de los cuales llevan recluidos desde 2021 y 2023, as\u00ed como el de un colega que falleci\u00f3 bajo custodia a principios de este a\u00f1o\u00bb.<\/p>\n<p>\u00abEl personal de la ONU y sus asociados nunca debe ser objeto de persecuci\u00f3n, arresto ni detenci\u00f3n en el desempe\u00f1o de sus funciones para la ONU. La seguridad del personal y los bienes de la ONU, as\u00ed como la inviolabilidad de sus instalaciones, deben garantizarse en todo momento\u00bb, dijo Guterres al respecto. <\/p>\n<p>Y a\u00f1adi\u00f3 que las Naciones Unidas seguir\u00e1n trabajando incansablemente para \u00abgarantizar la liberaci\u00f3n segura e inmediata de todas las personas detenidas arbitrariamente\u00bb: \u00abLas Naciones Unidas y sus asociados seguir\u00e1n apoyando al pueblo yemen\u00ed y sus aspiraciones de una paz justa y duradera\u00bb.<\/p>\n<p>Por su parte, Grundberg hab\u00eda hecho un llamado previamente a que el pa\u00eds \u00e1rabe no se convirtiera en un campo de batalla y a que cesaran los ataques, despu\u00e9s de las acciones israel\u00edes del pasado jueves, que mataron a altos cargos del Gobierno de los hut\u00edes.<\/p>\n<p>Los hut\u00edes anunciaron el s\u00e1bado queel primer ministro del Gobierno de los insurgentes con sede en San\u00e1, Ahmed al Rahawi, muri\u00f3 en un ataque a\u00e9reo israel\u00ed el pasado jueves junto con otros miembros de su Ejecutivo.<\/p>\n<p>Israel y el movimiento yemen\u00ed respaldado por Ir\u00e1n han mantenido su cruce de ataques pese al alto el fuego entre los hut\u00edes y Estados Unidos, principal aliado del Estado jud\u00edo, que entr\u00f3 en vigor en mayo de este a\u00f1o.<\/p>\n<p>MG (EFE, AFP)<\/p>\n<\/p>\n<\/div>\n\n","protected":false},"excerpt":{"rendered":"<p>El secretario general de la ONU, Ant\u00f3nio Guterres, conden\u00f3 este domingo (31.08.2025) la \u00abintolerable\u00bb detenci\u00f3n de al menos once funcionarios de Naciones Unidas en San\u00e1 y Al Hudayda (Yemen), perpetradas por las fuerzas hut\u00edes en las \u00faltimas horas. \u00abCondeno adem\u00e1s el allanamiento forzoso a las instalaciones del Programa Mundial de Alimentos, la confiscaci\u00f3n de bienes &hellip;<\/p>\n","protected":false},"author":1,"featured_media":42787,"comment_status":"open","ping_status":"open","sticky":false,"template":"","format":"standard","meta":{"fifu_image_url":"https:\/\/static.dw.com\/image\/73619757_6.jpg","fifu_image_alt":"","footnotes":""},"categories":[13],"tags":[],"class_list":["post-42786","post","type-post","status-publish","format-standard","has-post-thumbnail","","category-mundo"],"_links":{"self":[{"href":"https:\/\/noticiasveraces.com\/index.php?rest_route=\/wp\/v2\/posts\/42786","targetHints":{"allow":["GET"]}}],"collection":[{"href":"https:\/\/noticiasveraces.com\/index.php?rest_route=\/wp\/v2\/posts"}],"about":[{"href":"https:\/\/noticiasveraces.com\/index.php?rest_route=\/wp\/v2\/types\/post"}],"author":[{"embeddable":true,"href":"https:\/\/noticiasveraces.com\/index.php?rest_route=\/wp\/v2\/users\/1"}],"replies":[{"embeddable":true,"href":"https:\/\/noticiasveraces.com\/index.php?rest_route=%2Fwp%2Fv2%2Fcomments&post=42786"}],"version-history":[{"count":0,"href":"https:\/\/noticiasveraces.com\/index.php?rest_route=\/wp\/v2\/posts\/42786\/revisions"}],"wp:featuredmedia":[{"embeddable":true,"href":"https:\/\/noticiasveraces.com\/index.php?rest_route=\/wp\/v2\/media\/42787"}],"wp:attachment":[{"href":"https:\/\/noticiasveraces.com\/index.php?rest_route=%2Fwp%2Fv2%2Fmedia&parent=42786"}],"wp:term":[{"taxonomy":"category","embeddable":true,"href":"https:\/\/noticiasveraces.com\/index.php?rest_route=%2Fwp%2Fv2%2Fcategories&post=42786"},{"taxonomy":"post_tag","embeddable":true,"href":"https:\/\/noticiasveraces.com\/index.php?rest_route=%2Fwp%2Fv2%2Ftags&post=42786"}],"curies":[{"name":"wp","href":"https:\/\/api.w.org\/{rel}","templated":true}]}}