{"id":42777,"date":"2025-08-31T18:30:09","date_gmt":"2025-08-31T22:30:09","guid":{"rendered":"https:\/\/noticiasveraces.com\/?p=42777"},"modified":"2025-08-31T18:30:09","modified_gmt":"2025-08-31T22:30:09","slug":"corte-de-eeuu-bloquea-la-deportacion-de-ninos-guatemaltecos-dw-31-08-2025","status":"publish","type":"post","link":"https:\/\/noticiasveraces.com\/?p=42777","title":{"rendered":"Corte de EEUU bloquea la deportaci\u00f3n de ni\u00f1os guatemaltecos \u2013 DW \u2013 31\/08\/2025"},"content":{"rendered":"<p> \n<\/p>\n<div data-tracking-name=\"rich-text\" data-tracking-skip=\"true\">\n<p>Una corte federal de Estados Unidos bloque\u00f3 temporalmente el plan del gobierno del presidente Donald Trump de deportar a cientos de ni\u00f1os guatemaltecos, seg\u00fan un fallo emitido este domingo (31.08.2025).<\/p>\n<p>M\u00e1s de 600 menores guatemaltecos no acompa\u00f1ados por adultos en Estados Unidos se enfrentaban a ser enviados de regreso a Guatemala\u00a0en virtud de un programa piloto negociado con el pa\u00eds centroamericano, de acuerdo con un expediente judicial.<\/p>\n<p>Pero una jueza del Tribunal de Distrito de Estados Unidos para el Distrito de Columbia suspendi\u00f3 la deportaci\u00f3n durante al menos 14 d\u00edas, tras un reclamo presentado por una organizaci\u00f3n defensora de los derechos humanos.<\/p>\n<p>La organizaci\u00f3n National Immigration Law Center (NILC), que la ma\u00f1ana de este domingo present\u00f3 el recurso para detener el plan por considerarlo \u00abilegal\u00bb, celebr\u00f3 la decisi\u00f3n judicial.<\/p>\n<p>\u00abNos reconforta que el tribunal haya evitado esta injusticia antes de que cientos de ni\u00f1os sufran da\u00f1os irreparables\u00bb, declar\u00f3 Efren Olivares, vicepresidente del NILC, en un comunicado.<\/p>\n<p>RR AFP\/AP<\/p>\n<\/div>\n\n","protected":false},"excerpt":{"rendered":"<p>Una corte federal de Estados Unidos bloque\u00f3 temporalmente el plan del gobierno del presidente Donald Trump de deportar a cientos de ni\u00f1os guatemaltecos, seg\u00fan un fallo emitido este domingo (31.08.2025). M\u00e1s de 600 menores guatemaltecos no acompa\u00f1ados por adultos en Estados Unidos se enfrentaban a ser enviados de regreso a Guatemala\u00a0en virtud de un programa &hellip;<\/p>\n","protected":false},"author":1,"featured_media":42778,"comment_status":"open","ping_status":"open","sticky":false,"template":"","format":"standard","meta":{"fifu_image_url":"https:\/\/static.dw.com\/image\/73113318_6.jpg","fifu_image_alt":"","footnotes":""},"categories":[13],"tags":[],"class_list":["post-42777","post","type-post","status-publish","format-standard","has-post-thumbnail","","category-mundo"],"_links":{"self":[{"href":"https:\/\/noticiasveraces.com\/index.php?rest_route=\/wp\/v2\/posts\/42777","targetHints":{"allow":["GET"]}}],"collection":[{"href":"https:\/\/noticiasveraces.com\/index.php?rest_route=\/wp\/v2\/posts"}],"about":[{"href":"https:\/\/noticiasveraces.com\/index.php?rest_route=\/wp\/v2\/types\/post"}],"author":[{"embeddable":true,"href":"https:\/\/noticiasveraces.com\/index.php?rest_route=\/wp\/v2\/users\/1"}],"replies":[{"embeddable":true,"href":"https:\/\/noticiasveraces.com\/index.php?rest_route=%2Fwp%2Fv2%2Fcomments&post=42777"}],"version-history":[{"count":0,"href":"https:\/\/noticiasveraces.com\/index.php?rest_route=\/wp\/v2\/posts\/42777\/revisions"}],"wp:featuredmedia":[{"embeddable":true,"href":"https:\/\/noticiasveraces.com\/index.php?rest_route=\/wp\/v2\/media\/42778"}],"wp:attachment":[{"href":"https:\/\/noticiasveraces.com\/index.php?rest_route=%2Fwp%2Fv2%2Fmedia&parent=42777"}],"wp:term":[{"taxonomy":"category","embeddable":true,"href":"https:\/\/noticiasveraces.com\/index.php?rest_route=%2Fwp%2Fv2%2Fcategories&post=42777"},{"taxonomy":"post_tag","embeddable":true,"href":"https:\/\/noticiasveraces.com\/index.php?rest_route=%2Fwp%2Fv2%2Ftags&post=42777"}],"curies":[{"name":"wp","href":"https:\/\/api.w.org\/{rel}","templated":true}]}}