{"id":42774,"date":"2025-08-31T18:11:06","date_gmt":"2025-08-31T22:11:06","guid":{"rendered":"https:\/\/noticiasveraces.com\/?p=42774"},"modified":"2025-08-31T18:11:06","modified_gmt":"2025-08-31T22:11:06","slug":"no-soy-messi-no-voy-a-volver-y-hacer-que-el-equipo-gane-una-y-otra-vez","status":"publish","type":"post","link":"https:\/\/noticiasveraces.com\/?p=42774","title":{"rendered":"\u00abNo soy Messi, no voy a volver y hacer que el equipo gane una y otra vez\u00bb"},"content":{"rendered":"<p> \n<\/p>\n<div>\n<p data-mrf-recirculation=\"Links P\u00e1rrafos\" class=\"ue-c-article__paragraph paragraph\"><strong>Desde septiembre de 2024, el Bal\u00f3n de Oro espa\u00f1ol Rodri no era titular<\/strong> en el conjunto de Pep Guardiola. Ya recuperado de su grave lesi\u00f3n de cruzado, su regreso al once del City acab\u00f3 con derrota en su visita al Brighton.<strong> El madrile\u00f1o ha hablado tras el partido<\/strong> sobre su regreso y el rendimiento de la plantilla.<\/p>\n<blockquote class=\"ue-c-article__blockquote\">\n<p>Por volver no vamos a ganar, esto es un deporte colectivo<\/p>\n<p><span class=\"ue-c-article__blockquote-author\">Rodri, tras la derrota ante el Brighton<\/span><\/p><\/blockquote>\n<p data-mrf-recirculation=\"Links P\u00e1rrafos\" class=\"ue-c-article__paragraph paragraph\">Rodri se mostr\u00f3 muy cr\u00edtico por la actuaci\u00f3n del equipo, que perdi\u00f3 su segundo partido seguido. El centrocampista pidi\u00f3 tiempo para recuperar su mejor nivel despu\u00e9s de casi un a\u00f1o de baja por lesi\u00f3n. <strong>\u00abNo soy Messi. No voy a volver y hacer que el equipo gane una y otra vez.<\/strong> Esto es un trabajo colectivo. Cuando ganamos, ganamos todos. <strong>Cuando se ganaba, necesitaba a todos los compa\u00f1eros. Es una cuesti\u00f3n de todos\u00bb<\/strong>dijo tras el encuentro Rodri que jug\u00f3 el partido completo.<\/p>\n<p data-mrf-recirculation=\"Links P\u00e1rrafos\" class=\"ue-c-article__paragraph paragraph\"><strong>\u00abTengo que recuperarme y alcanzar mi mejor nivel.<\/strong> Por volver no vamos a ganar. <strong>Esto es un deporte colectivo y espero que tras el par\u00f3n estemos mucho mejor\u00bb,<\/strong> a\u00f1adi\u00f3 el centrocampista espa\u00f1ol. \u00abNos falta algo, esa es la realidad. Con los cambios y los nuevos jugadores, es dif\u00edcil, pero estas no son excusas. Aprovechemos el descanso para despejar la mente y volver m\u00e1s fuertes\u00bb. destaca un Rodri que confiesa que \u00abesta es nuestra realidad. no estamos al nivel\u00bb.<\/p>\n<figure class=\"ue-c-article__media ue-c-article__media--image\">\n<div class=\"ue-c-article__media-img-container ue-l-article--expand-edge-right-until-tablet ue-l-article--expand-edge-left-until-tablet\"><picture><source type=\"image\/webp\" sizes=\"(min-width: 1010px) 660px, (min-width: 980px) calc(100vw - 350px), (min-width: 740px) calc(100vw - 320px), 100vw\" srcset=\"https:\/\/e00-xlk-ue-marca.uecdn.es\/files\/article_360_widen_webp\/uploads\/2025\/08\/31\/68b486e9879a4.webp 360w,https:\/\/e00-xlk-ue-marca.uecdn.es\/files\/article_375_widen_webp\/uploads\/2025\/08\/31\/68b486e9879a4.webp 375w,https:\/\/e00-xlk-ue-marca.uecdn.es\/files\/article_414_widen_webp\/uploads\/2025\/08\/31\/68b486e9879a4.webp 414w,https:\/\/e00-xlk-ue-marca.uecdn.es\/files\/article_660_widen_webp\/uploads\/2025\/08\/31\/68b486e9879a4.webp 660w,https:\/\/e00-xlk-ue-marca.uecdn.es\/files\/article_720_widen_webp\/uploads\/2025\/08\/31\/68b486e9879a4.webp 720w,https:\/\/e00-xlk-ue-marca.uecdn.es\/files\/article_750_widen_webp\/uploads\/2025\/08\/31\/68b486e9879a4.webp 750w,https:\/\/e00-xlk-ue-marca.uecdn.es\/files\/article_828_widen_webp\/uploads\/2025\/08\/31\/68b486e9879a4.webp 828w,https:\/\/e00-xlk-ue-marca.uecdn.es\/files\/article_1320_widen_webp\/uploads\/2025\/08\/31\/68b486e9879a4.webp 1320w\"><source type=\"image\/jpeg\" sizes=\"(min-width: 1010px) 660px, (min-width: 980px) calc(100vw - 350px), (min-width: 740px) calc(100vw - 320px), 100vw\" srcset=\"https:\/\/e00-xlk-ue-marca.uecdn.es\/files\/article_360_widen\/uploads\/2025\/08\/31\/68b486e9879a4.jpeg 360w,https:\/\/e00-xlk-ue-marca.uecdn.es\/files\/article_375_widen\/uploads\/2025\/08\/31\/68b486e9879a4.jpeg 375w,https:\/\/e00-xlk-ue-marca.uecdn.es\/files\/article_414_widen\/uploads\/2025\/08\/31\/68b486e9879a4.jpeg 414w,https:\/\/e00-xlk-ue-marca.uecdn.es\/files\/article_660_widen\/uploads\/2025\/08\/31\/68b486e9879a4.jpeg 660w,https:\/\/e00-xlk-ue-marca.uecdn.es\/files\/article_720_widen\/uploads\/2025\/08\/31\/68b486e9879a4.jpeg 720w,https:\/\/e00-xlk-ue-marca.uecdn.es\/files\/article_750_widen\/uploads\/2025\/08\/31\/68b486e9879a4.jpeg 750w,https:\/\/e00-xlk-ue-marca.uecdn.es\/files\/article_828_widen\/uploads\/2025\/08\/31\/68b486e9879a4.jpeg 828w,https:\/\/e00-xlk-ue-marca.uecdn.es\/files\/article_1320_widen\/uploads\/2025\/08\/31\/68b486e9879a4.jpeg 1320w\"><img decoding=\"async\" width=\"1024\" height=\"682\" class=\"ue-c-article__image lazyload\" alt=\"Rodrigo Hern\u00e1ndez volvi\u00f3 al once de Pep\" loading=\"lazy\" src=\"https:\/\/e00-xlk-ue-marca.uecdn.es\/uploads\/2025\/08\/31\/68b486e9879a4.jpeg\"\/><\/source><\/source><\/picture><\/div><figcaption class=\"ue-c-article__media-caption\">\n<p><span class=\"ue-c-article__media-description\">Rodrigo Hern\u00e1ndez volvi\u00f3 al once de Pep<\/span><\/p>\n<\/figcaption><\/figure>\n<p data-mrf-recirculation=\"Links P\u00e1rrafos\" class=\"ue-c-article__paragraph paragraph\"><strong>\u00abNecesitamos mirarnos a nosotros mismos para recuperar el nivel de antes.<\/strong> Algunos de los errores que cometemos son errores de ni\u00f1os, no te concentras ni prestas atenci\u00f3n\u00bb, confes\u00f3 el &#8217;16&#8217; del cuadro mancuniano, que apunta a ser de nuevo un <strong>imprescindible en la plantilla de Pep Guardiola. <\/strong>Su pr\u00f3ximo duelo en Premier, todo un <strong>derbi ante el Manchester United,<\/strong> otro equipo en crisis de resultados.<\/p>\n<\/div>\n\n","protected":false},"excerpt":{"rendered":"<p>Desde septiembre de 2024, el Bal\u00f3n de Oro espa\u00f1ol Rodri no era titular en el conjunto de Pep Guardiola. Ya recuperado de su grave lesi\u00f3n de cruzado, su regreso al once del City acab\u00f3 con derrota en su visita al Brighton. El madrile\u00f1o ha hablado tras el partido sobre su regreso y el rendimiento de &hellip;<\/p>\n","protected":false},"author":1,"featured_media":42776,"comment_status":"open","ping_status":"open","sticky":false,"template":"","format":"standard","meta":{"fifu_image_url":"https:\/\/e00-xlk-ue-marca.uecdn.es\/files\/article_main_microformat\/uploads\/2025\/08\/31\/68b484a99169c.jpeg","fifu_image_alt":"","footnotes":""},"categories":[6],"tags":[],"class_list":["post-42774","post","type-post","status-publish","format-standard","has-post-thumbnail","","category-deportes"],"_links":{"self":[{"href":"https:\/\/noticiasveraces.com\/index.php?rest_route=\/wp\/v2\/posts\/42774","targetHints":{"allow":["GET"]}}],"collection":[{"href":"https:\/\/noticiasveraces.com\/index.php?rest_route=\/wp\/v2\/posts"}],"about":[{"href":"https:\/\/noticiasveraces.com\/index.php?rest_route=\/wp\/v2\/types\/post"}],"author":[{"embeddable":true,"href":"https:\/\/noticiasveraces.com\/index.php?rest_route=\/wp\/v2\/users\/1"}],"replies":[{"embeddable":true,"href":"https:\/\/noticiasveraces.com\/index.php?rest_route=%2Fwp%2Fv2%2Fcomments&post=42774"}],"version-history":[{"count":0,"href":"https:\/\/noticiasveraces.com\/index.php?rest_route=\/wp\/v2\/posts\/42774\/revisions"}],"wp:featuredmedia":[{"embeddable":true,"href":"https:\/\/noticiasveraces.com\/index.php?rest_route=\/wp\/v2\/media\/42776"}],"wp:attachment":[{"href":"https:\/\/noticiasveraces.com\/index.php?rest_route=%2Fwp%2Fv2%2Fmedia&parent=42774"}],"wp:term":[{"taxonomy":"category","embeddable":true,"href":"https:\/\/noticiasveraces.com\/index.php?rest_route=%2Fwp%2Fv2%2Fcategories&post=42774"},{"taxonomy":"post_tag","embeddable":true,"href":"https:\/\/noticiasveraces.com\/index.php?rest_route=%2Fwp%2Fv2%2Ftags&post=42774"}],"curies":[{"name":"wp","href":"https:\/\/api.w.org\/{rel}","templated":true}]}}