{"id":42766,"date":"2025-08-31T17:29:05","date_gmt":"2025-08-31T21:29:05","guid":{"rendered":"https:\/\/noticiasveraces.com\/?p=42766"},"modified":"2025-08-31T17:29:05","modified_gmt":"2025-08-31T21:29:05","slug":"empleados-de-onu-son-detenidos-por-rebeldes-huties-en-yemen-dw-31-08-2025","status":"publish","type":"post","link":"https:\/\/noticiasveraces.com\/?p=42766","title":{"rendered":"Empleados de ONU son detenidos por rebeldes hut\u00edes en Yemen \u2013 DW \u2013 31\/08\/2025"},"content":{"rendered":"<p> \n<\/p>\n<div data-tracking-name=\"rich-text\" data-tracking-skip=\"true\">\n<p>Los rebeldes hut\u00edes detuvieron este domingo (31.08.2025) a 11 empleados de la ONU tras haber allanado sus instalaciones, indic\u00f3 el enviado de la organizaci\u00f3n para Yemen, Hans Grundberg.<\/p>\n<p>\u00abCondeno en\u00e9rgicamente la nueva ola de detenciones arbitrarias de personal de la ONU ocurrida hoy en San\u00e1 y Hodeida (&#8230;) as\u00ed como el allanamiento forzoso a las instalaciones de la ONU y la confiscaci\u00f3n de sus bienes\u00bb, declar\u00f3 Grundberg en un comunicado, en el que exigi\u00f3 la liberaci\u00f3n inmediata e incondicional.<\/p>\n<p>En un comunicado, el Programa Mundial de Alimentos (PMA) de la ONU se\u00f1al\u00f3 que las oficinas de esta agencia en San\u00e1 \u00abfueron tomadas por las fuerzas de seguridad locales que detuvieron a un miembro del personal\u00bb.<\/p>\n<p>Tambi\u00e9n dijo que se registraron \u00abinformaciones de m\u00e1s detenciones en otras regiones\u00bb\u00a0y que es \u00aburgente buscar informaci\u00f3n\u00bb de las autoridades hut\u00edes, que tomaron la capital San\u00e1 en 2014 y ahora controlan amplias partes de Yemen.<\/p>\n<p>\u00abLa arbitraria detenci\u00f3n de personal humanitario es inaceptable. El cuidado y la seguridad del personal es esencial\u00a0 para llevar a cabo el trabajo humanitario que salva vidas\u00bb, lament\u00f3 el PMA.<\/p>\n<p>Este s\u00e1bado, los rebeldes anunciaron la muerte de su \u00abjefe de gobierno\u00bb, Ahmad Ghaleb al Rahwi, y de \u00abvarios de sus ministros\u00bb en un ataque israel\u00ed en la capital yemen\u00ed San\u00e1 el jueves pasado.     <\/p>\n<p>Una d\u00e9cada de guerra civil ha sumido a Yemen en una de las peores crisis humanitarias del mundo, con m\u00e1s de la mitad de la poblaci\u00f3n con necesidad de ayuda.<\/p>\n<p>RR AFP\/Reuters\/AP<\/p>\n<\/div>\n\n","protected":false},"excerpt":{"rendered":"<p>Los rebeldes hut\u00edes detuvieron este domingo (31.08.2025) a 11 empleados de la ONU tras haber allanado sus instalaciones, indic\u00f3 el enviado de la organizaci\u00f3n para Yemen, Hans Grundberg. \u00abCondeno en\u00e9rgicamente la nueva ola de detenciones arbitrarias de personal de la ONU ocurrida hoy en San\u00e1 y Hodeida (&#8230;) as\u00ed como el allanamiento forzoso a las &hellip;<\/p>\n","protected":false},"author":1,"featured_media":42767,"comment_status":"open","ping_status":"open","sticky":false,"template":"","format":"standard","meta":{"fifu_image_url":"https:\/\/static.dw.com\/image\/67843827_6.jpg","fifu_image_alt":"","footnotes":""},"categories":[13],"tags":[],"class_list":["post-42766","post","type-post","status-publish","format-standard","has-post-thumbnail","","category-mundo"],"_links":{"self":[{"href":"https:\/\/noticiasveraces.com\/index.php?rest_route=\/wp\/v2\/posts\/42766","targetHints":{"allow":["GET"]}}],"collection":[{"href":"https:\/\/noticiasveraces.com\/index.php?rest_route=\/wp\/v2\/posts"}],"about":[{"href":"https:\/\/noticiasveraces.com\/index.php?rest_route=\/wp\/v2\/types\/post"}],"author":[{"embeddable":true,"href":"https:\/\/noticiasveraces.com\/index.php?rest_route=\/wp\/v2\/users\/1"}],"replies":[{"embeddable":true,"href":"https:\/\/noticiasveraces.com\/index.php?rest_route=%2Fwp%2Fv2%2Fcomments&post=42766"}],"version-history":[{"count":0,"href":"https:\/\/noticiasveraces.com\/index.php?rest_route=\/wp\/v2\/posts\/42766\/revisions"}],"wp:featuredmedia":[{"embeddable":true,"href":"https:\/\/noticiasveraces.com\/index.php?rest_route=\/wp\/v2\/media\/42767"}],"wp:attachment":[{"href":"https:\/\/noticiasveraces.com\/index.php?rest_route=%2Fwp%2Fv2%2Fmedia&parent=42766"}],"wp:term":[{"taxonomy":"category","embeddable":true,"href":"https:\/\/noticiasveraces.com\/index.php?rest_route=%2Fwp%2Fv2%2Fcategories&post=42766"},{"taxonomy":"post_tag","embeddable":true,"href":"https:\/\/noticiasveraces.com\/index.php?rest_route=%2Fwp%2Fv2%2Ftags&post=42766"}],"curies":[{"name":"wp","href":"https:\/\/api.w.org\/{rel}","templated":true}]}}