{"id":42762,"date":"2025-08-31T16:28:18","date_gmt":"2025-08-31T20:28:18","guid":{"rendered":"https:\/\/noticiasveraces.com\/?p=42762"},"modified":"2025-08-31T16:28:18","modified_gmt":"2025-08-31T20:28:18","slug":"drusos-y-kurdos-critican-exclusion-de-las-elecciones-dw-31-08-2025","status":"publish","type":"post","link":"https:\/\/noticiasveraces.com\/?p=42762","title":{"rendered":"drusos y kurdos critican exclusi\u00f3n de las elecciones \u2013 DW \u2013 31\/08\/2025"},"content":{"rendered":"<p> \n<\/p>\n<div data-tracking-name=\"rich-text\" data-tracking-skip=\"true\">\n<p>Las pr\u00f3ximas elecciones parlamentarias sirias excluir\u00e1n a tres regiones controladas por minor\u00edas debido a problemas de seguridad y a la incapacidad del poder central para administrarlas, declar\u00f3 recientemente Hassan al Daghim, portavoz de la comisi\u00f3n electoral, con sede en Damasco.<\/p>\n<p>Al Daghim explic\u00f3 que las elecciones en la provincia de Sweida, de mayor\u00eda drusa, as\u00ed como en las regiones kurdas de Hassakeh y Raqqa, se pospondr\u00e1n hasta \u00abque las circunstancias permitan\u00bb llevar a cabo el proceso. Por el momento, las votaciones -programadas para realizarse entre el 15 y el 20 de septiembre- \u00absolo podr\u00e1n tener lugar en \u00e1reas bajo pleno control gubernamental\u00bb, indic\u00f3.<\/p>\n<p>Los esca\u00f1os asignados a esas tres provincias, donde viven m\u00e1s de cinco millones de personas, quedar\u00e1n vacantes hasta que se puedan celebrar las elecciones all\u00ed, a\u00f1adi\u00f3.<\/p>\n<p>Jerome Drevon, analista de International Crisis Group, dijo a DW desde Damasco que \u00abpor ahora, los representantes de estas regiones prefieren estar fuera del Estado, y como no reconocen al gobierno, no ocupan los esca\u00f1os que les corresponden\u00bb.<\/p>\n<h2>Minor\u00edas drusas y kurdas no van a participar<\/h2>\n<p>La Administraci\u00f3n Aut\u00f3noma del Norte y Este de Siria (AANES), liderada por los kurdos y que ha estado envuelta en tensiones con Damasco respecto a la integraci\u00f3n de las fuerzas militares kurdas en el Ej\u00e9rcito Nacional, considera la exclusi\u00f3n como \u00abantidemocr\u00e1tica\u00bb.<\/p>\n<p>En un comunicado, la AANES se\u00f1al\u00f3 que la \u00abdefinici\u00f3n de nuestras regiones como inseguras\u00bb es una forma de \u00abjustificar la pol\u00edtica de negaci\u00f3n para m\u00e1s de cinco millones de sirios\u00bb. La administraci\u00f3n kurda advirti\u00f3 que \u00abcualquier decisi\u00f3n tomada mediante este enfoque de exclusi\u00f3n no nos concierne, y no la consideraremos vinculante para los pueblos y regiones del norte y este de Siria\u00bb.<\/p>\n<figure class=\"placeholder-image master_landscape big\"><img data-format=\"MASTER_LANDSCAPE\" data-id=\"73787119\" data-url=\"https:\/\/static.dw.com\/image\/73787119_${formatId}.jpg\" data-aspect-ratio=\"16\/9\" alt=\"Hikmat Salman al Hijri saluda a seguidores\" style=\"padding-bottom: 56.25%; height: 0; max-height: 0;\"\/><figcaption class=\"img-caption\">Hikmat Salman al Hijri (en el centro de la foto) es un l\u00edder druso opositor al actual gobierno sirio<small class=\"copyright\">Imagen de Imagen: Ali Haj Suleiman\/Geiman\/Gety<\/small><\/figcaption><\/figure>\n<p>En tanto, en la regi\u00f3n meridional de Sweida, el m\u00e1s pol\u00e9mico de los l\u00edderes drusos, el jeque Hikmat Salman al Hijri, respondi\u00f3 a la decisi\u00f3n de Damasco con nuevos llamados a favor de una gobernaci\u00f3n drusa independiente. Al Hijri, quien considera al gobierno de Damasco \u00abextremista\u00bb, afirm\u00f3 que ahora buscar\u00e1 unir a las facciones armadas tras la terrible semana de violencia sectaria sufrida en la regi\u00f3n a mediados de julio.<\/p>\n<p>Si bien el alto al fuego alcanzado en Sweida se mantiene, ha habido denuncias de que la llegada de ayuda humanitaria sigue siendo restringida por las fuerzas gubernamentales, una acusaci\u00f3n que Damasco niega. Decenas de miles de personas siguen desplazadas tras los combates.<\/p>\n<p>Geir Pedersen, el enviado de Naciones Unidas para Siria, dijo al Consejo de Seguridad que la violencia podr\u00eda reanudarse en cualquier momento en Sweida. \u00abUn mes de relativa calma militar contradice un clima pol\u00edtico que empeora\u00bb, declar\u00f3 en una videoconferencia el pasado 21 de agosto.<\/p>\n<p>\u00abLa amenaza de un nuevo conflicto est\u00e1 presente, al igual que las fuerzas pol\u00edticas que amenazan la soberan\u00eda, la unidad, la independencia y la integridad territorial de Siria\u00bb, dijo Pedersen, a\u00f1adiendo que es urgente que las fuerzas de seguridad del gobierno de transici\u00f3n liderado por Ahmed al Sharaa demuestren que est\u00e1n actuando para proteger a todos los sirios.<\/p>\n<p>Desde el derrocamiento del dictador Bashar al Asad en diciembre de 2024 y la asunci\u00f3n de Al Sharaa, el exl\u00edder islamista ha rechazado sistem\u00e1ticamente cualquier propuesta de formar un gobierno descentralizado. Tambi\u00e9n ha prometido reiteradamente que respetar\u00e1 los derechos de las minor\u00edas y formar\u00e1 un gobierno inclusivo que refleje la diversa composici\u00f3n religiosa y \u00e9tnica del pa\u00eds.<\/p>\n<p><span data-slot-id=\"Article_InContent-1\" class=\"rich-text-ad\"\/><\/p>\n<h2>La mitad de la poblaci\u00f3n sigue desplazada<\/h2>\n<p>Sin embargo, en marzo, Al Sharaa ratific\u00f3 una declaraci\u00f3n constitucional que le otorga el poder de nombrar a un tercio de los 210 miembros de la asamblea. Los dos tercios restantes ser\u00e1n seleccionados por organismos electorales supervisados por un Comit\u00e9 Supremo, tambi\u00e9n designado por Al Sharaa.<\/p>\n<figure class=\"placeholder-image master_landscape big\"><img data-format=\"MASTER_LANDSCAPE\" data-id=\"73787093\" data-url=\"https:\/\/static.dw.com\/image\/73787093_${formatId}.jpg\" data-aspect-ratio=\"16\/9\" alt=\"Unos ni\u00f1os sirios juegan ante su madre, todos ellos desplazados en la regi\u00f3n de Sweida\" style=\"padding-bottom: 56.25%; height: 0; max-height: 0;\"\/><figcaption class=\"img-caption\">Tras 14 a\u00f1os de guerra civil, casi la mitad de la poblaci\u00f3n siria se encuentra en la categor\u00eda de \u00abdesplazada\u00bb<small class=\"copyright\">Imagen: Ghaith alsayed\/AP Photo\/Picture Alliance<\/small><\/figcaption><\/figure>\n<p>El Comit\u00e9 Supremo es responsable de formar subcomit\u00e9s en cada una de las 14 gobernaciones de Siria. Estos subcomit\u00e9s seleccionar\u00e1n \u00f3rganos electorales de entre 30 y 50 personas que votar\u00e1n por los candidatos registrados. Como resultado, las primeras elecciones parlamentarias del pa\u00eds desde la ca\u00edda de Al Asad ser\u00e1n absolutamente indirectas.<\/p>\n<p>Birgit Sch\u00e4bler, experta en Medio Oriente y profesora de la Universidad de Erfurt, en Alemania, dijo a DW que las elecciones directas ser\u00edan poco realistas en este momento, dados los graves da\u00f1os que sufri\u00f3 la infraestructura y la log\u00edstica tras 14 a\u00f1os de guerra civil.<\/p>\n<p>Adem\u00e1s, seg\u00fan un informe de la Agencia de Naciones Unidas para los Refugiados (ACNUR), hasta 7,4 millones de personas siguen en condici\u00f3n de desplazados internos\u00a0y cerca de 6,2 millones de sirios a\u00fan viven en el extranjero. La suma de esto da casi la mitad de toda la poblaci\u00f3n siria.<\/p>\n<h2>Cuestionable legitimidad de las elecciones<\/h2>\n<p>\u00abLa legitimidad de las elecciones parlamentarias es bastante cuestionable\u00a0y la retirada de grupos claves socava a\u00fan m\u00e1s la credibilidad de este proceso\u00bb, explic\u00f3 a DW Bente Scheller, jefe de la divisi\u00f3n de Medio Oriente y \u00c1frica del Norte de la fundaci\u00f3n alemana Heinrich B\u00f6ll.<\/p>\n<p>\u00abEl anuncio de exclusi\u00f3n de tres regiones debilita a Al Sharaa y ensombrece a\u00fan m\u00e1s su presidencia\u00bb, se\u00f1ala el experto, quien de cualquier modo\u00a0estima que la sola celebraci\u00f3n de las votaciones ya es una buena se\u00f1al.<\/p>\n<p>\u00abSi bien la mayor\u00eda de la poblaci\u00f3n siria sigue siendo cr\u00edtica (de las elecciones venideras), este proceso podr\u00eda ser decisivo para socavar o restaurar la confianza en la actual administraci\u00f3n\u00bb, estima el especialista.<\/p>\n<p>(bebidas)<\/p>\n<\/p>\n<\/div>\n\n","protected":false},"excerpt":{"rendered":"<p>Las pr\u00f3ximas elecciones parlamentarias sirias excluir\u00e1n a tres regiones controladas por minor\u00edas debido a problemas de seguridad y a la incapacidad del poder central para administrarlas, declar\u00f3 recientemente Hassan al Daghim, portavoz de la comisi\u00f3n electoral, con sede en Damasco. Al Daghim explic\u00f3 que las elecciones en la provincia de Sweida, de mayor\u00eda drusa, as\u00ed &hellip;<\/p>\n","protected":false},"author":1,"featured_media":42763,"comment_status":"open","ping_status":"open","sticky":false,"template":"","format":"standard","meta":{"fifu_image_url":"https:\/\/static.dw.com\/image\/73788168_6.jpg","fifu_image_alt":"","footnotes":""},"categories":[13],"tags":[],"class_list":["post-42762","post","type-post","status-publish","format-standard","has-post-thumbnail","","category-mundo"],"_links":{"self":[{"href":"https:\/\/noticiasveraces.com\/index.php?rest_route=\/wp\/v2\/posts\/42762","targetHints":{"allow":["GET"]}}],"collection":[{"href":"https:\/\/noticiasveraces.com\/index.php?rest_route=\/wp\/v2\/posts"}],"about":[{"href":"https:\/\/noticiasveraces.com\/index.php?rest_route=\/wp\/v2\/types\/post"}],"author":[{"embeddable":true,"href":"https:\/\/noticiasveraces.com\/index.php?rest_route=\/wp\/v2\/users\/1"}],"replies":[{"embeddable":true,"href":"https:\/\/noticiasveraces.com\/index.php?rest_route=%2Fwp%2Fv2%2Fcomments&post=42762"}],"version-history":[{"count":0,"href":"https:\/\/noticiasveraces.com\/index.php?rest_route=\/wp\/v2\/posts\/42762\/revisions"}],"wp:featuredmedia":[{"embeddable":true,"href":"https:\/\/noticiasveraces.com\/index.php?rest_route=\/wp\/v2\/media\/42763"}],"wp:attachment":[{"href":"https:\/\/noticiasveraces.com\/index.php?rest_route=%2Fwp%2Fv2%2Fmedia&parent=42762"}],"wp:term":[{"taxonomy":"category","embeddable":true,"href":"https:\/\/noticiasveraces.com\/index.php?rest_route=%2Fwp%2Fv2%2Fcategories&post=42762"},{"taxonomy":"post_tag","embeddable":true,"href":"https:\/\/noticiasveraces.com\/index.php?rest_route=%2Fwp%2Fv2%2Ftags&post=42762"}],"curies":[{"name":"wp","href":"https:\/\/api.w.org\/{rel}","templated":true}]}}