{"id":42738,"date":"2025-08-31T12:24:12","date_gmt":"2025-08-31T16:24:12","guid":{"rendered":"https:\/\/noticiasveraces.com\/?p=42738"},"modified":"2025-08-31T12:24:12","modified_gmt":"2025-08-31T16:24:12","slug":"marco-rubio-vuelve-a-latinoamerica-esta-vez-a-mexico-y-ecuador-cual-es-la-agenda-de-la-gira","status":"publish","type":"post","link":"https:\/\/noticiasveraces.com\/?p=42738","title":{"rendered":"Marco Rubio vuelve a Latinoam\u00e9rica, esta vez a M\u00e9xico y Ecuador: \u00bfcu\u00e1l es la agenda de la gira?"},"content":{"rendered":"<p> \n<br \/><img decoding=\"async\" src=\"https:\/\/s.france24.com\/media\/display\/01fb5cb2-8509-11f0-b6e7-005056a97e36\/w:1024\/p:16x9\/AP25238620296352.jpg\" \/><br \/>El secretario de Estado de EE. UU.,\u00a0Marco Rubio, viajar\u00e1 la pr\u00f3xima semana a M\u00e9xico y Ecuador, seg\u00fan confirm\u00f3 el Departamento de Estado. En el que ser\u00e1 su cuarto viaje a la regi\u00f3n, el jefe de la diplomacia de Washington espera abordar la seguridad bilateral con M\u00e9xico, la lucha contra los carteles de la droga y los flujos migratorios en el continente. \u00a0\u00a0<br \/>\n<br \/>\n","protected":false},"excerpt":{"rendered":"<p>El secretario de Estado de EE. UU.,\u00a0Marco Rubio, viajar\u00e1 la pr\u00f3xima semana a M\u00e9xico y Ecuador, seg\u00fan confirm\u00f3 el Departamento de Estado. En el que ser\u00e1 su cuarto viaje a la regi\u00f3n, el jefe de la diplomacia de Washington espera abordar la seguridad bilateral con M\u00e9xico, la lucha contra los carteles de la droga y &hellip;<\/p>\n","protected":false},"author":1,"featured_media":42740,"comment_status":"open","ping_status":"open","sticky":false,"template":"","format":"standard","meta":{"fifu_image_url":"https:\/\/s.france24.com\/media\/display\/01fb5cb2-8509-11f0-b6e7-005056a97e36\/w:1024\/p:16x9\/AP25238620296352.jpg","fifu_image_alt":"","footnotes":""},"categories":[13],"tags":[],"class_list":["post-42738","post","type-post","status-publish","format-standard","has-post-thumbnail","","category-mundo"],"_links":{"self":[{"href":"https:\/\/noticiasveraces.com\/index.php?rest_route=\/wp\/v2\/posts\/42738","targetHints":{"allow":["GET"]}}],"collection":[{"href":"https:\/\/noticiasveraces.com\/index.php?rest_route=\/wp\/v2\/posts"}],"about":[{"href":"https:\/\/noticiasveraces.com\/index.php?rest_route=\/wp\/v2\/types\/post"}],"author":[{"embeddable":true,"href":"https:\/\/noticiasveraces.com\/index.php?rest_route=\/wp\/v2\/users\/1"}],"replies":[{"embeddable":true,"href":"https:\/\/noticiasveraces.com\/index.php?rest_route=%2Fwp%2Fv2%2Fcomments&post=42738"}],"version-history":[{"count":0,"href":"https:\/\/noticiasveraces.com\/index.php?rest_route=\/wp\/v2\/posts\/42738\/revisions"}],"wp:featuredmedia":[{"embeddable":true,"href":"https:\/\/noticiasveraces.com\/index.php?rest_route=\/wp\/v2\/media\/42740"}],"wp:attachment":[{"href":"https:\/\/noticiasveraces.com\/index.php?rest_route=%2Fwp%2Fv2%2Fmedia&parent=42738"}],"wp:term":[{"taxonomy":"category","embeddable":true,"href":"https:\/\/noticiasveraces.com\/index.php?rest_route=%2Fwp%2Fv2%2Fcategories&post=42738"},{"taxonomy":"post_tag","embeddable":true,"href":"https:\/\/noticiasveraces.com\/index.php?rest_route=%2Fwp%2Fv2%2Ftags&post=42738"}],"curies":[{"name":"wp","href":"https:\/\/api.w.org\/{rel}","templated":true}]}}