{"id":42735,"date":"2025-08-31T12:10:12","date_gmt":"2025-08-31T16:10:12","guid":{"rendered":"https:\/\/noticiasveraces.com\/?p=42735"},"modified":"2025-08-31T12:10:12","modified_gmt":"2025-08-31T16:10:12","slug":"luis-diaz-fallo-insolita-jugada-de-gol-en-bayern-no-lo-podian-creer","status":"publish","type":"post","link":"https:\/\/noticiasveraces.com\/?p=42735","title":{"rendered":"Luis D\u00edaz fall\u00f3 ins\u00f3lita jugada de gol: en Bayern no lo pod\u00edan creer"},"content":{"rendered":"<p> \n<br \/><img decoding=\"async\" src=\"https:\/\/www.futbolred.com\/files\/article_graphic\/uploads\/2025\/08\/02\/688e41e84fb9c.jpeg\" \/><\/p>\n<header>\n<h3>Bundesliga<br \/>\n            <\/h3>\n<h1>Luis D\u00edaz fall\u00f3 ins\u00f3lita jugada de gol: en Bayern no lo pod\u00edan creer<br \/>\n        <\/h1>\n<address>\n            <a>Ramon Eduardo Castro Daza<br \/>\n        <\/address>\n<p>        30 de agosto de 2025, 12:00 p. metro.<\/p>\n<\/header>\n<p>A los 22 segundos contra Augsburgo, el colombiano err\u00f3 de manera incre\u00edble su opci\u00f3n de anotar.<\/p>\n<p>Bayern M\u00fanich visita este s\u00e1bado al FC Augsburgo, en la segunda jornada de la Bundesliga 2025\/2026. En el equipo b\u00e1varo es titular el colombiano Luis D\u00edaz, quien fue protagonista de un incre\u00edble \u2018blooper\u2019 apenas comenz\u00f3 el partido.<\/p>\n<p>Lucho, quien ya anot\u00f3 gol y ha realizado asistencias en la Bundesliga, fall\u00f3 una ins\u00f3lita opci\u00f3n de gol, cuando el reloj apenas marcaba 22 segundos de juego.<\/p>\n<p>El ataque del Bayern naci\u00f3 por derecha, con Michael Olise, que meti\u00f3 un centro para D\u00edaz, que lleg\u00f3 libre por izquierda y defini\u00f3 solo, pero el bal\u00f3n le hizo un extra\u00f1o y no pudo conectarlo con claridad.<\/p>\n\n","protected":false},"excerpt":{"rendered":"<p>Bundesliga Luis D\u00edaz fall\u00f3 ins\u00f3lita jugada de gol: en Bayern no lo pod\u00edan creer Ramon Eduardo Castro Daza 30 de agosto de 2025, 12:00 p. metro. A los 22 segundos contra Augsburgo, el colombiano err\u00f3 de manera incre\u00edble su opci\u00f3n de anotar. Bayern M\u00fanich visita este s\u00e1bado al FC Augsburgo, en la segunda jornada de &hellip;<\/p>\n","protected":false},"author":1,"featured_media":42737,"comment_status":"open","ping_status":"open","sticky":false,"template":"","format":"standard","meta":{"fifu_image_url":"https:\/\/www.futbolred.com\/files\/og_thumbnail\/uploads\/2025\/08\/02\/688e41e84fb9c.jpeg","fifu_image_alt":"","footnotes":""},"categories":[6],"tags":[],"class_list":["post-42735","post","type-post","status-publish","format-standard","has-post-thumbnail","","category-deportes"],"_links":{"self":[{"href":"https:\/\/noticiasveraces.com\/index.php?rest_route=\/wp\/v2\/posts\/42735","targetHints":{"allow":["GET"]}}],"collection":[{"href":"https:\/\/noticiasveraces.com\/index.php?rest_route=\/wp\/v2\/posts"}],"about":[{"href":"https:\/\/noticiasveraces.com\/index.php?rest_route=\/wp\/v2\/types\/post"}],"author":[{"embeddable":true,"href":"https:\/\/noticiasveraces.com\/index.php?rest_route=\/wp\/v2\/users\/1"}],"replies":[{"embeddable":true,"href":"https:\/\/noticiasveraces.com\/index.php?rest_route=%2Fwp%2Fv2%2Fcomments&post=42735"}],"version-history":[{"count":0,"href":"https:\/\/noticiasveraces.com\/index.php?rest_route=\/wp\/v2\/posts\/42735\/revisions"}],"wp:featuredmedia":[{"embeddable":true,"href":"https:\/\/noticiasveraces.com\/index.php?rest_route=\/wp\/v2\/media\/42737"}],"wp:attachment":[{"href":"https:\/\/noticiasveraces.com\/index.php?rest_route=%2Fwp%2Fv2%2Fmedia&parent=42735"}],"wp:term":[{"taxonomy":"category","embeddable":true,"href":"https:\/\/noticiasveraces.com\/index.php?rest_route=%2Fwp%2Fv2%2Fcategories&post=42735"},{"taxonomy":"post_tag","embeddable":true,"href":"https:\/\/noticiasveraces.com\/index.php?rest_route=%2Fwp%2Fv2%2Ftags&post=42735"}],"curies":[{"name":"wp","href":"https:\/\/api.w.org\/{rel}","templated":true}]}}