{"id":42724,"date":"2025-08-31T10:22:38","date_gmt":"2025-08-31T14:22:38","guid":{"rendered":"https:\/\/noticiasveraces.com\/?p=42724"},"modified":"2025-08-31T10:22:38","modified_gmt":"2025-08-31T14:22:38","slug":"israel-dice-haber-matado-a-portavoz-de-brazo-armado-de-hamas-dw-31-08-2025","status":"publish","type":"post","link":"https:\/\/noticiasveraces.com\/?p=42724","title":{"rendered":"Israel dice haber matado a portavoz de brazo armado de Ham\u00e1s \u2013 DW \u2013 31\/08\/2025"},"content":{"rendered":"<p> \n<\/p>\n<div data-tracking-name=\"rich-text\" data-tracking-skip=\"true\">\n<p>El ministro de Defensa israel\u00ed, Israel Katz, asegur\u00f3 este domingo (31.08.2025) que un ataque de las fuerzas armadas lanzado el s\u00e1bado en Gaza caus\u00f3 la muerte del portavoz del brazo armado de Ham\u00e1s (las Brigadas al Qasam), Abu Obaida. Recordemos que Ham\u00e1s es considerado un grupo terrorista por diversos pa\u00edses, entre ellos Alemania y Estados Unidos, adem\u00e1s de la Uni\u00f3n Europea.<\/p>\n<p>\u00abEl portavoz terrorista de Ham\u00e1s, Abu Obeida, fue eliminado en Gaza y se uni\u00f3 a los otros (individuos) eliminados del eje del mal de Ir\u00e1n, de L\u00edbano y Yemen en lo m\u00e1s profundo del infierno\u00bb, afirm\u00f3 Katz en su cuenta de X (Twitter). Ham\u00e1s, de momento, no ha reaccionado a la informaci\u00f3n, que sigue a un comunicado previo del primer ministro de Israel, Benjamin Netanyahu.<\/p>\n<p>El dirigente hab\u00eda indicado que Israel hab\u00eda atacado a Abu Obeida. \u00abAtacamos al portavoz de Ham\u00e1s, el portavoz de esta organizaci\u00f3n criminal y asesina, Abu Obeida. Espero que ya no est\u00e9 entre nosotros, pero veo que no hay nadie del lado de Ham\u00e1s que pueda aclarar este asunto\u00bb, declar\u00f3 Netanyahu en una reuni\u00f3n gubernamental, cuyo contenido se hizo p\u00fablico.<\/p>\n<h2>Jefatura diezmada<\/h2>\n<p>La alta direcci\u00f3n de Ham\u00e1s ha sido diezmada por Israel durante los casi 23 meses de conflicto en Gaza y el Estado hebreo ha prometido aniquilar a los cuadros restantes, tras el ataque a suelo israel\u00ed del 7 de octubre de 2023. Entre los muertos figuran el jefe pol\u00edtico de Ham\u00e1s, Ismail Haniyeh; el l\u00edder de su brazo armado, Mohamed Deif, y el l\u00edder de Ham\u00e1s y presunto responsable del ataque de octubre de 2023, Yahya Sinwar.<\/p>\n<p>De acuerdo con el recuento de v\u00edctimas proporcionado por las fuentes m\u00e9dicas de Gaza, que Naciones Unidas considera fiables, los ataques israel\u00edes causaron la muerte de al menos 105 palestinos en Gaza en las \u00faltimas 24 horas, jornada en la que fueron alcanzados viviendas y otros edificios. El s\u00e1bado perdieron la vida 85 personas, seg\u00fan datos del Hospital Al Shifa y de la cl\u00ednica Sheikh Radwan.\u00a0El domingo, otras 20 fallecieron en otros ataques.<\/p>\n<p>DZC (EFE, AFP)<\/p>\n<\/div>\n\n","protected":false},"excerpt":{"rendered":"<p>El ministro de Defensa israel\u00ed, Israel Katz, asegur\u00f3 este domingo (31.08.2025) que un ataque de las fuerzas armadas lanzado el s\u00e1bado en Gaza caus\u00f3 la muerte del portavoz del brazo armado de Ham\u00e1s (las Brigadas al Qasam), Abu Obaida. Recordemos que Ham\u00e1s es considerado un grupo terrorista por diversos pa\u00edses, entre ellos Alemania y Estados &hellip;<\/p>\n","protected":false},"author":1,"featured_media":42725,"comment_status":"open","ping_status":"open","sticky":false,"template":"","format":"standard","meta":{"fifu_image_url":"https:\/\/static.dw.com\/image\/73538183_6.jpg","fifu_image_alt":"","footnotes":""},"categories":[13],"tags":[],"class_list":["post-42724","post","type-post","status-publish","format-standard","has-post-thumbnail","","category-mundo"],"_links":{"self":[{"href":"https:\/\/noticiasveraces.com\/index.php?rest_route=\/wp\/v2\/posts\/42724","targetHints":{"allow":["GET"]}}],"collection":[{"href":"https:\/\/noticiasveraces.com\/index.php?rest_route=\/wp\/v2\/posts"}],"about":[{"href":"https:\/\/noticiasveraces.com\/index.php?rest_route=\/wp\/v2\/types\/post"}],"author":[{"embeddable":true,"href":"https:\/\/noticiasveraces.com\/index.php?rest_route=\/wp\/v2\/users\/1"}],"replies":[{"embeddable":true,"href":"https:\/\/noticiasveraces.com\/index.php?rest_route=%2Fwp%2Fv2%2Fcomments&post=42724"}],"version-history":[{"count":0,"href":"https:\/\/noticiasveraces.com\/index.php?rest_route=\/wp\/v2\/posts\/42724\/revisions"}],"wp:featuredmedia":[{"embeddable":true,"href":"https:\/\/noticiasveraces.com\/index.php?rest_route=\/wp\/v2\/media\/42725"}],"wp:attachment":[{"href":"https:\/\/noticiasveraces.com\/index.php?rest_route=%2Fwp%2Fv2%2Fmedia&parent=42724"}],"wp:term":[{"taxonomy":"category","embeddable":true,"href":"https:\/\/noticiasveraces.com\/index.php?rest_route=%2Fwp%2Fv2%2Fcategories&post=42724"},{"taxonomy":"post_tag","embeddable":true,"href":"https:\/\/noticiasveraces.com\/index.php?rest_route=%2Fwp%2Fv2%2Ftags&post=42724"}],"curies":[{"name":"wp","href":"https:\/\/api.w.org\/{rel}","templated":true}]}}