{"id":42697,"date":"2025-08-31T06:08:01","date_gmt":"2025-08-31T10:08:01","guid":{"rendered":"https:\/\/noticiasveraces.com\/?p=42697"},"modified":"2025-08-31T06:08:01","modified_gmt":"2025-08-31T10:08:01","slug":"a-su-fiel-estilo-curiosa-celebracion-de-dayro-moreno-por-convocatoria","status":"publish","type":"post","link":"https:\/\/noticiasveraces.com\/?p=42697","title":{"rendered":"A su fiel estilo: curiosa celebraci\u00f3n de Dayro Moreno por convocatoria"},"content":{"rendered":"<p> \n<br \/><img decoding=\"async\" src=\"https:\/\/www.futbolred.com\/files\/article_graphic\/uploads\/2025\/08\/30\/68b37d773c31f.png\" \/><\/p>\n<header>\n<figure>\n<p>                        Formaci\u00f3n<\/p>\n<\/figure>\n<h3>Selecci\u00f3n Colombia<br \/>\n            <\/h3>\n<h1>A su fiel estilo: curiosa celebraci\u00f3n de Dayro Moreno por convocatoria<br \/>\n        <\/h1>\n<address>\n            <a>Cesar David Linares Ricaurte<br \/>\n        <\/address>\n<p>        30 de agosto de 2025, 05:44 p. metro.<\/p>\n<\/header>\n<p>El delantero se viraliz\u00f3 en las redes sociales con su particular celebraci\u00f3n. Video es tendencia.<\/p>\n\n","protected":false},"excerpt":{"rendered":"<p>Formaci\u00f3n Selecci\u00f3n Colombia A su fiel estilo: curiosa celebraci\u00f3n de Dayro Moreno por convocatoria Cesar David Linares Ricaurte 30 de agosto de 2025, 05:44 p. metro. El delantero se viraliz\u00f3 en las redes sociales con su particular celebraci\u00f3n. Video es tendencia.<\/p>\n","protected":false},"author":1,"featured_media":42699,"comment_status":"open","ping_status":"open","sticky":false,"template":"","format":"standard","meta":{"fifu_image_url":"https:\/\/www.futbolred.com\/files\/og_thumbnail\/uploads\/2025\/08\/30\/68b37d773c31f.png","fifu_image_alt":"","footnotes":""},"categories":[6],"tags":[],"class_list":["post-42697","post","type-post","status-publish","format-standard","has-post-thumbnail","","category-deportes"],"_links":{"self":[{"href":"https:\/\/noticiasveraces.com\/index.php?rest_route=\/wp\/v2\/posts\/42697","targetHints":{"allow":["GET"]}}],"collection":[{"href":"https:\/\/noticiasveraces.com\/index.php?rest_route=\/wp\/v2\/posts"}],"about":[{"href":"https:\/\/noticiasveraces.com\/index.php?rest_route=\/wp\/v2\/types\/post"}],"author":[{"embeddable":true,"href":"https:\/\/noticiasveraces.com\/index.php?rest_route=\/wp\/v2\/users\/1"}],"replies":[{"embeddable":true,"href":"https:\/\/noticiasveraces.com\/index.php?rest_route=%2Fwp%2Fv2%2Fcomments&post=42697"}],"version-history":[{"count":0,"href":"https:\/\/noticiasveraces.com\/index.php?rest_route=\/wp\/v2\/posts\/42697\/revisions"}],"wp:featuredmedia":[{"embeddable":true,"href":"https:\/\/noticiasveraces.com\/index.php?rest_route=\/wp\/v2\/media\/42699"}],"wp:attachment":[{"href":"https:\/\/noticiasveraces.com\/index.php?rest_route=%2Fwp%2Fv2%2Fmedia&parent=42697"}],"wp:term":[{"taxonomy":"category","embeddable":true,"href":"https:\/\/noticiasveraces.com\/index.php?rest_route=%2Fwp%2Fv2%2Fcategories&post=42697"},{"taxonomy":"post_tag","embeddable":true,"href":"https:\/\/noticiasveraces.com\/index.php?rest_route=%2Fwp%2Fv2%2Ftags&post=42697"}],"curies":[{"name":"wp","href":"https:\/\/api.w.org\/{rel}","templated":true}]}}