{"id":42680,"date":"2025-08-31T04:14:07","date_gmt":"2025-08-31T08:14:07","guid":{"rendered":"https:\/\/noticiasveraces.com\/?p=42680"},"modified":"2025-08-31T04:14:07","modified_gmt":"2025-08-31T08:14:07","slug":"bolivia-el-lider-opositor-luis-fernando-camacho-es-excarcelado-tras-la-primera-vuelta-presidencial","status":"publish","type":"post","link":"https:\/\/noticiasveraces.com\/?p=42680","title":{"rendered":"Bolivia: el l\u00edder opositor Luis Fernando Camacho es excarcelado tras la primera vuelta presidencial"},"content":{"rendered":"<p> \n<br \/><img decoding=\"async\" src=\"https:\/\/s.france24.com\/media\/display\/9179a724-851b-11f0-814d-005056bf30b7\/w:1024\/p:16x9\/5f6fc4f64a024390d25618547c00ea8a649da1b0.jpg\" \/><br \/>El suspendido gobernador de Santa Cruz Luis Fernando Camacho, uno de los l\u00edderes de la oposici\u00f3n en Bolivia, fue excarcelado este viernes 29 de agosto en La Paz luego de casi tres a\u00f1os en prisi\u00f3n preventiva por un presunto golpe de Estado. Su liberaci\u00f3n tiene lugar tras la primera vuelta presidencial en el pa\u00eds, que se disputar\u00e1 la derecha tras casi dos d\u00e9cadas de Gobierno del izquierdista MAS.<br \/>\n<br \/>\n","protected":false},"excerpt":{"rendered":"<p>El suspendido gobernador de Santa Cruz Luis Fernando Camacho, uno de los l\u00edderes de la oposici\u00f3n en Bolivia, fue excarcelado este viernes 29 de agosto en La Paz luego de casi tres a\u00f1os en prisi\u00f3n preventiva por un presunto golpe de Estado. Su liberaci\u00f3n tiene lugar tras la primera vuelta presidencial en el pa\u00eds, que &hellip;<\/p>\n","protected":false},"author":1,"featured_media":42682,"comment_status":"open","ping_status":"open","sticky":false,"template":"","format":"standard","meta":{"fifu_image_url":"https:\/\/s.france24.com\/media\/display\/9179a724-851b-11f0-814d-005056bf30b7\/w:1024\/p:16x9\/5f6fc4f64a024390d25618547c00ea8a649da1b0.jpg","fifu_image_alt":"","footnotes":""},"categories":[13],"tags":[],"class_list":["post-42680","post","type-post","status-publish","format-standard","has-post-thumbnail","","category-mundo"],"_links":{"self":[{"href":"https:\/\/noticiasveraces.com\/index.php?rest_route=\/wp\/v2\/posts\/42680","targetHints":{"allow":["GET"]}}],"collection":[{"href":"https:\/\/noticiasveraces.com\/index.php?rest_route=\/wp\/v2\/posts"}],"about":[{"href":"https:\/\/noticiasveraces.com\/index.php?rest_route=\/wp\/v2\/types\/post"}],"author":[{"embeddable":true,"href":"https:\/\/noticiasveraces.com\/index.php?rest_route=\/wp\/v2\/users\/1"}],"replies":[{"embeddable":true,"href":"https:\/\/noticiasveraces.com\/index.php?rest_route=%2Fwp%2Fv2%2Fcomments&post=42680"}],"version-history":[{"count":0,"href":"https:\/\/noticiasveraces.com\/index.php?rest_route=\/wp\/v2\/posts\/42680\/revisions"}],"wp:featuredmedia":[{"embeddable":true,"href":"https:\/\/noticiasveraces.com\/index.php?rest_route=\/wp\/v2\/media\/42682"}],"wp:attachment":[{"href":"https:\/\/noticiasveraces.com\/index.php?rest_route=%2Fwp%2Fv2%2Fmedia&parent=42680"}],"wp:term":[{"taxonomy":"category","embeddable":true,"href":"https:\/\/noticiasveraces.com\/index.php?rest_route=%2Fwp%2Fv2%2Fcategories&post=42680"},{"taxonomy":"post_tag","embeddable":true,"href":"https:\/\/noticiasveraces.com\/index.php?rest_route=%2Fwp%2Fv2%2Ftags&post=42680"}],"curies":[{"name":"wp","href":"https:\/\/api.w.org\/{rel}","templated":true}]}}