{"id":42676,"date":"2025-08-31T02:11:19","date_gmt":"2025-08-31T06:11:19","guid":{"rendered":"https:\/\/noticiasveraces.com\/?p=42676"},"modified":"2025-08-31T02:11:19","modified_gmt":"2025-08-31T06:11:19","slug":"flotilla-con-greta-thunberg-intentara-llevar-ayuda-a-gaza-dw-31-08-2025","status":"publish","type":"post","link":"https:\/\/noticiasveraces.com\/?p=42676","title":{"rendered":"Flotilla con Greta Thunberg intentar\u00e1 llevar ayuda a Gaza \u2013 DW \u2013 31\/08\/2025"},"content":{"rendered":"<p> \n<\/p>\n<div data-tracking-name=\"rich-text\" data-tracking-skip=\"true\">\n<p>Con el lema \u00abCuando el mundo se queda en silencio, nosotros zarpamos\u00bb, una flotilla con ayuda humanitaria y activistas como Greta Thunberg saldr\u00e1 este domingo (31.08.2025) desde Barcelona para intentar \u00abromper el asedio ilegal a Gaza\u00bb, seg\u00fan sus organizadores.<\/p>\n<p>Las embarcaciones buscar\u00e1n \u00abllegar a Gaza, entregar la ayuda humanitaria, anunciar la apertura de un corredor humanitario y luego traer m\u00e1s ayuda, y as\u00ed tambi\u00e9n terminar de romper el bloqueo ilegal e inhumano de Israel\u00bb, afirm\u00f3 el s\u00e1bado Thunberg en entrevista a la AFPTV.<\/p>\n<p>Esta misi\u00f3n, llamada Global Sumud Flotilla, \u00abes diferente\u00bb a las anteriores ya que \u00abahora somos muchos m\u00e1s barcos, somos muchas m\u00e1s personas, y esta movilizaci\u00f3n es hist\u00f3rica\u00bb, dijo la activista sueca de 22 a\u00f1os en el puerto espa\u00f1ol.<\/p>\n<p>A la embarcaci\u00f3n se unir\u00e1n \u00abdocenas\u00bb de naves adicionales que zarpar\u00e1n de T\u00fanez y otros puertos mediterr\u00e1neos el 4 de septiembre, mientras que la organizaci\u00f3n tiene previsto manifestaciones y \u00abacciones simult\u00e1neas\u00bb en 44 pa\u00edses, dijo anteriormente Thunberg, del comit\u00e9 directivo de Global Sumud Flotilla.<\/p>\n<p>Tambi\u00e9n participar\u00e1n activistas de decenas de pa\u00edses, as\u00ed como legisladores europeos o personalidades como la exalcaldesa de Barcelona Ada Colau. La organizaci\u00f3n no ha especificado el n\u00famero de barcos ni la hora de partida.<\/p>\n<h2>Protegidos por Espa\u00f1a<\/h2>\n<p>El gobierno de Espa\u00f1a \u00abva a desplegar toda su protecci\u00f3n diplom\u00e1tica y consular para proteger a nuestros ciudadanos\u00bb que viajen en la flotilla, se\u00f1al\u00f3 el s\u00e1bado el ministro de Asuntos Exteriores, Jos\u00e9 Manuel Albares.<\/p>\n<p>La Global Sumud Flotilla (\u00absumud\u00bb significa perseverancia en \u00e1rabe) se define en su web como una organizaci\u00f3n \u00abindependiente\u00bb y \u00abno afiliada a ning\u00fan gobierno ni partido pol\u00edtico\u00bb.<\/p>\n<p>Esta nueva iniciativa llega tras un reciente intento fallido de llevar ayuda a Gaza, en el que particip\u00f3 Thunberg.<\/p>\n<p>El velero \u00abMadleen\u00bb, con 12 activistas franceses, alemanes, brasile\u00f1os, turcos, suecos, espa\u00f1oles y neerlandeses a bordo, fue interceptado el 9 de junio por fuerzas israel\u00edes unos 185 kil\u00f3metros al oeste de la costa de Gaza. Posteriormente fueron expulsados.<\/p>\n<p>La ONU declar\u00f3 la semana pasada un estado de hambruna en la Franja de Gaza, territorio devastado por la guerra, despu\u00e9s de que sus expertos advirtieran que 500.000 personas se encuentran en una situaci\u00f3n \u00abcatastr\u00f3fica\u00bb.<\/p>\n<p>GS (AFP, Reuters)<\/p>\n<\/div>\n\n","protected":false},"excerpt":{"rendered":"<p>Con el lema \u00abCuando el mundo se queda en silencio, nosotros zarpamos\u00bb, una flotilla con ayuda humanitaria y activistas como Greta Thunberg saldr\u00e1 este domingo (31.08.2025) desde Barcelona para intentar \u00abromper el asedio ilegal a Gaza\u00bb, seg\u00fan sus organizadores. Las embarcaciones buscar\u00e1n \u00abllegar a Gaza, entregar la ayuda humanitaria, anunciar la apertura de un corredor &hellip;<\/p>\n","protected":false},"author":1,"featured_media":42677,"comment_status":"open","ping_status":"open","sticky":false,"template":"","format":"standard","meta":{"fifu_image_url":"https:\/\/static.dw.com\/image\/73424283_6.jpg","fifu_image_alt":"","footnotes":""},"categories":[13],"tags":[],"class_list":["post-42676","post","type-post","status-publish","format-standard","has-post-thumbnail","","category-mundo"],"_links":{"self":[{"href":"https:\/\/noticiasveraces.com\/index.php?rest_route=\/wp\/v2\/posts\/42676","targetHints":{"allow":["GET"]}}],"collection":[{"href":"https:\/\/noticiasveraces.com\/index.php?rest_route=\/wp\/v2\/posts"}],"about":[{"href":"https:\/\/noticiasveraces.com\/index.php?rest_route=\/wp\/v2\/types\/post"}],"author":[{"embeddable":true,"href":"https:\/\/noticiasveraces.com\/index.php?rest_route=\/wp\/v2\/users\/1"}],"replies":[{"embeddable":true,"href":"https:\/\/noticiasveraces.com\/index.php?rest_route=%2Fwp%2Fv2%2Fcomments&post=42676"}],"version-history":[{"count":0,"href":"https:\/\/noticiasveraces.com\/index.php?rest_route=\/wp\/v2\/posts\/42676\/revisions"}],"wp:featuredmedia":[{"embeddable":true,"href":"https:\/\/noticiasveraces.com\/index.php?rest_route=\/wp\/v2\/media\/42677"}],"wp:attachment":[{"href":"https:\/\/noticiasveraces.com\/index.php?rest_route=%2Fwp%2Fv2%2Fmedia&parent=42676"}],"wp:term":[{"taxonomy":"category","embeddable":true,"href":"https:\/\/noticiasveraces.com\/index.php?rest_route=%2Fwp%2Fv2%2Fcategories&post=42676"},{"taxonomy":"post_tag","embeddable":true,"href":"https:\/\/noticiasveraces.com\/index.php?rest_route=%2Fwp%2Fv2%2Ftags&post=42676"}],"curies":[{"name":"wp","href":"https:\/\/api.w.org\/{rel}","templated":true}]}}