{"id":42633,"date":"2025-08-30T19:57:44","date_gmt":"2025-08-30T23:57:44","guid":{"rendered":"https:\/\/noticiasveraces.com\/?p=42633"},"modified":"2025-08-30T19:57:44","modified_gmt":"2025-08-30T23:57:44","slug":"noruega-condena-aumento-de-desapariciones-en-venezuela-dw-30-08-2025","status":"publish","type":"post","link":"https:\/\/noticiasveraces.com\/?p=42633","title":{"rendered":"Noruega condena aumento de desapariciones en Venezuela \u2013 DW \u2013 30\/08\/2025"},"content":{"rendered":"<p> \n<\/p>\n<div data-tracking-name=\"rich-text\" data-tracking-skip=\"true\">\n<p>El gobierno de Noruega denunci\u00f3 este s\u00e1bado (30.08.2025) el incremento de las desapariciones forzadas en Venezuela, que el r\u00e9gimen de Nicol\u00e1s Maduro usa \u00abcomo arma para silenciar a los miembros de la oposici\u00f3n\u00bb.<\/p>\n<p>En un comunicado emitido con motivo del D\u00eda Internacional de las V\u00edctimas de Desapariciones Forzadas, el Ministerio de Relaciones Exteriores de Noruega expres\u00f3 su preocupaci\u00f3n por \u00ablas desapariciones asociadas con las elecciones en Venezuela, incluidos los llamados casos de desapariciones a corto plazo cometidos durante y alrededor de las elecciones presidenciales de julio de 2024\u00bb.<\/p>\n<p>\u00abNos alarma el aumento del uso de desapariciones forzadas, los presuntos casos de uso excesivo de la fuerza contra los manifestantes por parte de agentes del Estado y los homicidios il\u00edcitos, entre otras violaciones\u00bb, se\u00f1al\u00f3.<\/p>\n<p>Asimismo, Noruega inst\u00f3 al r\u00e9gimen venezolano a \u00abcumplir con el derecho internacional para prevenir da\u00f1os irreparables a las v\u00edctimas, particularmente en casos de desaparici\u00f3n forzada\u00bb.<\/p>\n<p>\u00abLa violencia pol\u00edtica debe cesar inmediatamente y el derecho del pueblo venezolano a la libertad de expresi\u00f3n y a la participaci\u00f3n pol\u00edtica pac\u00edfica debe ser respetado\u00bb, concluye el comunicado.<\/p>\n<p>rr efe\/gobierno de noruega<\/p>\n<\/div>\n\n","protected":false},"excerpt":{"rendered":"<p>El gobierno de Noruega denunci\u00f3 este s\u00e1bado (30.08.2025) el incremento de las desapariciones forzadas en Venezuela, que el r\u00e9gimen de Nicol\u00e1s Maduro usa \u00abcomo arma para silenciar a los miembros de la oposici\u00f3n\u00bb. En un comunicado emitido con motivo del D\u00eda Internacional de las V\u00edctimas de Desapariciones Forzadas, el Ministerio de Relaciones Exteriores de Noruega &hellip;<\/p>\n","protected":false},"author":1,"featured_media":42634,"comment_status":"open","ping_status":"open","sticky":false,"template":"","format":"standard","meta":{"fifu_image_url":"https:\/\/static.dw.com\/image\/73449340_6.jpg","fifu_image_alt":"","footnotes":""},"categories":[13],"tags":[],"class_list":["post-42633","post","type-post","status-publish","format-standard","has-post-thumbnail","","category-mundo"],"_links":{"self":[{"href":"https:\/\/noticiasveraces.com\/index.php?rest_route=\/wp\/v2\/posts\/42633","targetHints":{"allow":["GET"]}}],"collection":[{"href":"https:\/\/noticiasveraces.com\/index.php?rest_route=\/wp\/v2\/posts"}],"about":[{"href":"https:\/\/noticiasveraces.com\/index.php?rest_route=\/wp\/v2\/types\/post"}],"author":[{"embeddable":true,"href":"https:\/\/noticiasveraces.com\/index.php?rest_route=\/wp\/v2\/users\/1"}],"replies":[{"embeddable":true,"href":"https:\/\/noticiasveraces.com\/index.php?rest_route=%2Fwp%2Fv2%2Fcomments&post=42633"}],"version-history":[{"count":0,"href":"https:\/\/noticiasveraces.com\/index.php?rest_route=\/wp\/v2\/posts\/42633\/revisions"}],"wp:featuredmedia":[{"embeddable":true,"href":"https:\/\/noticiasveraces.com\/index.php?rest_route=\/wp\/v2\/media\/42634"}],"wp:attachment":[{"href":"https:\/\/noticiasveraces.com\/index.php?rest_route=%2Fwp%2Fv2%2Fmedia&parent=42633"}],"wp:term":[{"taxonomy":"category","embeddable":true,"href":"https:\/\/noticiasveraces.com\/index.php?rest_route=%2Fwp%2Fv2%2Fcategories&post=42633"},{"taxonomy":"post_tag","embeddable":true,"href":"https:\/\/noticiasveraces.com\/index.php?rest_route=%2Fwp%2Fv2%2Ftags&post=42633"}],"curies":[{"name":"wp","href":"https:\/\/api.w.org\/{rel}","templated":true}]}}