{"id":42616,"date":"2025-08-30T16:59:03","date_gmt":"2025-08-30T20:59:03","guid":{"rendered":"https:\/\/noticiasveraces.com\/?p=42616"},"modified":"2025-08-30T16:59:03","modified_gmt":"2025-08-30T20:59:03","slug":"la-muerte-de-la-princesa-diana-forzo-un-gran-descanso-en-el-protocolo-real-real-noticias","status":"publish","type":"post","link":"https:\/\/noticiasveraces.com\/?p=42616","title":{"rendered":"La muerte de la princesa Diana forz\u00f3 un gran descanso en el protocolo real | Real | Noticias"},"content":{"rendered":"<p> \n<\/p>\n<div>\n<p>Tradicionalmente, la bandera de la Uni\u00f3n nunca fue volada en medio m\u00e1stil sobre el Palacio de Buckingham. La bandera representa al soberano y se eleva cada vez que el monarca est\u00e1 en residencia.<\/p>\n<p>Seg\u00fan una convenci\u00f3n estricta, antes de la muerte de Diana, nunca se baj\u00f3, ni siquiera despu\u00e9s del fallecimiento de un rey o reina. Esta regla centenaria fue dram\u00e1ticamente desafiada en los d\u00edas que siguieron a la tr\u00e1gica muerte de Diana.<\/p>\n<p>Miles de dolientes se reunieron fuera de las residencias reales y colocaron flores, pero hab\u00eda un silencio de radio inicial de la empresa.<\/p>\n<\/div>\n<div>\n<p>La reina, que estaba poniendo a su familia primero en la tradici\u00f3n Balmoral, inicialmente confirmada. Pero la creciente protesta p\u00fablica result\u00f3 imposible de ignorar.<\/p>\n<p>En respuesta, el Palacio anunci\u00f3 que la bandera de la Uni\u00f3n se volar\u00eda a media asta del Palacio de Buckingham el d\u00eda del funeral de Diana, 6 de septiembre de 1997, desde el momento en que la fallecida reina se fue para asistir al funeral hasta la medianoche.<\/p>\n<p>Era la primera vez en la historia que se hizo este ajuste al protocolo, creando una imagen indeleble que muchos todav\u00eda recuerdan hoy.<\/p>\n<p>Y esta decisi\u00f3n estableci\u00f3 un precedente duradero, para las generaciones venideras, que todav\u00eda se aplica hoy.<\/p>\n<\/div>\n<div>\n<p>Desde entonces, la bandera de la Uni\u00f3n en el Palacio de Buckingham y otras residencias reales se ha reducido a medio asta para marcar el duelo nacional, incluso despu\u00e9s de los ataques del 11 de septiembre, la muerte de la reina Isabel, la Reina Madre en 2002, y m\u00e1s recientemente despu\u00e9s del fallecimiento de la reina Isabel II en septiembre de 2022.<\/p>\n<p>La muerte de Diana no solo reformul\u00f3 la relaci\u00f3n de la monarqu\u00eda con el p\u00fablico, sino que tambi\u00e9n alter\u00f3 permanentemente las tradiciones simb\u00f3licas de la Corona.<\/p>\n<p>Lo que comenz\u00f3 como un descanso en el protocolo se ha convertido en una pr\u00e1ctica aceptada: un recordatorio de c\u00f3mo la princesa del pueblo dej\u00f3 un legado que contin\u00faa influyendo en la familia real y la instituci\u00f3n hoy.<\/p>\n<\/p>\n<\/div>\n\n","protected":false},"excerpt":{"rendered":"<p>Tradicionalmente, la bandera de la Uni\u00f3n nunca fue volada en medio m\u00e1stil sobre el Palacio de Buckingham. La bandera representa al soberano y se eleva cada vez que el monarca est\u00e1 en residencia. Seg\u00fan una convenci\u00f3n estricta, antes de la muerte de Diana, nunca se baj\u00f3, ni siquiera despu\u00e9s del fallecimiento de un rey o &hellip;<\/p>\n","protected":false},"author":1,"featured_media":42617,"comment_status":"open","ping_status":"open","sticky":false,"template":"","format":"standard","meta":{"fifu_image_url":"https:\/\/cdn.images.express.co.uk\/img\/dynamic\/106\/1200x630\/6391071.jpg","fifu_image_alt":"","footnotes":""},"categories":[10],"tags":[],"class_list":["post-42616","post","type-post","status-publish","format-standard","has-post-thumbnail","","category-moda"],"_links":{"self":[{"href":"https:\/\/noticiasveraces.com\/index.php?rest_route=\/wp\/v2\/posts\/42616","targetHints":{"allow":["GET"]}}],"collection":[{"href":"https:\/\/noticiasveraces.com\/index.php?rest_route=\/wp\/v2\/posts"}],"about":[{"href":"https:\/\/noticiasveraces.com\/index.php?rest_route=\/wp\/v2\/types\/post"}],"author":[{"embeddable":true,"href":"https:\/\/noticiasveraces.com\/index.php?rest_route=\/wp\/v2\/users\/1"}],"replies":[{"embeddable":true,"href":"https:\/\/noticiasveraces.com\/index.php?rest_route=%2Fwp%2Fv2%2Fcomments&post=42616"}],"version-history":[{"count":0,"href":"https:\/\/noticiasveraces.com\/index.php?rest_route=\/wp\/v2\/posts\/42616\/revisions"}],"wp:featuredmedia":[{"embeddable":true,"href":"https:\/\/noticiasveraces.com\/index.php?rest_route=\/wp\/v2\/media\/42617"}],"wp:attachment":[{"href":"https:\/\/noticiasveraces.com\/index.php?rest_route=%2Fwp%2Fv2%2Fmedia&parent=42616"}],"wp:term":[{"taxonomy":"category","embeddable":true,"href":"https:\/\/noticiasveraces.com\/index.php?rest_route=%2Fwp%2Fv2%2Fcategories&post=42616"},{"taxonomy":"post_tag","embeddable":true,"href":"https:\/\/noticiasveraces.com\/index.php?rest_route=%2Fwp%2Fv2%2Ftags&post=42616"}],"curies":[{"name":"wp","href":"https:\/\/api.w.org\/{rel}","templated":true}]}}