{"id":42590,"date":"2025-08-30T12:41:31","date_gmt":"2025-08-30T16:41:31","guid":{"rendered":"https:\/\/noticiasveraces.com\/?p=42590"},"modified":"2025-08-30T12:41:31","modified_gmt":"2025-08-30T16:41:31","slug":"de-la-historia-a-la-ficcion-dw-28-08-2025","status":"publish","type":"post","link":"https:\/\/noticiasveraces.com\/?p=42590","title":{"rendered":"de la historia a la ficci\u00f3n \u2013 DW \u2013 28\/08\/2025"},"content":{"rendered":"<p> \n<\/p>\n<div data-tracking-name=\"rich-text\" data-tracking-skip=\"true\">\n<p>Hace 86 a\u00f1os, el 1 de septiembre de 1939, con el ataque de tropas alemanas a Polonia, comenz\u00f3 la Segunda Guerra Mundial, la cat\u00e1strofe definitiva del siglo XX. Cerca de 60 millones de personas perdieron la vida durante los seis a\u00f1os que dur\u00f3 la guerra. Tras la capitulaci\u00f3n incondicional de la Wehrmacht en mayo de 1945, miles de nazis\u00a0intentaron huir de Alemania, muchos de ellos hacia Am\u00e9rica Latina.<\/p>\n<p>En particular, la Argentina gobernada por el presidente Juan Domingo Per\u00f3n fue un destino popular. All\u00ed vivieron cientos de criminales nazis, entre ellos figuras prominentes como Adolf Eichmann y Josef Mengele. Tambi\u00e9n pa\u00edses como Brasil, Chile, Bolivia y Paraguay recibieron refugiados nazis: en algunos casos de manera deliberada, en otros por falta de control.<\/p>\n<h2>Los m\u00e1s notorios<\/h2>\n<p><strong>Adolf Eichmann<\/strong>, <em>Obersturmbannf\u00fchrer <\/em>de las SS (\u00abjefe superior de unidad de asalto\u00bb, equivalente a un teniente coronel) y uno de los principales organizadores de la \u00absoluci\u00f3n final\u00bb. En 1950 huy\u00f3 con un pasaporte falso a Argentina, donde vivi\u00f3 bajo el nombre Ricardo Klement. En 1960 fue secuestrado por el servicio secreto israel\u00ed Mossad y condenado a muerte en Israel.<\/p>\n<p><strong>Josef Mengele<\/strong>el c\u00e9lebre \u00abm\u00e9dico de la muerte\u00bb de Auschwitz, responsable de crueles experimentos m\u00e9dicos. Vivi\u00f3 primero en Argentina, luego en Paraguay y Brasil, donde muri\u00f3 en 1979.<\/p>\n<p><strong>Walter Rauff<\/strong>desarrollador de las c\u00e1maras de gas m\u00f3viles. Huy\u00f3 a Chile, donde permaneci\u00f3 hasta su muerte en 1984, pese a solicitudes de extradici\u00f3n.<\/p>\n<p><strong>Erich Priebke<\/strong>part\u00edcipe de la masacre de las fosas Ardeatinas en Italia. Vivi\u00f3 durante d\u00e9cadas sin ser molestado en Argentina, hasta que en los a\u00f1os 1990 fue descubierto y extraditado a Italia.<\/p>\n<p><strong>Klaus Barbie<\/strong>el \u00abcarnicero de Lyon\u00bb, responsable de torturas y deportaciones en Francia. Vivi\u00f3 bajo identidad falsa en Bolivia, donde incluso trabaj\u00f3 para el servicio secreto. En 1983 fue extraditado a Francia y condenado.<\/p>\n<p><span data-slot-id=\"Article_InContent-1\" class=\"rich-text-ad\"\/><\/p>\n<h2>Las \u00abrutas de las ratas\u00bb: sistemas de escape para nazis<\/h2>\n<p>Muchas de estas fugas se realizaron a trav\u00e9s de las llamadas \u00abrutas de las ratas\u00bb (<em>frascos<\/em>): rutas secretas de escape que pasaban por Italia o Espa\u00f1a rumbo a Sudam\u00e9rica. Fueron apoyadas en parte por organizaciones eclesi\u00e1sticas, la Cruz Roja e incluso por algunos Gobiernos.<\/p>\n<p>Los nazis en Am\u00e9rica Latina han sido en el pasado no solo un objeto de estudio para historiadores, sino tambi\u00e9n para cineastas y novelistas. Aqu\u00ed reunimos una lista de obras de ficci\u00f3n como propuestas para una lectura de tarde, una noche de cine\u2026 o una noche en vela.<\/p>\n<p><strong>\u00abEl expediente Odessa\u00bb <\/strong>(novela, 1972), del brit\u00e1nico Frederick Forsyth. Un cl\u00e1sico de la literatura de espionaje. El libro gira en torno a una organizaci\u00f3n ficticia llamada Odessa, que ayuda a exmiembros de las SS a escapar a trav\u00e9s de rutas como las <em>frascos<\/em>. El protagonista destapa una red profundamente anclada en la sociedad de posguerra. Tambi\u00e9n llevada al cine con Jon Voight.<\/p>\n<p><strong>\u00abLos pacientes del doctor Garc\u00eda\u00bb <\/strong>(novela, 2017), de la espa\u00f1ola Almudena Grandes. Esta obra aborda directamente las \u00abrutas de las ratas\u00bb<em> <\/em>y la ayuda a nazis tras la Segunda Guerra Mundial. La trama gira en torno a una organizaci\u00f3n ficticia que facilita la huida de criminales hacia Sudam\u00e9rica a trav\u00e9s de Espa\u00f1a. Combina espionaje, investigaci\u00f3n hist\u00f3rica y destinos personales.<\/p>\n<p><strong>\u00abRuta de escape\u00bb <\/strong>(novela, 2021), del franco-brit\u00e1nico\u00a0Philippe Sands. No es una obra puramente ficticia, pero est\u00e1 narrada con estilo literario de suspenso o <em>suspenso<\/em>. Sands reconstruye la fuga del nazi Otto W\u00e4chter por una ruta\u00a0de las ratas: espionaje, amor y traici\u00f3n. Basada en cartas, diarios y entrevistas, se lee como un oscuro relato de esp\u00edas.<\/p>\n<figure class=\"placeholder-image master_landscape big\"><img data-format=\"MASTER_LANDSCAPE\" data-id=\"57074323\" data-url=\"https:\/\/static.dw.com\/image\/57074323_${formatId}.jpg\" data-aspect-ratio=\"16\/9\" alt=\"Adolf Eichmann (en el centro), escoltado por dos militares, frente al micr\u00f3fono, durante su juicio en Israel. 12 de abril de 1961.\" style=\"padding-bottom: 56.25%; height: 0; max-height: 0;\"\/><figcaption class=\"img-caption\">El exjefe del departamento \u00abSoluci\u00f3n final de la cuesti\u00f3n jud\u00eda\u00bb del Tercer Reich, Adolf Eichmann, localizado en 1960 en Argentina por el Mossad, secuestrado, trasladado a Israel, condenado a muerte y ejecutado el 31 de mayo de 1962.<small class=\"copyright\">Imagen:  IMAGNO\/Votava\/picture alliance <\/small><\/figcaption><\/figure>\n<h2>Otras obras de ficci\u00f3n sobre nazis en Am\u00e9rica Latina<\/h2>\n<p><strong>\u00abSe\u00f1or Kaplan\u00bb<\/strong> (pel\u00edcula, 2014, Uruguay). Dirigida por \u00c1lvaro Brechner. Una familia jud\u00eda en Uruguay sospecha que un vendedor alem\u00e1n de comida r\u00e1pida es un nazi oculto. Humor y tragedia se mezclan en la historia de un anciano convencido de haber encontrado a un criminal nazi y que organiza, junto a un expolic\u00eda ca\u00f3tico, una peculiar cacer\u00eda.<\/p>\n<p><strong>\u00abEl amigo alem\u00e1n\u00bb<\/strong> (pel\u00edcula, 2012, Argentina\/Alemania). Dirigida por Jeanine Meerapfel, narra la relaci\u00f3n entre una joven jud\u00eda y un joven alem\u00e1n, hijo de un nazi oculto. Explora culpa y memoria en la Argentina de los a\u00f1os 50.<\/p>\n<p><strong>\u00abWakolda\u00bb<\/strong> (pel\u00edcula, 2013, Argentina). Dirigida por Luc\u00eda Puenzo, cuenta la historia de una ni\u00f1a en la Patagonia que se cruza con Josef Mengele en el exilio. Basada en hechos hist\u00f3ricos y en la novela hom\u00f3nima, fue presentada en Cannes y galardonada internacionalmente.<\/p>\n<p><strong>\u00abLos afectos\u00bb<\/strong> (novela, 2015), del boliviano Rodrigo Hasb\u00fan. Retrata a\u00a0la familia del camar\u00f3grafo nazi Hans Ertl, que emigr\u00f3 a Bolivia. En el centro est\u00e1 su hija Monika Ertl, quien m\u00e1s tarde se uni\u00f3 a la guerrilla de Che Guevara. Pasado nazi y revoluci\u00f3n se entrelazan.<\/p>\n<p><strong>\u00abSurazo\u00bb <\/strong>(ensayo literario, 2022), de la austr\u00edaca\u00a0Karin Harrasser. Combina biograf\u00eda, ensayo e investigaci\u00f3n hist\u00f3rica para abordar la emigraci\u00f3n de nazis a Bolivia, basada en figuras reales como Hans y Monika Ertl.<\/p>\n<p><strong>\u00abLa literatura nazi en Am\u00e9rica\u00bb <\/strong>(novela, 1996),\u00a0del chileno Roberto Bola\u00f1o. Un diccionario ficticio sobre supuestos autores nazis en Am\u00e9rica. Bola\u00f1o recurre a la s\u00e1tira para explorar la herencia ideol\u00f3gica del nacionalsocialismo.<\/p>\n<p><strong>\u00abLos ni\u00f1os del Brasil\u00bb<\/strong> (pel\u00edcula, 1978, Reino Unido\/EE.UU.), dirigida por Franklin Schaffner y basada en el libro de Ira Levin. Un <em>suspenso <\/em>con Gregory Peck y Laurence Olivier sobre un plan ficticio de Josef Mengele para crear una nueva generaci\u00f3n de \u00abHitlers\u00bb en Sudam\u00e9rica.<\/p>\n<p><strong>\u00abOperaci\u00f3n Final\u00bb<\/strong> (pel\u00edcula, 2018, EE.UU.\/Argentina). Dirigida por Chris Weitz, narra la captura del criminal de guerra Adolf Eichmann en Argentina por parte del Mossad. Con Oscar Isaac y Ben Kingsley.<\/p>\n<p><strong>\u00abLa desaparici\u00f3n de Josef Mengele\u00bb<\/strong> (pel\u00edcula, 2025, Francia\/Alemania\/Reino Unido\/Espa\u00f1a). Drama hist\u00f3rico dirigido por el cineasta ruso Kirill Serebrennikov. Adaptaci\u00f3n de la novela-testimonio hom\u00f3nima del franc\u00e9s\u00a0Oliver Guez.\u00a0El m\u00e9dico de Auschwitz se oculta en Sudam\u00e9rica tras la guerra. Entre huidas, mentiras y encuentros familiares, Serebrennikov retrata la ca\u00edda de un criminal que quiso desaparecer de la historia.<\/p>\n<h2>Una semiexcepci\u00f3n entre tanta ficci\u00f3n<\/h2>\n<p><strong>\u00abHotel Terminus: la vida y el tiempo de Klaus Barbie\u00bb<\/strong> (documental, 1988, EE.UU.). Con gui\u00f3n y direcci\u00f3n del cineasta\u00a0franco-alem\u00e1n Marcel Oph\u00fcls y\u00a0elementos narrativos sobre el \u00abcarnicero de Lyon\u00bb, que huy\u00f3 a Bolivia y vivi\u00f3 all\u00ed sin ser molestado. Gan\u00f3 un \u00d3scar y es una obra impactante.<\/p>\n<p>(RML)<\/p>\n<\/div>\n\n","protected":false},"excerpt":{"rendered":"<p>Hace 86 a\u00f1os, el 1 de septiembre de 1939, con el ataque de tropas alemanas a Polonia, comenz\u00f3 la Segunda Guerra Mundial, la cat\u00e1strofe definitiva del siglo XX. Cerca de 60 millones de personas perdieron la vida durante los seis a\u00f1os que dur\u00f3 la guerra. Tras la capitulaci\u00f3n incondicional de la Wehrmacht en mayo de &hellip;<\/p>\n","protected":false},"author":1,"featured_media":42591,"comment_status":"open","ping_status":"open","sticky":false,"template":"","format":"standard","meta":{"fifu_image_url":"https:\/\/static.dw.com\/image\/72625640_6.jpg","fifu_image_alt":"","footnotes":""},"categories":[13],"tags":[],"class_list":["post-42590","post","type-post","status-publish","format-standard","has-post-thumbnail","","category-mundo"],"_links":{"self":[{"href":"https:\/\/noticiasveraces.com\/index.php?rest_route=\/wp\/v2\/posts\/42590","targetHints":{"allow":["GET"]}}],"collection":[{"href":"https:\/\/noticiasveraces.com\/index.php?rest_route=\/wp\/v2\/posts"}],"about":[{"href":"https:\/\/noticiasveraces.com\/index.php?rest_route=\/wp\/v2\/types\/post"}],"author":[{"embeddable":true,"href":"https:\/\/noticiasveraces.com\/index.php?rest_route=\/wp\/v2\/users\/1"}],"replies":[{"embeddable":true,"href":"https:\/\/noticiasveraces.com\/index.php?rest_route=%2Fwp%2Fv2%2Fcomments&post=42590"}],"version-history":[{"count":0,"href":"https:\/\/noticiasveraces.com\/index.php?rest_route=\/wp\/v2\/posts\/42590\/revisions"}],"wp:featuredmedia":[{"embeddable":true,"href":"https:\/\/noticiasveraces.com\/index.php?rest_route=\/wp\/v2\/media\/42591"}],"wp:attachment":[{"href":"https:\/\/noticiasveraces.com\/index.php?rest_route=%2Fwp%2Fv2%2Fmedia&parent=42590"}],"wp:term":[{"taxonomy":"category","embeddable":true,"href":"https:\/\/noticiasveraces.com\/index.php?rest_route=%2Fwp%2Fv2%2Fcategories&post=42590"},{"taxonomy":"post_tag","embeddable":true,"href":"https:\/\/noticiasveraces.com\/index.php?rest_route=%2Fwp%2Fv2%2Ftags&post=42590"}],"curies":[{"name":"wp","href":"https:\/\/api.w.org\/{rel}","templated":true}]}}