{"id":42584,"date":"2025-08-30T11:40:16","date_gmt":"2025-08-30T15:40:16","guid":{"rendered":"https:\/\/noticiasveraces.com\/?p=42584"},"modified":"2025-08-30T11:40:16","modified_gmt":"2025-08-30T15:40:16","slug":"acusan-a-neonazi-de-usar-ley-trans-para-ir-a-carcel-femenina-dw-28-08-2025","status":"publish","type":"post","link":"https:\/\/noticiasveraces.com\/?p=42584","title":{"rendered":"Acusan a neonazi de usar ley trans para ir a c\u00e1rcel femenina \u2013 DW \u2013 28\/08\/2025"},"content":{"rendered":"<p> \n<\/p>\n<div data-tracking-name=\"rich-text\" data-tracking-skip=\"true\">\n<p>\u00abTransfascismo\u00bb y \u00abpar\u00e1sitos de la sociedad\u00bb: este tipo de expresiones fueron utilizadas durante d\u00e9cadas por Sven Liebich, quien ahora se identifica como Marla-Svenja Liebich, figura l\u00edder del grupo neonazi \u00abBlood and Honor\u00bb (Sangre y Honor).<\/p>\n<p>En 2023, Liebich recibi\u00f3 una condena por incitaci\u00f3n al odio racial y difamaci\u00f3n, entre otros delitos. El a\u00f1o pasado, tras agotar todas las v\u00edas legales para evitar la c\u00e1rcel, recibi\u00f3 una condena de 18 meses de prisi\u00f3n. Y entonces, solo unas semanas despu\u00e9s de que se introdujera una nueva ley nacional sobre identidad de g\u00e9nero en noviembre de 2024, Liebich se registr\u00f3 legalmente como mujer.<\/p>\n<p>La semana pasada, un juez del estado oriental de Sajonia orden\u00f3 a Liebich comenzar a cumplir la condena. Aunque los fiscales se negaron a confirmar a DW la fecha prevista de llegada, se\u00f1alaron que hay exactamente dos semanas para presentarse o se arriesga a cumplir m\u00e1s tiempo de prisi\u00f3n. Pero el lugar ya est\u00e1 decidido: la prisi\u00f3n de mujeres JVA en la ciudad de Chemnitz.<\/p>\n<p>Tanto los activistas progresistas como el nuevo Gobierno conservador de Alemania sospechan que Liebich ha aprovechado una nueva ley para conseguir mejores condiciones carcelarias al ser recluido en una prisi\u00f3n de mujeres.<\/p>\n<p>El ministro del Interior, Alexander Dobrindt, de la Uni\u00f3n Social Cristiana (CSU), ya ha decidido reevaluar la nueva Ley de Autodeterminaci\u00f3n. En declaraciones a la revista <em>Popa<\/em>afirm\u00f3 que el caso Liebich podr\u00eda sentar un mal precedente y facilitar el abuso por parte de extremistas que buscan burlarse del Gobierno.<\/p>\n<p>Por su parte, G\u00fcnter Krings, portavoz de Justicia del partido cristianodem\u00f3crata (CDU) del canciller Friedrich Merz en el Parlamento, considera que cambiar el g\u00e9nero legal es demasiado f\u00e1cil en Alemania.<\/p>\n<figure class=\"placeholder-image master_landscape big\"><img data-format=\"MASTER_LANDSCAPE\" data-id=\"73697522\" data-url=\"https:\/\/static.dw.com\/image\/73697522_${formatId}.jpg\" data-aspect-ratio=\"16\/9\" alt=\"La figura extremista ahora registrada como Marla-Svenja Liebich durante una manifestaci\u00f3n en la plaza del mercado de Halle, Sajonia-Anhalt, en mayo de 2020.\" style=\"padding-bottom: 56.25%; height: 0; max-height: 0;\"\/><figcaption class=\"img-caption\">La figura extremista ahora registrada como Marla-Svenja Liebich durante una manifestaci\u00f3n en la plaza del mercado de Halle, Sajonia-Anhalt, en mayo de 2020.<small class=\"copyright\">Imagen: DTS News Agency\/Imelo<\/small><\/figcaption><\/figure>\n<h2>Un cambio \u00abmuy esperado\u00bb<\/h2>\n<p>La Ley de Autodeterminaci\u00f3n permite a personas adultas cambiar su g\u00e9nero legal mediante una declaraci\u00f3n en la oficina del registro civil local. Sustituy\u00f3 a la obsoleta \u00abLey de Transexuales\u00bb (TSG) de 1980, que las personas trans hab\u00edan denunciado durante mucho tiempo por exigir lo que consideraban sesiones de asesoramiento y ex\u00e1menes m\u00e9dicos humillantes e infantilizantes.<\/p>\n<p><span data-slot-id=\"Article_InContent-1\" class=\"rich-text-ad\"\/><\/p>\n<p>La ley formaba parte de una iniciativa progresista del anterior Gobierno alem\u00e1n, una coalici\u00f3n entre los socialdem\u00f3cratas de centroizquierda (SPD), los Verdes y los liberales (FDP). En su momento, fue aclamada como un hito tanto por la comunidad trans como por sus aliados.<\/p>\n<p>\u00abEra algo muy esperado\u00bb, afirm\u00f3 Theresa Richarz, experta jur\u00eddica de la Federaci\u00f3n Alemana para la Diversidad Queer (LSVD), en una entrevista con DW.<\/p>\n<p>Desgraciadamente, seg\u00fan Richarz, \u00abel caso de Liebich se ha utilizado para alimentar el discurso de odio\u00bb que caracteriz\u00f3 el debate en torno al proyecto de ley en el Bundestag. \u00abLa Ley de Autodeterminaci\u00f3n tiene por objeto reforzar los derechos humanos de las personas trans y no binarias y proteger sus derechos fundamentales\u00bb.<\/p>\n<p>\u00abEn cambio, este caso concreto ridiculiza la autodeterminaci\u00f3n de g\u00e9nero o la declara un peligro. Esto pone en peligro la democracia\u00bb.<\/p>\n<figure class=\"placeholder-image master_landscape big\"><img data-format=\"MASTER_LANDSCAPE\" data-id=\"73777675\" data-url=\"https:\/\/static.dw.com\/image\/73777675_${formatId}.jpg\" data-aspect-ratio=\"16\/9\" alt=\"Liebich espera fuera de una sala del Tribunal Regional durante un proceso de apelaci\u00f3n por lesiones corporales graves, el 11 de julio de 2025.\" style=\"padding-bottom: 56.25%; height: 0; max-height: 0;\"\/><figcaption class=\"img-caption\">Liebich espera fuera de una sala del Tribunal Regional durante un proceso de apelaci\u00f3n por lesiones corporales graves, el 11 de julio de 2025.<small class=\"copyright\">Imagen: Sebastian Willnow\/DPA\/Picture Alliance<\/small><\/figcaption><\/figure>\n<h2>Petici\u00f3n conservadora\u00a0para modificar la ley:\u00a0\u00abpopulista\u00a0y espantosa\u00bb<\/h2>\n<p>Para Richarz y otros activistas, el bloque de centroderecha CDU\/CSU est\u00e1 aprovechando un caso individual para intentar revertir libertades que tanto ha costado conseguir.<\/p>\n<p>El portavoz de pol\u00edtica <em>queer <\/em>del Partido Verde alem\u00e1n, Nyke Slawik, declar\u00f3 al semanario <em>El espejo<\/em> que \u00abquerer restringir los derechos fundamentales de las personas trans, intersexuales y no binarias en general porque una persona pueda haber abusado de la Ley de Autodeterminaci\u00f3n ser\u00eda tanto populista como espantoso\u00bb.<\/p>\n<p>Entonces, \u00bfqu\u00e9 hay de la cuesti\u00f3n de que Liebich pueda suponer un peligro para quienes comparten la prisi\u00f3n, teniendo en cuenta el historial bien documentado de declaraciones de odio?<\/p>\n<p>La autoridad penitenciaria (JVA) de Chemnitz declar\u00f3 a DW que, durante el ingreso, cada nueva persona reclusa se re\u00fane con un m\u00e9dico y un consejero que pueden recomendar un traslado a otra prisi\u00f3n o que no se le aloje entre la poblaci\u00f3n general. Salvo que se produzca tal derivaci\u00f3n, Liebich permanecer\u00e1 en la prisi\u00f3n de mujeres, afirmaron.<\/p>\n<p>Para Richarz, la vulnerabilidad de las personas trans en prisi\u00f3n significa que la identidad de g\u00e9nero es primordial, incluso si alguien parece estar aprovech\u00e1ndose de las normas.<\/p>\n<p>\u00abNo existe un registro de g\u00e9nero que sea ventajoso\u00bb para las personas trans, afirm\u00f3 Richarz, se\u00f1alando la discriminaci\u00f3n generalizada en forma de misoginia, feminicidio y las desventajas a las que se enfrentan las parejas del mismo sexo.<\/p>\n<p>El caso individual de una figura neonazi conocida no deber\u00eda permitir que se restrinjan los derechos de una minor\u00eda que ya se encuentra en situaci\u00f3n de riesgo, insiste la activista. Seg\u00fan datos del Gobierno, los delitos de odio contra personas <em>queer <\/em>y de g\u00e9nero diverso se multiplicaron por casi diez entre 2010 y 2023.<\/p>\n<p>(pocos\/rml)<\/p>\n<\/div>\n\n","protected":false},"excerpt":{"rendered":"<p>\u00abTransfascismo\u00bb y \u00abpar\u00e1sitos de la sociedad\u00bb: este tipo de expresiones fueron utilizadas durante d\u00e9cadas por Sven Liebich, quien ahora se identifica como Marla-Svenja Liebich, figura l\u00edder del grupo neonazi \u00abBlood and Honor\u00bb (Sangre y Honor). En 2023, Liebich recibi\u00f3 una condena por incitaci\u00f3n al odio racial y difamaci\u00f3n, entre otros delitos. El a\u00f1o pasado, tras &hellip;<\/p>\n","protected":false},"author":1,"featured_media":42585,"comment_status":"open","ping_status":"open","sticky":false,"template":"","format":"standard","meta":{"fifu_image_url":"https:\/\/static.dw.com\/image\/73777599_6.jpg","fifu_image_alt":"","footnotes":""},"categories":[13],"tags":[],"class_list":["post-42584","post","type-post","status-publish","format-standard","has-post-thumbnail","","category-mundo"],"_links":{"self":[{"href":"https:\/\/noticiasveraces.com\/index.php?rest_route=\/wp\/v2\/posts\/42584","targetHints":{"allow":["GET"]}}],"collection":[{"href":"https:\/\/noticiasveraces.com\/index.php?rest_route=\/wp\/v2\/posts"}],"about":[{"href":"https:\/\/noticiasveraces.com\/index.php?rest_route=\/wp\/v2\/types\/post"}],"author":[{"embeddable":true,"href":"https:\/\/noticiasveraces.com\/index.php?rest_route=\/wp\/v2\/users\/1"}],"replies":[{"embeddable":true,"href":"https:\/\/noticiasveraces.com\/index.php?rest_route=%2Fwp%2Fv2%2Fcomments&post=42584"}],"version-history":[{"count":0,"href":"https:\/\/noticiasveraces.com\/index.php?rest_route=\/wp\/v2\/posts\/42584\/revisions"}],"wp:featuredmedia":[{"embeddable":true,"href":"https:\/\/noticiasveraces.com\/index.php?rest_route=\/wp\/v2\/media\/42585"}],"wp:attachment":[{"href":"https:\/\/noticiasveraces.com\/index.php?rest_route=%2Fwp%2Fv2%2Fmedia&parent=42584"}],"wp:term":[{"taxonomy":"category","embeddable":true,"href":"https:\/\/noticiasveraces.com\/index.php?rest_route=%2Fwp%2Fv2%2Fcategories&post=42584"},{"taxonomy":"post_tag","embeddable":true,"href":"https:\/\/noticiasveraces.com\/index.php?rest_route=%2Fwp%2Fv2%2Ftags&post=42584"}],"curies":[{"name":"wp","href":"https:\/\/api.w.org\/{rel}","templated":true}]}}