{"id":42581,"date":"2025-08-30T11:29:54","date_gmt":"2025-08-30T15:29:54","guid":{"rendered":"https:\/\/noticiasveraces.com\/?p=42581"},"modified":"2025-08-30T11:29:54","modified_gmt":"2025-08-30T15:29:54","slug":"el-hombre-declara-el-pais-en-el-bolsillo-de-tierra-no-reclamado-entre-serbia-y-croacia","status":"publish","type":"post","link":"https:\/\/noticiasveraces.com\/?p=42581","title":{"rendered":"El hombre declara el pa\u00eds en el bolsillo de tierra no reclamado entre Serbia y Croacia"},"content":{"rendered":"<p> \n<br \/><img decoding=\"async\" src=\"https:\/\/media-cldnry.s-nbcnews.com\/image\/upload\/t_fit_1500w\/rockcms\/2025-08\/250829-verdis-ch-1404-467056.jpg\" \/><\/p>\n<div>\n<p id=\"anchor-4086d3\" class=\"body-graf\">En una videollamada, Daniel Jackson, de 20 a\u00f1os, el autoproclamado presidente de la Rep\u00fablica Free de Verdis, parece la parte: est\u00e1 sentado en un escritorio con la bandera del pa\u00eds a su derecha y una pancarta que luce el nombre de su pa\u00eds detr\u00e1s de \u00e9l.<\/p>\n<p id=\"anchor-233c19\" class=\"body-graf\">En lugar de un palacio presidencial, est\u00e1 hablando desde una casa humilde en Dover, una ciudad portuaria en el sur de Inglaterra. Y la Rep\u00fablica Libre de Verdis, el pa\u00eds que dice haber fundado en 2019, no es m\u00e1s que una peque\u00f1a franja de bosque deshabitado en la frontera entre Croacia y Serbia, a m\u00e1s de 1,000 millas de distancia.<\/p>\n<p id=\"anchor-ce71c9\" class=\"body-graf\">Y, sin embargo, debido a una disputa fronteriza hist\u00f3rica, Jackson, que naci\u00f3 en Australia, afirma ser el leg\u00edtimo propietario y gobernante de la tierra.<\/p>\n<p id=\"anchor-6d2cdd\" class=\"body-graf\">Conocida como \u00abPocket 3\u00bb, la franja del bosque aproximadamente del tama\u00f1o del Vaticano se encontraba entre varios pa\u00edses no reclamados por ambos pa\u00edses despu\u00e9s de que la Guerra de Independencia croata terminara en 1995.<\/p>\n<p id=\"anchor-466a10\" class=\"body-graf\">Jackson ahora imagina un pa\u00eds que podr\u00eda ser un atractivo para los trabajadores humanitarios de ayuda.<\/p>\n<p id=\"anchor-7c9ff9\" class=\"body-graf\">\u00abVerdis fue una idea cuando ten\u00eda unos 14 a\u00f1os, pero regres\u00f3, y en realidad, en realidad creamos el estado despu\u00e9s de haber cumplido 18 a\u00f1os\u00bb, dijo. \u00abLa raz\u00f3n es que fue solo una idea que inicialmente se le ocurri\u00f3 a muchas personas que s\u00e9 que hicieron el trabajo humanitario en Ucrania. Y quer\u00edamos hacer algo que fuera un poco m\u00e1s grande que, ya sabes, solo hacer ayuda a un pa\u00eds\u00bb.<\/p>\n<p id=\"anchor-769175\" class=\"body-graf\">Agreg\u00f3: \u00abQueremos ser un estado neutral. Queremos ser un centro para las ONG. Tenemos un fondo humanitario masivo\u00bb.<\/p>\n<p id=\"anchor-493f6b\" class=\"body-graf\">Esos altos objetivos pueden verse atenuados por la realidad de los pa\u00edses vecinos que no reconocen la existencia de Verdis y pueden ser hostiles a sus posibles ciudadanos.<\/p>\n<p id=\"anchor-716269\" class=\"body-graf\">\u00abEn octubre de 2023 es cuando comenzamos un acuerdo, y unos d\u00edas despu\u00e9s, las autoridades croatas destruyeron r\u00e1pidamente ese acuerdo\u00bb, dijo Jackson, se\u00f1alando que le dieron una prohibici\u00f3n permanente de Croacia y los otros colonos fueron prohibidos durante tres meses.<\/p>\n<p id=\"anchor-ce9d31\" class=\"body-graf\">Agreg\u00f3: \u00abHe estado en Verdis muchas veces antes de que las autoridades croatas invadieran Verdis. Hicimos mucho trabajo catastral, muchas topograf\u00eda. Plantamos una bandera por primera vez a principios de ese a\u00f1o\u00bb.<\/p>\n<p id=\"anchor-9eefc5\" class=\"body-graf\">Jackson estaba al menos parcialmente inspirado por Liberland, otro bolsillo de tierra no reclamado entre Croacia y Serbia que en 2015 fue convertido en un microestado por el pol\u00edtico checo V\u00edt Jedli\u010dka.<\/p>\n<p id=\"anchor-79bd3d\" class=\"body-graf\">Es un estado simb\u00f3lico que ofrece ciudadan\u00eda virtual y una econom\u00eda basada en criptomonedas, pero no ha sido reconocido por ning\u00fan pa\u00eds oficial, y las autoridades croatas han bloqueado el acceso f\u00edsico a \u00e9l.<\/p>\n<p id=\"anchor-a1824a\" class=\"body-graf\">Jackson dice que si bien comparte algunos principios con Liberland, quiere que la Rep\u00fablica Libre de Verdis se convierta en un acuerdo real cuyos ciudadanos son impulsados \u200b\u200bpor nobles principios.<\/p>\n<p id=\"anchor-dfe46f\" class=\"body-graf\">\u00abTenemos la oportunidad de probar, por ejemplo, nuevos sistemas de gobierno\u00bb, dijo. \u00abPodemos permitir que los ciudadanos tengan un poco de nuevo comienzo. Por lo tanto, las personas que vienen de todo el mundo que quieren probar algo nuevo b\u00e1sicamente\u00bb.<\/p>\n<p id=\"anchor-24585a\" class=\"body-graf\">Por ahora, Verdis solo existe en un sitio web donde las personas pueden solicitar la ciudadan\u00eda. Seg\u00fan Jackson, 15,000 personas han solicitado hasta ahora, y 400 ya se han entregado sobre pasaportes e IDS. Leg\u00edtimos o no, se han utilizado documentos verdisios para cruzar las fronteras.<\/p>\n<p id=\"anchor-457cd8\" class=\"body-graf\">\u00abHay casos de cruces exitosos, pero no es algo que promoveremos a menos que ese pa\u00eds reconozca nuestros documentos oficialmente\u00bb, se r\u00ede Jackson.<\/p>\n<p id=\"anchor-e6dcad\" class=\"body-graf\">Jackson dice que ahora vive en \u00abexilio\u00bb en Dover, donde va a los socializados con amigos y juega videojuegos.<\/p>\n<p id=\"anchor-181482\" class=\"body-graf\">Junto con su ministro de asuntos internos y otros funcionarios, planea asistir a una protesta fuera de la embajada croata en Londres, seg\u00fan el sitio web oficial de la Rep\u00fablica de Verdis. Tambi\u00e9n celebraremos una reuni\u00f3n general en un caf\u00e9 o pub local despu\u00e9s de la protesta \u00ab, dice el sitio web.<\/p>\n<p id=\"anchor-8ed83d\" class=\"endmark body-graf\">\u00abSi bien soy el presidente de Verdis, todav\u00eda vivo como cualquier otro joven de 20 a\u00f1os\u00bb, dijo Jackson.<\/p>\n<\/div>\n\n","protected":false},"excerpt":{"rendered":"<p>En una videollamada, Daniel Jackson, de 20 a\u00f1os, el autoproclamado presidente de la Rep\u00fablica Free de Verdis, parece la parte: est\u00e1 sentado en un escritorio con la bandera del pa\u00eds a su derecha y una pancarta que luce el nombre de su pa\u00eds detr\u00e1s de \u00e9l. En lugar de un palacio presidencial, est\u00e1 hablando desde &hellip;<\/p>\n","protected":false},"author":1,"featured_media":42583,"comment_status":"open","ping_status":"open","sticky":false,"template":"","format":"standard","meta":{"fifu_image_url":"https:\/\/media-cldnry.s-nbcnews.com\/image\/upload\/t_nbcnews-fp-1200-630,f_auto,q_auto:best\/rockcms\/2025-08\/250829-verdis-ch-1404-467056.jpg","fifu_image_alt":"","footnotes":""},"categories":[4],"tags":[],"class_list":["post-42581","post","type-post","status-publish","format-standard","has-post-thumbnail","","category-historias-destacadas"],"_links":{"self":[{"href":"https:\/\/noticiasveraces.com\/index.php?rest_route=\/wp\/v2\/posts\/42581","targetHints":{"allow":["GET"]}}],"collection":[{"href":"https:\/\/noticiasveraces.com\/index.php?rest_route=\/wp\/v2\/posts"}],"about":[{"href":"https:\/\/noticiasveraces.com\/index.php?rest_route=\/wp\/v2\/types\/post"}],"author":[{"embeddable":true,"href":"https:\/\/noticiasveraces.com\/index.php?rest_route=\/wp\/v2\/users\/1"}],"replies":[{"embeddable":true,"href":"https:\/\/noticiasveraces.com\/index.php?rest_route=%2Fwp%2Fv2%2Fcomments&post=42581"}],"version-history":[{"count":0,"href":"https:\/\/noticiasveraces.com\/index.php?rest_route=\/wp\/v2\/posts\/42581\/revisions"}],"wp:featuredmedia":[{"embeddable":true,"href":"https:\/\/noticiasveraces.com\/index.php?rest_route=\/wp\/v2\/media\/42583"}],"wp:attachment":[{"href":"https:\/\/noticiasveraces.com\/index.php?rest_route=%2Fwp%2Fv2%2Fmedia&parent=42581"}],"wp:term":[{"taxonomy":"category","embeddable":true,"href":"https:\/\/noticiasveraces.com\/index.php?rest_route=%2Fwp%2Fv2%2Fcategories&post=42581"},{"taxonomy":"post_tag","embeddable":true,"href":"https:\/\/noticiasveraces.com\/index.php?rest_route=%2Fwp%2Fv2%2Ftags&post=42581"}],"curies":[{"name":"wp","href":"https:\/\/api.w.org\/{rel}","templated":true}]}}