{"id":42579,"date":"2025-08-30T10:39:14","date_gmt":"2025-08-30T14:39:14","guid":{"rendered":"https:\/\/noticiasveraces.com\/?p=42579"},"modified":"2025-08-30T10:39:14","modified_gmt":"2025-08-30T14:39:14","slug":"espana-respalda-a-abbas-tras-revocacion-de-visa-de-ee-uu-dw-30-08-2025","status":"publish","type":"post","link":"https:\/\/noticiasveraces.com\/?p=42579","title":{"rendered":"Espa\u00f1a respalda a Abbas tras revocaci\u00f3n de visa de EE.UU. \u2013 DW \u2013 30\/08\/2025"},"content":{"rendered":"<p> \n<\/p>\n<div data-tracking-name=\"rich-text\" data-tracking-skip=\"true\">\n<p>El presidente del Gobierno espa\u00f1ol, Pedro S\u00e1nchez, expres\u00f3 este s\u00e1bado (30.08.2025) \u00abel firme apoyo\u00bb de Espa\u00f1a al presidente palestino, Mahmud Abbas, tras la \u00abinjusta revocaci\u00f3n\u00bb de Estados Unidos de los visados de los diplom\u00e1ticos palestinos que ten\u00edan previsto acudir a la Asamblea General de Naciones Unidas en Nueva York a finales de septiembre.<\/p>\n<p>En un mensaje publicado en la red social X (Twitter), S\u00e1nchez se\u00f1al\u00f3 que habl\u00f3 con el presidente Abbas para expresarle \u00abel firme apoyo de Espa\u00f1a tras la injusta revocaci\u00f3n de los visados a los delegados palestinos\u00bb. \u00abPalestina tiene derecho a hacer o\u00edr su voz en Naciones Unidas y en todos los foros internacionales\u00bb, a\u00f1adi\u00f3 el dirigente espa\u00f1ol.<\/p>\n<p>\u00abLos ataques a civiles en Gaza son inhumanos y deber cesar inmediatamente. Hay que permitir el paso de la ayuda humanitaria para aliviar el sufrimiento de la poblaci\u00f3n\u00bb, afirm\u00f3 tambi\u00e9n S\u00e1nchez en su publicaci\u00f3n, en la que asimismo llam\u00f3 a \u00abaplicar la soluci\u00f3n de los dos estados\u201d, que a su juicio \u00abes el \u00fanico camino para la paz\u201d en Medio Oriente.<\/p>\n<h2>Cr\u00edtica de Francia e Irlanda<\/h2>\n<p>La Asamblea General de Naciones Unidas \u00abno puede ser sujeto de ninguna restricci\u00f3n de acceso\u201d, dijo el ministro de Exteriores de Francia, Jean-Noel Barrot, en respuesta a la decisi\u00f3n estadounidense. Su colega irland\u00e9s, Simon Harris, agreg\u00f3 que la Uni\u00f3n Europea deber\u00eda protestar por ello \u00aben los m\u00e1s fuertes t\u00e9rminos posibles\u201d ante las autoridades del gobierno de Donald Trump.<\/p>\n<p>La decisi\u00f3n de Estados Unidos se anunci\u00f3 el viernes. El presidente palestino ten\u00eda previsto no solo participar en la reuni\u00f3n en las oficinas de Naciones Unidas en Nueva York, sino tambi\u00e9n asistir a una cumbre donde Gran Breta\u00f1a, Francia, Australia y Canad\u00e1 oficializar\u00edan su reconocimiento al estado palestino.<\/p>\n<p>Por ello, la oficina de Abbas se\u00f1al\u00f3 su sorpresa por la decisi\u00f3n de Washington y recalc\u00f3 que violaba el Acuerdo de la Sede, que garantiza el acceso de los diplom\u00e1ticos a las oficinas de la ONU en Nueva York. Ya en 1988 Estados Unidos prohibi\u00f3 el ingreso de Yasser Arafat al pa\u00eds, lo que llev\u00f3 a Naciones Unidas a celebrar su asamblea ese a\u00f1o en Ginebra, donde el l\u00edder palestino pudo hablar ante los presentes.<\/p>\n<p>DZC (Efe, Reuters)<\/p>\n<\/div>\n\n","protected":false},"excerpt":{"rendered":"<p>El presidente del Gobierno espa\u00f1ol, Pedro S\u00e1nchez, expres\u00f3 este s\u00e1bado (30.08.2025) \u00abel firme apoyo\u00bb de Espa\u00f1a al presidente palestino, Mahmud Abbas, tras la \u00abinjusta revocaci\u00f3n\u00bb de Estados Unidos de los visados de los diplom\u00e1ticos palestinos que ten\u00edan previsto acudir a la Asamblea General de Naciones Unidas en Nueva York a finales de septiembre. En un &hellip;<\/p>\n","protected":false},"author":1,"featured_media":42580,"comment_status":"open","ping_status":"open","sticky":false,"template":"","format":"standard","meta":{"fifu_image_url":"https:\/\/static.dw.com\/image\/73819013_6.jpg","fifu_image_alt":"","footnotes":""},"categories":[13],"tags":[],"class_list":["post-42579","post","type-post","status-publish","format-standard","has-post-thumbnail","","category-mundo"],"_links":{"self":[{"href":"https:\/\/noticiasveraces.com\/index.php?rest_route=\/wp\/v2\/posts\/42579","targetHints":{"allow":["GET"]}}],"collection":[{"href":"https:\/\/noticiasveraces.com\/index.php?rest_route=\/wp\/v2\/posts"}],"about":[{"href":"https:\/\/noticiasveraces.com\/index.php?rest_route=\/wp\/v2\/types\/post"}],"author":[{"embeddable":true,"href":"https:\/\/noticiasveraces.com\/index.php?rest_route=\/wp\/v2\/users\/1"}],"replies":[{"embeddable":true,"href":"https:\/\/noticiasveraces.com\/index.php?rest_route=%2Fwp%2Fv2%2Fcomments&post=42579"}],"version-history":[{"count":0,"href":"https:\/\/noticiasveraces.com\/index.php?rest_route=\/wp\/v2\/posts\/42579\/revisions"}],"wp:featuredmedia":[{"embeddable":true,"href":"https:\/\/noticiasveraces.com\/index.php?rest_route=\/wp\/v2\/media\/42580"}],"wp:attachment":[{"href":"https:\/\/noticiasveraces.com\/index.php?rest_route=%2Fwp%2Fv2%2Fmedia&parent=42579"}],"wp:term":[{"taxonomy":"category","embeddable":true,"href":"https:\/\/noticiasveraces.com\/index.php?rest_route=%2Fwp%2Fv2%2Fcategories&post=42579"},{"taxonomy":"post_tag","embeddable":true,"href":"https:\/\/noticiasveraces.com\/index.php?rest_route=%2Fwp%2Fv2%2Ftags&post=42579"}],"curies":[{"name":"wp","href":"https:\/\/api.w.org\/{rel}","templated":true}]}}