{"id":42568,"date":"2025-08-30T08:37:05","date_gmt":"2025-08-30T12:37:05","guid":{"rendered":"https:\/\/noticiasveraces.com\/?p=42568"},"modified":"2025-08-30T08:37:05","modified_gmt":"2025-08-30T12:37:05","slug":"el-desempleo-supera-los-tres-millones-de-personas-dw-29-08-2025","status":"publish","type":"post","link":"https:\/\/noticiasveraces.com\/?p=42568","title":{"rendered":"el desempleo supera los tres millones de personas \u2013 DW \u2013 29\/08\/2025"},"content":{"rendered":"<p> \n<\/p>\n<div data-tracking-name=\"rich-text\" data-tracking-skip=\"true\">\n<p>Las vacaciones de verano y la debilidad econ\u00f3mica han hecho que el desempleo en Alemania alcance su nivel m\u00e1s alto en muchos a\u00f1os.<\/p>\n<p>En agosto de 2025, el n\u00famero de desempleados aument\u00f3 en 46 000 personas con respecto al mes anterior, hasta alcanzar los 3,025 millones. Seg\u00fan informa la Agencia Federal de Empleo de N\u00faremberg, esto supone 153 000 personas m\u00e1s que en agosto de 2024. <\/p>\n<p>Las vacaciones de verano no explican por s\u00ed solas esta evoluci\u00f3n. \u00abEl mercado laboral sigue estando marcado por la recesi\u00f3n econ\u00f3mica de los \u00faltimos a\u00f1os\u00bb, coment\u00f3 al respecto la presidenta del consejo de administraci\u00f3n de la Agencia, Andrea Nahles. \u00abAunque tambi\u00e9n es cierto que ya hay los primeros indicios de estabilizaci\u00f3n\u00bb.<\/p>\n<h2>Cifra no alcanzada desde 2015<\/h2>\n<p>En verano, suelen aumentar las cifras de desempleo porque las empresas contratan menos antes de las vacaciones y finalizan los contratos de formaci\u00f3n. Aun as\u00ed, las cifras de agosto no eran tan altas desde hace a\u00f1os. La \u00faltima vez que el\u00a0n\u00famero de desempleados super\u00f3 la barrera de los tres millones fue en febrero de 2015.<\/p>\n<p>La tasa de desempleo m\u00e1s alta se encuentra en las ciudades-estado de Bremen (11,8 por ciento) y Berl\u00edn (10,5 por ciento), mientras que la m\u00e1s baja est\u00e1 en los estados federados del sur, Baviera (4,2 por ciento) y Baden-Wurtemberg (4,7 por ciento).<\/p>\n<p>MS (DPA\/Reuters\/AFP)<\/p>\n<\/p>\n<\/div>\n\n","protected":false},"excerpt":{"rendered":"<p>Las vacaciones de verano y la debilidad econ\u00f3mica han hecho que el desempleo en Alemania alcance su nivel m\u00e1s alto en muchos a\u00f1os. En agosto de 2025, el n\u00famero de desempleados aument\u00f3 en 46 000 personas con respecto al mes anterior, hasta alcanzar los 3,025 millones. Seg\u00fan informa la Agencia Federal de Empleo de N\u00faremberg, &hellip;<\/p>\n","protected":false},"author":1,"featured_media":42569,"comment_status":"open","ping_status":"open","sticky":false,"template":"","format":"standard","meta":{"fifu_image_url":"https:\/\/static.dw.com\/image\/71758540_6.jpg","fifu_image_alt":"","footnotes":""},"categories":[13],"tags":[],"class_list":["post-42568","post","type-post","status-publish","format-standard","has-post-thumbnail","","category-mundo"],"_links":{"self":[{"href":"https:\/\/noticiasveraces.com\/index.php?rest_route=\/wp\/v2\/posts\/42568","targetHints":{"allow":["GET"]}}],"collection":[{"href":"https:\/\/noticiasveraces.com\/index.php?rest_route=\/wp\/v2\/posts"}],"about":[{"href":"https:\/\/noticiasveraces.com\/index.php?rest_route=\/wp\/v2\/types\/post"}],"author":[{"embeddable":true,"href":"https:\/\/noticiasveraces.com\/index.php?rest_route=\/wp\/v2\/users\/1"}],"replies":[{"embeddable":true,"href":"https:\/\/noticiasveraces.com\/index.php?rest_route=%2Fwp%2Fv2%2Fcomments&post=42568"}],"version-history":[{"count":0,"href":"https:\/\/noticiasveraces.com\/index.php?rest_route=\/wp\/v2\/posts\/42568\/revisions"}],"wp:featuredmedia":[{"embeddable":true,"href":"https:\/\/noticiasveraces.com\/index.php?rest_route=\/wp\/v2\/media\/42569"}],"wp:attachment":[{"href":"https:\/\/noticiasveraces.com\/index.php?rest_route=%2Fwp%2Fv2%2Fmedia&parent=42568"}],"wp:term":[{"taxonomy":"category","embeddable":true,"href":"https:\/\/noticiasveraces.com\/index.php?rest_route=%2Fwp%2Fv2%2Fcategories&post=42568"},{"taxonomy":"post_tag","embeddable":true,"href":"https:\/\/noticiasveraces.com\/index.php?rest_route=%2Fwp%2Fv2%2Ftags&post=42568"}],"curies":[{"name":"wp","href":"https:\/\/api.w.org\/{rel}","templated":true}]}}