{"id":42553,"date":"2025-08-30T06:03:05","date_gmt":"2025-08-30T10:03:05","guid":{"rendered":"https:\/\/noticiasveraces.com\/?p=42553"},"modified":"2025-08-30T06:03:05","modified_gmt":"2025-08-30T10:03:05","slug":"velez-letal-por-convocatoria-de-seleccion-el-club-de-amigos","status":"publish","type":"post","link":"https:\/\/noticiasveraces.com\/?p=42553","title":{"rendered":"V\u00e9lez, letal por convocatoria de Selecci\u00f3n: \u2018El club de amigos\u2019"},"content":{"rendered":"<p> \n<br \/><img decoding=\"async\" src=\"https:\/\/www.futbolred.com\/files\/article_graphic\/files\/crop\/uploads\/2024\/03\/27\/6604c93c0eebf.r_1318943.0-0-1920-960.jpeg\" \/><\/p>\n<header>\n<h3>Curiosidades de f\u00fatbol<br \/>\n            <\/h3>\n<h1>V\u00e9lez, letal por convocatoria de Selecci\u00f3n: \u2018El club de amigos\u2019<br \/>\n        <\/h1>\n<address>\n            <a>Andres Julian Abril Gomez<br \/>\n        <\/address>\n<p>        29 de agosto de 2025, 06:04 p. metro.<\/p>\n<\/header>\n<p>El reconocido analista critic\u00f3 que llamara a los mismos y habl\u00f3 de Dayro Moreno.<\/p>\n<p>La <b>Selecci\u00f3n Colombia<\/b> ya tiene convocatoria oficial para lo que ser\u00e1n los duelos ante Bolivia y Venezuela, v\u00e1lidos por la \u00faltima doble fecha de las <b>Eliminatorias Sudamericanas <\/b>al Mundial 2026.  <\/p>\n<p>N\u00e9stor Lorenzo demor\u00f3 el listado para este viernes ya que esperaba a un par de jugadores que estaban lesionados y que pod\u00edan llegar justos, pero al final no aparecieron en la convocatoria.  <\/p>\n<p>Ante esto, llam\u00f3 a la gran parte de los futbolistas que vienen estando en el proceso de la tricolor y apost\u00f3 por Dayro Moreno que vuelve a la tricolor despu\u00e9s de nueve a\u00f1os.<\/p>\n<p>Pues bien, las reacciones ante la convocatoria no se hicieron esperar y una de ellas fue la de <b>Carlos Antonio V\u00e9lez<\/b> que critic\u00f3 la lista por que llamaron a los mismos y destac\u00f3 el llamado de Dayro.  <\/p>\n<p>\u201cEl club de amigos\u201d completo&#8230; muchos sin ritmo. Otros q llegan por decreto y un \u201cmeritorio \u201csin discusi\u00f3n: Dayro Moreno. (pero es para ponerlo, no para ir de turismo)\u201d, dijo el analista sobre la lista.  <\/p>\n<p>Finalmente, se\u00f1al\u00f3 que Colombia est\u00e1 obligado a ganarle a Bolivia ya que la Verde no ha ganado en suelo colombiano: \u201cBolivia siempre perdi\u00f3 en Colombia y nunca marc\u00f3 un gol desde el 98\u2026 total, el plato est\u00e1 servido!!!\u201d<\/p>\n\n","protected":false},"excerpt":{"rendered":"<p>Curiosidades de f\u00fatbol V\u00e9lez, letal por convocatoria de Selecci\u00f3n: \u2018El club de amigos\u2019 Andres Julian Abril Gomez 29 de agosto de 2025, 06:04 p. metro. El reconocido analista critic\u00f3 que llamara a los mismos y habl\u00f3 de Dayro Moreno. La Selecci\u00f3n Colombia ya tiene convocatoria oficial para lo que ser\u00e1n los duelos ante Bolivia y &hellip;<\/p>\n","protected":false},"author":1,"featured_media":42555,"comment_status":"open","ping_status":"open","sticky":false,"template":"","format":"standard","meta":{"fifu_image_url":"https:\/\/www.futbolred.com\/files\/og_thumbnail\/uploads\/2024\/03\/27\/6604c93c0eebf.jpeg","fifu_image_alt":"","footnotes":""},"categories":[6],"tags":[],"class_list":["post-42553","post","type-post","status-publish","format-standard","has-post-thumbnail","","category-deportes"],"_links":{"self":[{"href":"https:\/\/noticiasveraces.com\/index.php?rest_route=\/wp\/v2\/posts\/42553","targetHints":{"allow":["GET"]}}],"collection":[{"href":"https:\/\/noticiasveraces.com\/index.php?rest_route=\/wp\/v2\/posts"}],"about":[{"href":"https:\/\/noticiasveraces.com\/index.php?rest_route=\/wp\/v2\/types\/post"}],"author":[{"embeddable":true,"href":"https:\/\/noticiasveraces.com\/index.php?rest_route=\/wp\/v2\/users\/1"}],"replies":[{"embeddable":true,"href":"https:\/\/noticiasveraces.com\/index.php?rest_route=%2Fwp%2Fv2%2Fcomments&post=42553"}],"version-history":[{"count":0,"href":"https:\/\/noticiasveraces.com\/index.php?rest_route=\/wp\/v2\/posts\/42553\/revisions"}],"wp:featuredmedia":[{"embeddable":true,"href":"https:\/\/noticiasveraces.com\/index.php?rest_route=\/wp\/v2\/media\/42555"}],"wp:attachment":[{"href":"https:\/\/noticiasveraces.com\/index.php?rest_route=%2Fwp%2Fv2%2Fmedia&parent=42553"}],"wp:term":[{"taxonomy":"category","embeddable":true,"href":"https:\/\/noticiasveraces.com\/index.php?rest_route=%2Fwp%2Fv2%2Fcategories&post=42553"},{"taxonomy":"post_tag","embeddable":true,"href":"https:\/\/noticiasveraces.com\/index.php?rest_route=%2Fwp%2Fv2%2Ftags&post=42553"}],"curies":[{"name":"wp","href":"https:\/\/api.w.org\/{rel}","templated":true}]}}