{"id":42545,"date":"2025-08-30T05:32:37","date_gmt":"2025-08-30T09:32:37","guid":{"rendered":"https:\/\/noticiasveraces.com\/?p=42545"},"modified":"2025-08-30T05:32:37","modified_gmt":"2025-08-30T09:32:37","slug":"kallas-lamenta-division-en-la-ue-por-sanciones-a-israel-dw-30-08-2025","status":"publish","type":"post","link":"https:\/\/noticiasveraces.com\/?p=42545","title":{"rendered":"Kallas lamenta divisi\u00f3n en la UE por sanciones a Israel \u2013 DW \u2013 30\/08\/2025"},"content":{"rendered":"<p> \n<\/p>\n<div data-tracking-name=\"rich-text\" data-tracking-skip=\"true\">\n<p>La alta representante de Asuntos Exteriores de la Uni\u00f3n Europea (UE), Kaja Kallas, lament\u00f3 este s\u00e1bado (30.08.2025) que los Veintisiete no tengan \u00abuna voz unificada\u201d para imponer sanciones a Israel por su ofensiva en Gaza y Cisjordania, y se mostr\u00f3 \u00abpoco optimista\u201d sobre la posibilidad de que las negociaciones para ser m\u00e1s dr\u00e1sticos con ese pa\u00eds vayan a prosperar.<\/p>\n<p>\u00abEsto env\u00eda una se\u00f1al de que estamos divididos sobre esta cuesti\u00f3n y, cuando estamos divididos, no tenemos una voz unificada y, si no tenemos una voz unificada, no tenemos voz en la escena mundial. As\u00ed que eso es sin duda muy problem\u00e1tico\u201d, dijo Kallas a su llegada a la reuni\u00f3n informal de ministros de Exteriores europeos en Copenhague, durante la cual se debatir\u00e1 la situaci\u00f3n en Medio Oriente, entre otros temas.<\/p>\n<p>El pasado mes de julio, la Comisi\u00f3n Europea propuso limitar la participaci\u00f3n de Israel en el programa cient\u00edfico comunitario Horizonte, que apoya potencialmente el desarrollo de tecnolog\u00edas de doble uso civil y militar. Sin embargo, no se consigui\u00f3 la mayor\u00eda necesaria, de 15 pa\u00edses, que hubiese permitido seguir adelante con la iniciativa.<\/p>\n<p><span data-slot-id=\"Article_InContent-1\" class=\"rich-text-ad\"\/><\/p>\n<h2>\u00abLa gente est\u00e1 frustrada\u00bb<\/h2>\n<p>Por todo lo anterior, Kallas expres\u00f3 que no espera que vaya a haber avances en esa direcci\u00f3n. \u00abNo soy muy optimista porque, incluso con la opci\u00f3n que proponemos, que es bastante indulgente en lo que respecta a su participaci\u00f3n en el programa Horizonte, tampoco contamos con una mayor\u00eda cualificada\u201d, dijo, a\u00f1adiendo que \u00abhoy definitivamente no vamos a adoptar ninguna decisi\u00f3n\u201d, aunque se debatir\u00e1 la posibilidad de suspender el financiamiento a las start-ups israel\u00edes.<\/p>\n<p>La jefa de la diplomacia europea se\u00f1al\u00f3 que las noticias que llegan de Gaza \u00abno son alentadoras\u201d y la situaci\u00f3n no ha mejorado.<\/p>\n<p>El ministro dan\u00e9s de Exteriores, Lars L\u00f8kke Rasmussen, por su parte, insisti\u00f3 en que era el momento de \u00abpasar de las palabras a los hechos\u00bb y dijo que Dinamarca estaba \u00abpreparada\u00bb para suspender el cap\u00edtulo comercial del acuerdo de asociaci\u00f3n entre la UE e Israel, as\u00ed como imponer sanciones a algunos de los ministros del Gobierno de Benjamin Netanyahu. Sin embargo, a\u00f1adi\u00f3, \u00abno creo que revele ning\u00fan secreto al decir que existen matices entre los 27 pa\u00edses de Europa\u00bb.<\/p>\n<p>\u00abEstoy frustrado, la gente est\u00e1 frustrada. Se puede o\u00edr a la gente de fondo\u00bb, dijo en referencia a un grupo de manifestantes a las puertas del recinto, y se\u00f1al\u00f3 que \u00absi no podemos, por ejemplo, prohibir la exportaci\u00f3n desde los asentamientos, porque para eso necesitamos consenso, podr\u00edamos imponer aranceles a esos productos por mayor\u00eda cualificada\u00bb.<\/p>\n<p>DZC (EFE, AFP)<\/p>\n<\/div>\n\n","protected":false},"excerpt":{"rendered":"<p>La alta representante de Asuntos Exteriores de la Uni\u00f3n Europea (UE), Kaja Kallas, lament\u00f3 este s\u00e1bado (30.08.2025) que los Veintisiete no tengan \u00abuna voz unificada\u201d para imponer sanciones a Israel por su ofensiva en Gaza y Cisjordania, y se mostr\u00f3 \u00abpoco optimista\u201d sobre la posibilidad de que las negociaciones para ser m\u00e1s dr\u00e1sticos con ese &hellip;<\/p>\n","protected":false},"author":1,"featured_media":42546,"comment_status":"open","ping_status":"open","sticky":false,"template":"","format":"standard","meta":{"fifu_image_url":"https:\/\/static.dw.com\/image\/73818656_6.jpg","fifu_image_alt":"","footnotes":""},"categories":[13],"tags":[],"class_list":["post-42545","post","type-post","status-publish","format-standard","has-post-thumbnail","","category-mundo"],"_links":{"self":[{"href":"https:\/\/noticiasveraces.com\/index.php?rest_route=\/wp\/v2\/posts\/42545","targetHints":{"allow":["GET"]}}],"collection":[{"href":"https:\/\/noticiasveraces.com\/index.php?rest_route=\/wp\/v2\/posts"}],"about":[{"href":"https:\/\/noticiasveraces.com\/index.php?rest_route=\/wp\/v2\/types\/post"}],"author":[{"embeddable":true,"href":"https:\/\/noticiasveraces.com\/index.php?rest_route=\/wp\/v2\/users\/1"}],"replies":[{"embeddable":true,"href":"https:\/\/noticiasveraces.com\/index.php?rest_route=%2Fwp%2Fv2%2Fcomments&post=42545"}],"version-history":[{"count":0,"href":"https:\/\/noticiasveraces.com\/index.php?rest_route=\/wp\/v2\/posts\/42545\/revisions"}],"wp:featuredmedia":[{"embeddable":true,"href":"https:\/\/noticiasveraces.com\/index.php?rest_route=\/wp\/v2\/media\/42546"}],"wp:attachment":[{"href":"https:\/\/noticiasveraces.com\/index.php?rest_route=%2Fwp%2Fv2%2Fmedia&parent=42545"}],"wp:term":[{"taxonomy":"category","embeddable":true,"href":"https:\/\/noticiasveraces.com\/index.php?rest_route=%2Fwp%2Fv2%2Fcategories&post=42545"},{"taxonomy":"post_tag","embeddable":true,"href":"https:\/\/noticiasveraces.com\/index.php?rest_route=%2Fwp%2Fv2%2Ftags&post=42545"}],"curies":[{"name":"wp","href":"https:\/\/api.w.org\/{rel}","templated":true}]}}